{"id":57572,"date":"2025-09-12T08:25:22","date_gmt":"2025-09-12T06:25:22","guid":{"rendered":"https:\/\/edublog.educastur.es\/ixuxu\/?p=57572"},"modified":"2025-09-12T11:27:24","modified_gmt":"2025-09-12T09:27:24","slug":"el-tiempu-el-comercio-135","status":"publish","type":"post","link":"https:\/\/edublog.educastur.es\/ixuxu\/2025\/09\/el-tiempu-el-comercio-135\/","title":{"rendered":"El tiempu (El Comercio)"},"content":{"rendered":"<p style=\"text-align: center\"><a href=\"https:\/\/s3.ppllstatics.com\/elcomercio\/www\/multimedia\/2025\/09\/11\/tiempo-asturias-12-septiembre-kOlB-U2302588077118HVD-1200x870@El%20Comercio.jpg\"><img loading=\"lazy\" decoding=\"async\" class=\"aligncenter size-large\" src=\"https:\/\/s3.ppllstatics.com\/elcomercio\/www\/multimedia\/2025\/09\/11\/tiempo-asturias-12-septiembre-kOlB-U2302588077118HVD-1200x870@El%20Comercio.jpg\" width=\"1200\" height=\"870\" \/><\/a><\/p>\n<p>Esperamos <strong>empezar el d\u00eda<\/strong> con cielos nublos pero con encl\u00edn a abrise claros mientres les hores centrales del d\u00eda. Pero, a lo <strong>llargo de la tarde<\/strong>, la nubosid\u00e1 va dir claramente n&#8217;aumentu hasta quedar los cielos cubiertos, anque podr\u00eden llibrase d&#8217;estes nubes el terciu m\u00e1s occidental. La probabilid\u00e1 de precipitaciones va ser baxa mientres el d\u00eda pero cuanto m\u00e1s movamos escontra l&#8217;oriente la posibilid\u00e1 d&#8217;orbayos va ser daqu\u00e9 m\u00e1s alta. <strong>Los vientos<\/strong> van predominar de componente oeste fluexos, pudiendo afitase de noroeste col intre del d\u00eda. <strong>Les temperatures m\u00e1ximes<\/strong> van caltenese nel sector occidental, van baxar llixeramente nel central y de forma daqu\u00e9 m\u00e1s significativa nel oriente.<strong> Les m\u00ednimes<\/strong>, pela so parte, van baxar nam\u00e1 nel oeste asturianu ente que se van caltener nel restu.<\/p>\n<p><!--more--><\/p>\n<p>Para&#8217;l s<strong>\u00e1badu y el domingu<\/strong> prevese xunas condiciones meteorol\u00f3xiques marcaes pol sol y, am\u00e1s, nel casu concretu del domingu, pol ascensu de les temperatures cuidao que se van superar los 25 \u00baC en munches poblaciones asturianes, y nun se refuga que puedan averase a los 30 \u00baC nes zones m\u00e1s templaes del interior.<\/p>\n","protected":false},"excerpt":{"rendered":"<p>Esperamos empezar el d\u00eda con cielos nublos pero con encl\u00edn a abrise claros mientres les hores centrales del d\u00eda. Pero, a lo llargo de la tarde, la nubosid\u00e1 va dir claramente n&#8217;aumentu hasta quedar los cielos cubiertos, anque podr\u00eden llibrase d&#8217;estes nubes el terciu m\u00e1s occidental. La probabilid\u00e1 de precipitaciones va ser baxa mientres el [&hellip;]<\/p>\n","protected":false},"author":117,"featured_media":0,"comment_status":"closed","ping_status":"open","sticky":false,"template":"","format":"standard","meta":{"footnotes":""},"categories":[5],"tags":[],"class_list":["post-57572","post","type-post","status-publish","format-standard","hentry","category-tiempu"],"_links":{"self":[{"href":"https:\/\/edublog.educastur.es\/ixuxu\/wp-json\/wp\/v2\/posts\/57572","targetHints":{"allow":["GET"]}}],"collection":[{"href":"https:\/\/edublog.educastur.es\/ixuxu\/wp-json\/wp\/v2\/posts"}],"about":[{"href":"https:\/\/edublog.educastur.es\/ixuxu\/wp-json\/wp\/v2\/types\/post"}],"author":[{"embeddable":true,"href":"https:\/\/edublog.educastur.es\/ixuxu\/wp-json\/wp\/v2\/users\/117"}],"replies":[{"embeddable":true,"href":"https:\/\/edublog.educastur.es\/ixuxu\/wp-json\/wp\/v2\/comments?post=57572"}],"version-history":[{"count":1,"href":"https:\/\/edublog.educastur.es\/ixuxu\/wp-json\/wp\/v2\/posts\/57572\/revisions"}],"predecessor-version":[{"id":57573,"href":"https:\/\/edublog.educastur.es\/ixuxu\/wp-json\/wp\/v2\/posts\/57572\/revisions\/57573"}],"wp:attachment":[{"href":"https:\/\/edublog.educastur.es\/ixuxu\/wp-json\/wp\/v2\/media?parent=57572"}],"wp:term":[{"taxonomy":"category","embeddable":true,"href":"https:\/\/edublog.educastur.es\/ixuxu\/wp-json\/wp\/v2\/categories?post=57572"},{"taxonomy":"post_tag","embeddable":true,"href":"https:\/\/edublog.educastur.es\/ixuxu\/wp-json\/wp\/v2\/tags?post=57572"}],"curies":[{"name":"wp","href":"https:\/\/api.w.org\/{rel}","templated":true}]}}