{"id":57574,"date":"2025-09-12T11:29:18","date_gmt":"2025-09-12T09:29:18","guid":{"rendered":"https:\/\/edublog.educastur.es\/ixuxu\/?p=57574"},"modified":"2025-09-12T22:06:09","modified_gmt":"2025-09-12T20:06:09","slug":"defenden-la-inclusion-de-la-cultura-sidrera-nel-curriculu-escolar-nasturies","status":"publish","type":"post","link":"https:\/\/edublog.educastur.es\/ixuxu\/2025\/09\/defenden-la-inclusion-de-la-cultura-sidrera-nel-curriculu-escolar-nasturies\/","title":{"rendered":"Defenden la inclusi\u00f3n de la cultura sidrera nel curr\u00edculu escolar n&#8217;Asturies"},"content":{"rendered":"<div class=\"html-div xdj266r x14z9mp xat24cr x1lziwak xexx8yu xyri2b x18d9i69 x1c1uobl\">\n<div class=\"html-div xdj266r x14z9mp x1lziwak x18d9i69 x1cy8zhl x78zum5 x1q0g3np xod5an3 xz9dl7a x1g0dm76 xpdmqnj\">\n<div class=\"html-div xdj266r x14z9mp xat24cr x1lziwak xexx8yu xyri2b x18d9i69 x1c1uobl x1iyjqo2 xeuugli\">\n<div class=\"x78zum5 xdt5ytf xz62fqu x16ldp7u\">\n<div class=\"xu06os2 x1ok221b\">\n<div class=\"html-div xdj266r x14z9mp xat24cr x1lziwak xexx8yu xyri2b x18d9i69 x1c1uobl\" data-ad-rendering-role=\"profile_name\">\n<p>Sal\u00fa y Educaci\u00f3n defenden la inclusi\u00f3n de la cultura sidrera nel curr\u00edculu escolar n&#8217;Asturies. L&#8217;Asociaci\u00f3n de Pediatr\u00eda cree que ye una manera indirecta de fomentar el so consumu. <a href=\"https:\/\/www.rtpa.es\/noticias-asturias\/2025-09-11\/Salud-y-Educacion-defienden-la-inclusion-de-la-cultura-sidrera-en-el-curriculo-escolar-en-Asturias_111757592473.html\">RTPA<\/a><\/p>\n<\/div>\n<\/div>\n<\/div>\n<\/div>\n<\/div>\n<\/div>\n<div class=\"html-div xdj266r x14z9mp xat24cr x1lziwak xexx8yu xyri2b x18d9i69 x1c1uobl\">\n<div class=\"html-div xdj266r x14z9mp xat24cr x1lziwak xexx8yu xyri2b x18d9i69 x1c1uobl\" dir=\"auto\">\n<div class=\"html-div xdj266r x14z9mp xat24cr x1lziwak xexx8yu xyri2b x18d9i69 x1c1uobl\" data-ad-rendering-role=\"story_message\">\n<div id=\"_r_2ln_\" class=\"x1l90r2v x1iorvi4 x1g0dm76 xpdmqnj\" data-ad-comet-preview=\"message\" data-ad-preview=\"message\">\n<div class=\"x78zum5 xdt5ytf xz62fqu x16ldp7u\">\n<div class=\"xu06os2 x1ok221b\">\n<div class=\"html-div xdj266r x14z9mp xat24cr x1lziwak xexx8yu xyri2b x18d9i69 x1c1uobl\">\n<div class=\"xdj266r x14z9mp xat24cr x1lziwak x1vvkbs x126k92a\">\n<div dir=\"auto\" style=\"text-align: center\"><a href=\"https:\/\/www.rtpa.es\/fotos\/\/25\/09\/20250911140106_RTPA7090504.webp\"><img loading=\"lazy\" decoding=\"async\" class=\"aligncenter size-large\" src=\"https:\/\/www.rtpa.es\/fotos\/\/25\/09\/20250911140106_RTPA7090504.webp\" width=\"853\" height=\"480\" \/><\/a><\/div>\n<\/div>\n<div dir=\"auto\">\n<p>L&#8217;Asociaci\u00f3n de Pediatr\u00eda cree que ye una manera indirecta de fomentar el so consumu. Les conseyeres de Sal\u00fa y Educaci\u00f3n defenden la inclusi\u00f3n de la cultura sidrera nel curr\u00edculu escolar, y\u00e1 que aseguren ye un acercamientu a la cultura asturiana.<\/p>\n<p><!--more--><\/p>\n<p>La responsable de Sal\u00fa aprofia que van siguir trabayando na prevenci\u00f3n del consumu d&#8217;alcohol. Pero se\u00f1ala que la cultura sidrera va m\u00e1s all\u00e1, y que lo que se busca ye dar a conocer, por casu, c\u00f3mo se realiza la estracci\u00f3n de la sidra. Opini\u00f3n que comparte la titular d&#8217;Educaci\u00f3n. L&#8217;Asociaci\u00f3n de Pediatr\u00eda cree qu&#8217;incluyir la cultura sidrera nel curr\u00edculu de Primaria ye una manera indirecta de fomentar el so consumu.<\/p>\n<p>&nbsp;<\/p>\n<\/div>\n<\/div>\n<\/div>\n<\/div>\n<\/div>\n<\/div>\n<\/div>\n<\/div>\n<p>&nbsp;<\/p>\n","protected":false},"excerpt":{"rendered":"<p>Sal\u00fa y Educaci\u00f3n defenden la inclusi\u00f3n de la cultura sidrera nel curr\u00edculu escolar n&#8217;Asturies. L&#8217;Asociaci\u00f3n de Pediatr\u00eda cree que ye una manera indirecta de fomentar el so consumu. RTPA L&#8217;Asociaci\u00f3n de Pediatr\u00eda cree que ye una manera indirecta de fomentar el so consumu. Les conseyeres de Sal\u00fa y Educaci\u00f3n defenden la inclusi\u00f3n de la cultura [&hellip;]<\/p>\n","protected":false},"author":117,"featured_media":0,"comment_status":"closed","ping_status":"open","sticky":false,"template":"","format":"standard","meta":{"footnotes":""},"categories":[156],"tags":[],"class_list":["post-57574","post","type-post","status-publish","format-standard","hentry","category-sidre"],"_links":{"self":[{"href":"https:\/\/edublog.educastur.es\/ixuxu\/wp-json\/wp\/v2\/posts\/57574","targetHints":{"allow":["GET"]}}],"collection":[{"href":"https:\/\/edublog.educastur.es\/ixuxu\/wp-json\/wp\/v2\/posts"}],"about":[{"href":"https:\/\/edublog.educastur.es\/ixuxu\/wp-json\/wp\/v2\/types\/post"}],"author":[{"embeddable":true,"href":"https:\/\/edublog.educastur.es\/ixuxu\/wp-json\/wp\/v2\/users\/117"}],"replies":[{"embeddable":true,"href":"https:\/\/edublog.educastur.es\/ixuxu\/wp-json\/wp\/v2\/comments?post=57574"}],"version-history":[{"count":4,"href":"https:\/\/edublog.educastur.es\/ixuxu\/wp-json\/wp\/v2\/posts\/57574\/revisions"}],"predecessor-version":[{"id":57621,"href":"https:\/\/edublog.educastur.es\/ixuxu\/wp-json\/wp\/v2\/posts\/57574\/revisions\/57621"}],"wp:attachment":[{"href":"https:\/\/edublog.educastur.es\/ixuxu\/wp-json\/wp\/v2\/media?parent=57574"}],"wp:term":[{"taxonomy":"category","embeddable":true,"href":"https:\/\/edublog.educastur.es\/ixuxu\/wp-json\/wp\/v2\/categories?post=57574"},{"taxonomy":"post_tag","embeddable":true,"href":"https:\/\/edublog.educastur.es\/ixuxu\/wp-json\/wp\/v2\/tags?post=57574"}],"curies":[{"name":"wp","href":"https:\/\/api.w.org\/{rel}","templated":true}]}}