{"id":57578,"date":"2025-09-12T11:32:53","date_gmt":"2025-09-12T09:32:53","guid":{"rendered":"https:\/\/edublog.educastur.es\/ixuxu\/?p=57578"},"modified":"2025-09-12T11:32:53","modified_gmt":"2025-09-12T09:32:53","slug":"pier-dola-y-tyto-alba-apuesten-por-inxertar-los-comics-como-sofitu-pedagoxicu-nes-aules","status":"publish","type":"post","link":"https:\/\/edublog.educastur.es\/ixuxu\/2025\/09\/pier-dola-y-tyto-alba-apuesten-por-inxertar-los-comics-como-sofitu-pedagoxicu-nes-aules\/","title":{"rendered":"Pier Dola y Tyto Alba apuesten por inxertar los comics como sofitu pedag\u00f3xicu nes aules"},"content":{"rendered":"<ul>\n<li class=\"font-size-xxl margin-b-5 font-weight-b color-b-050 letter-spacing--1 fuente-corporativa\"><a href=\"https:\/\/www.rtpa.es\/noticias-sociedad-ast\/2025-09-11\/Pier-Dola-y-Tyto-Alba-apuesten-por-inxertar-los-comics-como-sofitu-pedagoxicu-nes-aules_111757613464.html\">Pier Dola y Tyto Alba apuesten por inxertar los comics como sofitu pedag\u00f3xicu nes aules. TPA<\/a><\/li>\n<\/ul>\n<p style=\"text-align: center\"><a href=\"https:\/\/www.rtpa.es\/fotos\/\/25\/09\/20250911191752_RTPA7091609.webp\"><img loading=\"lazy\" decoding=\"async\" class=\"aligncenter size-large\" src=\"https:\/\/www.rtpa.es\/fotos\/\/25\/09\/20250911191752_RTPA7091609.webp\" width=\"853\" height=\"480\" \/><\/a><\/p>\n<ul>\n<li class=\"font-size-m padding-b-20 font-weight-b margin-t-16\">Los autores participen nes Xornaes del C\u00f3mic d&#8217;Avil\u00e9s<\/li>\n<\/ul>\n<p><em>Inxertar los comics como sofitu pedag\u00f3xicu nes aules o averase a obres visualmente potentes pa entamase na lliteratura de la historieta, son los conseyos que dan Pier Dola y Tyto Alba, dos autores que participen estos d\u00edes nes Xornaes del C\u00f3mic d\u2019Avil\u00e9s. Ellos busquen animar al que nun seya consumidor d\u2019esti tipu de lliteratura a que s\u2019avere a ella.<\/em><\/p>\n<p><!--more--><\/p>\n<p>Les Xornaes del C\u00f3mic d\u2019Avil\u00e9s son el puntu d\u2019alcuentru de los forofos de les historietes. Pero non tol mundu s\u2019avera por igual a la so llectura. Entrug\u00e1mos-y a Pier Dola, autor chilenu, qu\u00e9 obra recomienda a dalgui\u00e9n que s\u2019inxerte per primer vegada na lliteratura del c\u00f3mic.<\/p>\n<p>Barre pa casa porque esta ye la segunda obra qu\u2019acaba d\u2019asoleyar. Pa Tyto Alba, que fizo c\u00f3mic de biograf\u00edes de Picasso o Fellini, ve factible, por exemplu, que los comics entren nes aules como sofitu pedag\u00f3xicu.<\/p>\n<div class=\"col-lg-8 col-md-12 col-xs-12\" role=\"main\" aria-label=\"Bloque del titular, texto imagen o v\u00eddeo de la noticia\">\n<div id=\"noticiacompleta\" class=\"parragraph-padding font-c-conent\">\n<p>Y lo qu\u2019estos dos autores de personalid\u00e1 distinta recomienden siempres ye lleer y si hai vi\u00f1etes pel mediu, meyor.<\/p>\n<\/div>\n<\/div>\n<div class=\"col-lg-4 col-md-12 col-xs-12 padding-t-20 padding-b-20\">\n<div class=\"utiles bg-contenido-destacado border-radius-8\" role=\"group\" aria-label=\"Informaci\u00f3n de subt\u00edtulos y bloque para compartir la noticia en redes sociales\">\n<div class=\"display-b padding-t-10 padding-b-10 border-b-1 border-solid border-c-clear-blue padding-l-10 padding-r-10\">\n<div class=\"display-t width-0100\"><\/div>\n<\/div>\n<\/div>\n<\/div>\n","protected":false},"excerpt":{"rendered":"<p>Pier Dola y Tyto Alba apuesten por inxertar los comics como sofitu pedag\u00f3xicu nes aules. TPA Los autores participen nes Xornaes del C\u00f3mic d&#8217;Avil\u00e9s Inxertar los comics como sofitu pedag\u00f3xicu nes aules o averase a obres visualmente potentes pa entamase na lliteratura de la historieta, son los conseyos que dan Pier Dola y Tyto Alba, [&hellip;]<\/p>\n","protected":false},"author":117,"featured_media":0,"comment_status":"closed","ping_status":"open","sticky":false,"template":"","format":"standard","meta":{"footnotes":""},"categories":[57],"tags":[],"class_list":["post-57578","post","type-post","status-publish","format-standard","hentry","category-comic"],"_links":{"self":[{"href":"https:\/\/edublog.educastur.es\/ixuxu\/wp-json\/wp\/v2\/posts\/57578","targetHints":{"allow":["GET"]}}],"collection":[{"href":"https:\/\/edublog.educastur.es\/ixuxu\/wp-json\/wp\/v2\/posts"}],"about":[{"href":"https:\/\/edublog.educastur.es\/ixuxu\/wp-json\/wp\/v2\/types\/post"}],"author":[{"embeddable":true,"href":"https:\/\/edublog.educastur.es\/ixuxu\/wp-json\/wp\/v2\/users\/117"}],"replies":[{"embeddable":true,"href":"https:\/\/edublog.educastur.es\/ixuxu\/wp-json\/wp\/v2\/comments?post=57578"}],"version-history":[{"count":1,"href":"https:\/\/edublog.educastur.es\/ixuxu\/wp-json\/wp\/v2\/posts\/57578\/revisions"}],"predecessor-version":[{"id":57579,"href":"https:\/\/edublog.educastur.es\/ixuxu\/wp-json\/wp\/v2\/posts\/57578\/revisions\/57579"}],"wp:attachment":[{"href":"https:\/\/edublog.educastur.es\/ixuxu\/wp-json\/wp\/v2\/media?parent=57578"}],"wp:term":[{"taxonomy":"category","embeddable":true,"href":"https:\/\/edublog.educastur.es\/ixuxu\/wp-json\/wp\/v2\/categories?post=57578"},{"taxonomy":"post_tag","embeddable":true,"href":"https:\/\/edublog.educastur.es\/ixuxu\/wp-json\/wp\/v2\/tags?post=57578"}],"curies":[{"name":"wp","href":"https:\/\/api.w.org\/{rel}","templated":true}]}}