{"id":57584,"date":"2025-09-12T13:41:48","date_gmt":"2025-09-12T11:41:48","guid":{"rendered":"https:\/\/edublog.educastur.es\/ixuxu\/?p=57584"},"modified":"2025-09-12T13:41:48","modified_gmt":"2025-09-12T11:41:48","slug":"castropol-acueye-el-pueblu-festival-destinau-a-fortalecer-larguyu-de-pertenencia-rural","status":"publish","type":"post","link":"https:\/\/edublog.educastur.es\/ixuxu\/2025\/09\/castropol-acueye-el-pueblu-festival-destinau-a-fortalecer-larguyu-de-pertenencia-rural\/","title":{"rendered":"Castropol acueye &#8216;El Pueblu&#8217;, festival destin\u00e1u a fortalecer l&#8217;arguyu de pertenencia rural"},"content":{"rendered":"<p><a href=\"https:\/\/actualidad.asturias.es\/documents\/537115\/2799795\/Cartel+El+Pueblo.jpg\/4bd6898f-0b8b-b17f-f7cd-a0997f57c5e6?t=1757665578596\"><img loading=\"lazy\" decoding=\"async\" class=\"aligncenter \" src=\"https:\/\/actualidad.asturias.es\/documents\/537115\/2799795\/Cartel+El+Pueblo.jpg\/4bd6898f-0b8b-b17f-f7cd-a0997f57c5e6?t=1757665578596\" width=\"388\" height=\"342\" \/><\/a><\/p>\n<p><a href=\"https:\/\/actualidad.asturias.es\/-\/castropol-acoge-este-fin-de-semana-el-pueblo-el-primer-festival-destinado-a-fortalecer-el-orgullo-de-pertenencia-rural?redirect=%2Fnoticias\">Actualid\u00e1 Asturies<\/a> \/<\/p>\n<p>&nbsp;<\/p>\n<p>Castropol acueye esta fin de selmana<strong> &#8216;El Pueblu&#8217;, el primer festival destin\u00e1u a fortalecer l&#8217;arguyu de pertenencia rural.<\/strong> La cita naz con calter itinerante como <strong>un espaciu d&#8217;alcuentru, cultura, m\u00fasica y tradici\u00f3n. <\/strong>L&#8217;eventu ufierta un programa para tola familia con conciertos, actividaes tradicionales y merc\u00e1u de productos asturianos.<\/p>\n<p><!--more--><\/p>\n<p>Un eventu qu&#8217;a\u00fana m\u00fasica, cultura y tradici\u00f3n y col que <strong>pretende rindise homenaxe y dar protagonismu a les pequenes localidaes y a les sos xentes<\/strong>. El certame naz como un eventu itinerante que va percorrer los pueblos de la comunid\u00e1, para fortalecer l&#8217;arguyu de pertenencia rural y revitalizar les zones nes que se celebre, xenerando un impactu positivu na so imaxe y econom\u00eda.<\/p>\n<p>El Gobiernu del Princip\u00e1u d&#8217;Asturies, al travi\u00e9s de la Conseyer\u00eda de Presidencia, Retu Demogr\u00e1ficu, Iguald\u00e1 y Turismu, y de la Conseyer\u00eda de Mediu Rural y Pol\u00edtica Agraria, por mediu de la marca Alimentos del Para\u00edsu, collabora con esti eventu, que patrocina la Caxa Rural d&#8217;Asturies.<\/p>\n<p>Con una programaci\u00f3n pensada pa tola familia, el festival va arrincar el s\u00e1badu a les 10:30 hores con una sesi\u00f3n de yoga de la mano de Bety Ewan, pa siguir con pintacares infantiles y p&#8217;adultos, merc\u00e1u de productos tradicionales, esposici\u00f3n de fotograf\u00eda, globoflexia, sesi\u00f3n verm\u00fa y conciertos de los artistes Amor L\u00edquido, Ne\u00f1os Bravos, Sangrixueles del Guadiana, Alfredo Garc\u00eda y Sidonie.<\/p>\n<p>Tami\u00e9n va haber espaciu p&#8217;actividaes tradicionales como les emblem\u00e1tiques alfombres florales de Castropol, rutes empuestes, paseos a caballu y una azalea por embarcaciones del Club de Vela de Castropol.<\/p>\n<p>El certame pretende demostrar que los pueblos asturianos son llugares pa visitar, pero tami\u00e9n espacios ideales pa vivir, entamar y construyir comunid\u00e1.<\/p>\n<p><strong>Alimentos del Para\u00edsu Natural.\u00a0<\/strong>El Pueblu cunta con un merc\u00e1u que se va instalar nel parque Vicente Loriente, nel que la marca Alimentos del Para\u00edsu Natural va cuntar con un espaciu reserv\u00e1u pa productos identificaos con distintivos oficiales, y onde se van ufiertar degustaciones y va favorecese el contactu colos productos y el so orixe.<\/p>\n<p>Con esta collaboraci\u00f3n, la Conseyer\u00eda de Mediu Rural y Pol\u00edtica Agraria reafita&#8217;l so compromisu cola redolada rural, el consumu responsable y la promoci\u00f3n d&#8217;una alimentaci\u00f3n calidable, basada en productos calidable y orixe certific\u00e1u.<\/p>\n<p>El certame cunta tami\u00e9n cola collaboraci\u00f3n del Fondu d&#8217;Educaci\u00f3n y Promoci\u00f3n de Caxa Rural d&#8217;Asturies, qu&#8217;apost\u00f3 por un festival qu&#8217;a\u00fana lo meyor de los festivales y l&#8217;autenticid\u00e1 de les tradicionales fiestes de pueblu.<\/p>\n","protected":false},"excerpt":{"rendered":"<p>Actualid\u00e1 Asturies \/ &nbsp; Castropol acueye esta fin de selmana &#8216;El Pueblu&#8217;, el primer festival destin\u00e1u a fortalecer l&#8217;arguyu de pertenencia rural. La cita naz con calter itinerante como un espaciu d&#8217;alcuentru, cultura, m\u00fasica y tradici\u00f3n. L&#8217;eventu ufierta un programa para tola familia con conciertos, actividaes tradicionales y merc\u00e1u de productos asturianos.<\/p>\n","protected":false},"author":117,"featured_media":0,"comment_status":"closed","ping_status":"open","sticky":false,"template":"","format":"standard","meta":{"footnotes":""},"categories":[138,204,22],"tags":[],"class_list":["post-57584","post","type-post","status-publish","format-standard","hentry","category-alimentos","category-festivales","category-pueblos"],"_links":{"self":[{"href":"https:\/\/edublog.educastur.es\/ixuxu\/wp-json\/wp\/v2\/posts\/57584","targetHints":{"allow":["GET"]}}],"collection":[{"href":"https:\/\/edublog.educastur.es\/ixuxu\/wp-json\/wp\/v2\/posts"}],"about":[{"href":"https:\/\/edublog.educastur.es\/ixuxu\/wp-json\/wp\/v2\/types\/post"}],"author":[{"embeddable":true,"href":"https:\/\/edublog.educastur.es\/ixuxu\/wp-json\/wp\/v2\/users\/117"}],"replies":[{"embeddable":true,"href":"https:\/\/edublog.educastur.es\/ixuxu\/wp-json\/wp\/v2\/comments?post=57584"}],"version-history":[{"count":1,"href":"https:\/\/edublog.educastur.es\/ixuxu\/wp-json\/wp\/v2\/posts\/57584\/revisions"}],"predecessor-version":[{"id":57585,"href":"https:\/\/edublog.educastur.es\/ixuxu\/wp-json\/wp\/v2\/posts\/57584\/revisions\/57585"}],"wp:attachment":[{"href":"https:\/\/edublog.educastur.es\/ixuxu\/wp-json\/wp\/v2\/media?parent=57584"}],"wp:term":[{"taxonomy":"category","embeddable":true,"href":"https:\/\/edublog.educastur.es\/ixuxu\/wp-json\/wp\/v2\/categories?post=57584"},{"taxonomy":"post_tag","embeddable":true,"href":"https:\/\/edublog.educastur.es\/ixuxu\/wp-json\/wp\/v2\/tags?post=57584"}],"curies":[{"name":"wp","href":"https:\/\/api.w.org\/{rel}","templated":true}]}}