{"id":57587,"date":"2025-09-12T13:44:00","date_gmt":"2025-09-12T11:44:00","guid":{"rendered":"https:\/\/edublog.educastur.es\/ixuxu\/?p=57587"},"modified":"2025-09-13T18:07:46","modified_gmt":"2025-09-13T16:07:46","slug":"la-escritora-marta-mori-de-arriba-recibe-la-beca-de-la-v-residencia-asturies-de-lliteratura","status":"publish","type":"post","link":"https:\/\/edublog.educastur.es\/ixuxu\/2025\/09\/la-escritora-marta-mori-de-arriba-recibe-la-beca-de-la-v-residencia-asturies-de-lliteratura\/","title":{"rendered":"Marta Mori faise cola V Beca Asturies y tar\u00e1 n\u2019avientu na Residencia Literaria 1863 d\u2019A Coru\u00f1a"},"content":{"rendered":"<ul>\n<li><a href=\"https:\/\/actualidad.asturias.es\/-\/cultura-concede-la-beca-de-la-v-residencia-asturies-de-literatura-a-la-escritora-marta-mori-de-arriba?redirect=%2Fnoticias\">Actualid\u00e1 Asturies<\/a> \/ <a href=\"https:\/\/www.formientu.com\/noticies\/marta-mori-faise-cola-v-beca-asturies-y-tara-navientu-na-residencia-literaria-1863-da-coruna\/?fbclid=IwY2xjawMyVxtleHRuA2FlbQIxMQBicmlkETFMeW5ubzdmVTFKYUZ1ZUtWAR7_mHoul-3jAK6A7bwrodQfkTs6uB6XSZ3FAKxxaBJdRgmktQ13f3gJPHQ6zQ_aem_UyHAr59TR81U7CyC8pLlEg\">Formientu<\/a> \/<\/li>\n<\/ul>\n<p>&nbsp;<\/p>\n<p style=\"text-align: center\"><a href=\"https:\/\/actualidad.asturias.es\/documents\/537115\/2800428\/Foto+Marta+Mori+2.jpg\/e3d080eb-be9b-3be2-6e6f-cb38541027be?t=1757671813064\"><img loading=\"lazy\" decoding=\"async\" class=\"aligncenter \" src=\"https:\/\/actualidad.asturias.es\/documents\/537115\/2800428\/Foto+Marta+Mori+2.jpg\/e3d080eb-be9b-3be2-6e6f-cb38541027be?t=1757671813064\" width=\"455\" height=\"427\" \/><\/a><\/p>\n<div class=\"description\">\n<ul>\n<li class=\"Entradilla\"><strong>La beca,<\/strong> que promueve Cultura en collaboraci\u00f3n cola Residencia Literaria 1863,<strong> tien como finalid\u00e1\u2019l sofitu, promoci\u00f3n y est\u00edmulu de la creaci\u00f3n en llingua asturiana col mayor rigor y escelencia<\/strong><\/li>\n<li class=\"Entradilla\"><strong>Mori va desenvolver<\/strong> un proyectu que tien por t\u00edtulu provisional<strong><i>L\u2019amor sombra<\/i><\/strong> y nel que\u2019l versu s\u2019integra cola escritura diar\u00edstica y con otros tipos de discursu que se manden de la prosa.<\/li>\n<\/ul>\n<p class=\"Ttulo1\"><!--more--><\/p>\n<p>La V Residencia Asturies de lliteratura qu\u2019impulsa la Conseyer\u00eda de Cultura, Pol\u00edtica Lling\u00fc\u00edstica y Deporte y\u00e1 tien residente pa esta edici\u00f3n: Marta Mori de Arriba (Xix\u00f3n, 1965), que <strong>va contar con un mes d\u2019estancia n\u2019A Coru\u00f1a<\/strong> pa deselvolver el so proyectu lliterariu en llingua asturiana.<\/p>\n<p>El xur\u00e1u compuestu pol xestor cultural Dolfo Camilo D\u00edaz, la escritora Patricia Su\u00e1rez y el fil\u00f3logu Luis Casteleiro decidi\u00f3 por unanimid\u00e1 conceder nesti 2025 la beca a la escritora y estudiosa de la llingua y la lliteratura asturiana Marta Mori pol so proyectu <i>L\u2019amor sombra<\/i>.<\/p>\n<\/div>\n<div class=\"description\">\n<p>Nel so fallu, el xur\u00e1u destac\u00f3 \u201cl\u2019ambici\u00f3n intelectual y art\u00edstica grande d\u2019una propuesta que bancia ente lo autobiogr\u00e1fico y lo art\u00edstica, combinando x\u00e9neros variaos (ll\u00edrica, narrativa, ensayu y diariu) pa componer el rellatu retrospectivu y fragment\u00e1u d\u2019una historia d\u2019amor y duelu\u201d.<\/p>\n<p class=\"Subttulo11\"><strong>La V Residencia Asturies de literatura.\u00a0<\/strong>La beca Residencia Asturies de lliteratura asturiana en residencia tien como finalid\u00e1\u2019l sofitu, promoci\u00f3n y est\u00edmulu de la creaci\u00f3n en llingua asturiana col mayor rigor y escelencia. L\u2019ayuda da-yos a escritores en llingua asturiana espaciu, tiempu, contestu y condiciones \u00f3ptimes pa la escritura.<\/p>\n<p>A la convocatoria pue presentase cualquier escritor o escritora en llingua asturiana o n\u2019eonaviegu mayor de dieciocho a\u00f1os, con un llibru public\u00e1u a lo menos.<\/p>\n<p>La Conseyer\u00eda de Cultura, Pol\u00edtica Lling\u00fc\u00edstica y Deporte sofita cada a\u00f1u los gastos d\u2019estancia de la persona que reciba la beca na Residencia 1863, allugada nel sitiu onde naci\u00f3 la Real Academia Galega y a pocos metros d\u2019onde vivieron Emilia Pardo Baz\u00e1n, Rosal\u00eda de Castro o Pablo Ruiz Picasso, na ciud\u00e1 gallega d\u2019A Coru\u00f1a.<\/p>\n<p class=\"Subttulo1\"><strong>Marta Mori de Arriba y\u00a0<i>L\u2019amor sombra<\/i><\/strong><\/p>\n<p>El proyectu bec\u00e1u <strong>tien como puntu de partida un diariu, na llinia del conoc\u00edu\u00a0<i>Journal de deuil<\/i>, de Roland Barthes (1979)<\/strong>. Les entraes que se reproducen nel trabay, fragmentaries y non siempre n\u2019orde cronol\u00f3xicu, comb\u00ednense con fragmentos de la obra mentada de Barthes y con poemes que se rellacionen tem\u00e1ticamente con ellos, ampliando per aciu de la escritura po\u00e9tica y de la traducci\u00f3n la espresi\u00f3n del duelu.<\/p>\n<p>Marta Mori (Xix\u00f3n, 1965) ye llicenciada y doctora en Filolox\u00eda Hisp\u00e1nica pola Universid\u00e1 d\u2019Uvi\u00e9u, miembru de n\u00famberu de l\u2019Academia de la Llingua Asturiana y catedr\u00e1tica de Lengua Castellana y Literatura nel IES Xovellanos de Xix\u00f3n. Ye directora de la revista\u00a0<i>Lliteratura<\/i>\u00a0y foi ganadora de los premios \u00abTeodoro Cuesta\u00bb y \u00abXuan Mar\u00eda Acebal\u00bb de Poes\u00eda.<\/p>\n<p>El pesu del curr\u00edculum y el percorr\u00edu acad\u00e9micu de Marta Moria ye de gran inter\u00e9s y la so figura encarna l\u2019esp\u00edritu d\u2019oportunid\u00e1, finalid\u00e1 y la proyecci\u00f3n inherente a la condici\u00f3n que la beca V Residencia Asturies busca.<\/p>\n<\/div>\n<div class=\"contenido-article documentacion\">\n<ul>\n<li><a class=\"pdf\" title=\"Nota de prensa residencia lliteraria asturianu. Abre una nueva ventana\" href=\"https:\/\/actualidad.asturias.es\/documents\/533407\/0\/2025_09_12+NP+Residencia+Literaria+%28asturiano%29.pdf\/054b6c36-b5a1-9aa1-c750-55e0f46faf71?t=1757671544774\" target=\"_blank\" rel=\"noopener\">\u00a0Nota de prensa residencia lliteraria asturianu<\/a><\/li>\n<\/ul>\n<p style=\"text-align: center\"><a href=\"https:\/\/www.formientu.com\/wp-content\/uploads\/2025\/09\/IMG_9392-scaled.png\">https:\/\/www.formientu.com\/wp-content\/uploads\/2025\/09\/IMG_9392-scaled.png<\/a><\/p>\n<p>La V Residencia Asturies de lliteratura qu\u2019impulsa la Conseyer\u00eda de Cultura, Pol\u00edtica Lling\u00fc\u00edstica y Deporte y\u00e1 tien residente pa esta edici\u00f3n: Marta Mori d\u2019Arriba (Xix\u00f3n, 1965), que va contar con un mes d\u2019estancia n\u2019A Coru\u00f1a pa deselvolver el so proyectu lliterariu en llingua asturiana.<\/p>\n<p>El xur\u00e1u compuestu pol xestor cultural Dolfo Camilo D\u00edaz, la escritora Patricia Su\u00e1rez y el fil\u00f3logu Luis Casteleiro decidi\u00f3 por unanimid\u00e1 conceder nesti 2025 la beca a la escritora y estudiosa de la llingua y la lliteratura asturiana Marta Mori pol so proyectu\u00a0<i>L\u2019amor sombra<\/i>.<\/p>\n<p>Nel so fallu, el xur\u00e1u destac\u00f3 \u201cl\u2019ambici\u00f3n intelectual y art\u00edstica grande d\u2019una propuesta que bancia ente lo autobiogr\u00e1fico y lo art\u00edstica, combinando x\u00e9neros variaos (ll\u00edrica, narrativa, ensayu y diariu) pa componer el rellatu retrospectivu y fragment\u00e1u d\u2019una historia d\u2019amor y duelu\u201d.<\/p>\n<p class=\"Subttulo11\"><strong>La V Residencia Asturies de literatura<\/strong><\/p>\n<p class=\"Subttulo11\">La beca Residencia Asturies de lliteratura asturiana en residencia<strong> tien como finalid\u00e1\u2019l sofitu, promoci\u00f3n y est\u00edmulu de la creaci\u00f3n en llingua asturiana col mayor rigor y escelencia<\/strong>. L\u2019ayuda da-yos a escritores en llingua asturiana espaciu, tiempu, contestu y condiciones \u00f3ptimes pa la escritura.<\/p>\n<p>A la convocatoria pue presentase cualquier escritor o escritora en llingua asturiana o n\u2019eonaviegu mayor de dieciocho a\u00f1os, con un llibru espubliz\u00e1u a lo menos.<\/p>\n<p>La Conseyer\u00eda de Cultura, Pol\u00edtica Lling\u00fc\u00edstica y Deporte sofita cada a\u00f1u los gastos d\u2019estancia de la persona que reciba la beca na Residencia 1863, allugada nel sitiu onde naci\u00f3 la Real Academia Galega y a pocos metros d\u2019onde vivieron Emilia Pardo Baz\u00e1n, Rosal\u00eda de Castro o Pablo Ruiz Picasso, na ciud\u00e1 gallega d\u2019A Coru\u00f1a.<\/p>\n<p class=\"Subttulo1\"><strong>Marta Mori d\u2019Arriba y\u00a0<i>L\u2019amor sombra<\/i><\/strong><\/p>\n<p>El proyectu bec\u00e1u tien como puntu de partida un diariu, na llinia del conoc\u00edu\u00a0<i>Journal de deuil<\/i>, de Roland Barthes (1979). Les entraes que se reproducen nel trabayu, fragmentaries y non siempre n\u2019orde cronol\u00f3xicu, comb\u00ednense con fragmentos de la obra mentada de Barthes y con poemes que se rellacionen tem\u00e1ticamente con ellos, ampliando per aciu de la escritura po\u00e9tica y de la traducci\u00f3n la espresi\u00f3n del duelu.<\/p>\n<p>Marta Mori (Xix\u00f3n, 1965) ye llicenciada y doctora en Filolox\u00eda Hisp\u00e1nica pola Universid\u00e1 d\u2019Uvi\u00e9u, miembru de n\u00famberu de l\u2019Academia de la Llingua Asturiana y catedr\u00e1tica de Lengua Castellana y Literatura nel IES Xovellanos de Xix\u00f3n. Ye directora de la revista\u00a0<i>Lliteratura<\/i>\u00a0y foi ganadora de los premios \u00abTeodoro Cuesta\u00bb y \u00abXuan Mar\u00eda Acebal\u00bb de Poes\u00eda.<\/p>\n<p>El pesu del curr\u00edculum y el percorr\u00edu acad\u00e9micu de Marta Moria ye de gran inter\u00e9s y la so figura encarna l\u2019esp\u00edritu d\u2019oportunid\u00e1, finalid\u00e1 y la proyecci\u00f3n inherente a la condici\u00f3n que la beca V Residencia Asturies busca.<\/p>\n<\/div>\n","protected":false},"excerpt":{"rendered":"<p>Actualid\u00e1 Asturies \/ Formientu \/ &nbsp; La beca, que promueve Cultura en collaboraci\u00f3n cola Residencia Literaria 1863, tien como finalid\u00e1\u2019l sofitu, promoci\u00f3n y est\u00edmulu de la creaci\u00f3n en llingua asturiana col mayor rigor y escelencia Mori va desenvolver un proyectu que tien por t\u00edtulu provisionalL\u2019amor sombra y nel que\u2019l versu s\u2019integra cola escritura diar\u00edstica y [&hellip;]<\/p>\n","protected":false},"author":117,"featured_media":0,"comment_status":"closed","ping_status":"open","sticky":false,"template":"","format":"standard","meta":{"footnotes":""},"categories":[414],"tags":[],"class_list":["post-57587","post","type-post","status-publish","format-standard","hentry","category-residencia-lliteraria"],"_links":{"self":[{"href":"https:\/\/edublog.educastur.es\/ixuxu\/wp-json\/wp\/v2\/posts\/57587","targetHints":{"allow":["GET"]}}],"collection":[{"href":"https:\/\/edublog.educastur.es\/ixuxu\/wp-json\/wp\/v2\/posts"}],"about":[{"href":"https:\/\/edublog.educastur.es\/ixuxu\/wp-json\/wp\/v2\/types\/post"}],"author":[{"embeddable":true,"href":"https:\/\/edublog.educastur.es\/ixuxu\/wp-json\/wp\/v2\/users\/117"}],"replies":[{"embeddable":true,"href":"https:\/\/edublog.educastur.es\/ixuxu\/wp-json\/wp\/v2\/comments?post=57587"}],"version-history":[{"count":7,"href":"https:\/\/edublog.educastur.es\/ixuxu\/wp-json\/wp\/v2\/posts\/57587\/revisions"}],"predecessor-version":[{"id":57763,"href":"https:\/\/edublog.educastur.es\/ixuxu\/wp-json\/wp\/v2\/posts\/57587\/revisions\/57763"}],"wp:attachment":[{"href":"https:\/\/edublog.educastur.es\/ixuxu\/wp-json\/wp\/v2\/media?parent=57587"}],"wp:term":[{"taxonomy":"category","embeddable":true,"href":"https:\/\/edublog.educastur.es\/ixuxu\/wp-json\/wp\/v2\/categories?post=57587"},{"taxonomy":"post_tag","embeddable":true,"href":"https:\/\/edublog.educastur.es\/ixuxu\/wp-json\/wp\/v2\/tags?post=57587"}],"curies":[{"name":"wp","href":"https:\/\/api.w.org\/{rel}","templated":true}]}}