{"id":57589,"date":"2025-09-09T10:00:36","date_gmt":"2025-09-09T08:00:36","guid":{"rendered":"https:\/\/edublog.educastur.es\/ixuxu\/?p=57589"},"modified":"2025-09-12T13:48:40","modified_gmt":"2025-09-12T11:48:40","slug":"adrian-barbon-participo-esta-manana-na-inauguracion-oficial-del-cursu-escolar-en-nava","status":"publish","type":"post","link":"https:\/\/edublog.educastur.es\/ixuxu\/2025\/09\/adrian-barbon-participo-esta-manana-na-inauguracion-oficial-del-cursu-escolar-en-nava\/","title":{"rendered":"Adri\u00e1n Barb\u00f3n, particip\u00f3 esta ma\u00f1ana na inauguraci\u00f3n oficial del cursu escolar en Nava"},"content":{"rendered":"<p style=\"text-align: center\"><a href=\"https:\/\/actualidad.asturias.es\/documents\/537115\/2798365\/2025_09_11+Presidente+inicio+curso+escolar+6.jpg\/3e89c43e-5515-c3db-1a6c-31e87230a971?t=1757589020477\"><img loading=\"lazy\" decoding=\"async\" class=\"aligncenter size-large\" src=\"https:\/\/actualidad.asturias.es\/documents\/537115\/2798365\/2025_09_11+Presidente+inicio+curso+escolar+6.jpg\/3e89c43e-5515-c3db-1a6c-31e87230a971?t=1757589020477\" width=\"1920\" height=\"1280\" \/><\/a><\/p>\n<p>Barb\u00f3n: <em>\u201cEl presupuestu de 2026 va ser el de la educaci\u00f3n y el de la prevenci\u00f3n \u00e9nte emerxencies\u201d<\/em>. El xefe del Executivu sorraya que la inversi\u00f3n constante del Gobiernu d&#8217;Asturies llogr\u00f3 crear <em>\u201cunu de los meyores sistemes p\u00fablicos d&#8217;Espa\u00f1a\u201d<\/em>, que dexa al alumn\u00e1u estudiar de baldre dende la etapa de 0 a 3 a\u00f1os hasta rematar la Universid\u00e1. <a href=\"https:\/\/actualidad.asturias.es\/-\/barb%C3%B3n-el-presupuesto-de-2026-ser%C3%A1-el-de-la-educaci%C3%B3n-y-el-de-la-prevenci%C3%B3n-ante-emergencias-?redirect=%2Fnoticias\">Actualid\u00e1<\/a><\/p>\n<p><!--more--><br \/>\nEl presidente del Princip\u00e1u, que g\u00fcei particip\u00f3 en Nava na inauguraci\u00f3n oficial del cursu nes etapes preuniversitaries, asegura que se va xixilar el cumplimientu de tolos finxos del pactu Asturies Educa \u201cen tiempu y forma\u201d<\/p>\n<p>El presidente del Princip\u00e1u, Adri\u00e1n Barb\u00f3n, particip\u00f3 esta ma\u00f1ana na inauguraci\u00f3n oficial del cursu escolar en Nava, onde reivindic\u00f3 la inversi\u00f3n sostenida del Gobiernu d&#8217;Asturies pa crear \u201cunu de los meyores sistemes p\u00fablicos d&#8217;ense\u00f1anza d&#8217;Espa\u00f1a\u201d, que dexa al alumn\u00e1u estudiar de baldre dende los sos primeros meses hasta rematar la Universid\u00e1. Tami\u00e9n avanz\u00f3 que&#8217;l presupuestu auton\u00f3micu de 2026 va ser \u201cel de la educaci\u00f3n y el de la segurid\u00e1 y la prevenci\u00f3n \u00e9nte emerxencies\u201d.<\/p>\n<p>\u201cYe un arguyu dicir que&#8217;l Gobiernu d&#8217;Asturies invierte&#8217;l dineru nesto, n&#8217;apostar por una educaci\u00f3n p\u00fablica calidable\u201d, valor\u00f3.<\/p>\n<p>Barb\u00f3n refiri\u00f3se al <strong>Pactu Asturies Educa<\/strong>, suscritu en xunu colos sindicatos docentes, que va movilizar un gastu de 45 millones nos pr\u00f3ximos a\u00f1os pa reforzar la educaci\u00f3n p\u00fablica. Nesti sent\u00edu, comprometi\u00f3se a velar por que los finxos incluy\u00edos nel documentu puedan cumplise \u201cen tiempu y forma\u201d.<\/p>\n<p>Am\u00e1s, asegur\u00f3 qu&#8217;Asturies \u201cabre cam\u00edn\u201d pa otres comunidaes, con iniciatives como la creaci\u00f3n de la rede p\u00fablica, auton\u00f3mica y gratuita de Les Escuelines\/As Escol\u00edas o la decisi\u00f3n d&#8217;enllantar dende esti cursu la gratuid\u00e1 de la matr\u00edcula universitaria.<\/p>\n<p>Mientres la so visita a Nava, el xefe del Executivu visit\u00f3&#8217;l Colexu P\u00fablicu San Bartolom\u00e9, l&#8217;Institutu d&#8217;Educaci\u00f3n Secundaria Pe\u00f1amayor y el centru de primer ciclu d&#8217;Infantil, incluy\u00edu na rede de Les Escuelines. \u201cLa educaci\u00f3n ye l&#8217;ascensor social y la pilastra b\u00e1sica pa la construcci\u00f3n d&#8217;un mundu m\u00e1s xustu\u201d, sorray\u00f3.<\/p>\n<p style=\"text-align: center\"><a href=\"https:\/\/actualidad.asturias.es\/documents\/537115\/2797828\/2025_09_11+Presidente+inicio+curso+escolar+1.jpg\/ec0f514a-27e8-7d15-6f95-e043db5a532d?t=1757583777399\"><img loading=\"lazy\" decoding=\"async\" class=\"aligncenter size-large\" src=\"https:\/\/actualidad.asturias.es\/documents\/537115\/2797828\/2025_09_11+Presidente+inicio+curso+escolar+1.jpg\/ec0f514a-27e8-7d15-6f95-e043db5a532d?t=1757583777399\" width=\"1920\" height=\"1280\" \/><\/a><\/p>\n<p>Na imaxe, el presidente del Princip\u00e1u, Adri\u00e1n Barb\u00f3n, saluda a un grupu d&#8217;alumnos y alumnes del Institutu d&#8217;Educaci\u00f3n Secundaria *Pe\u00f1amayor, con motivu del entamu del cursu escolar.<\/p>\n","protected":false},"excerpt":{"rendered":"<p>Barb\u00f3n: \u201cEl presupuestu de 2026 va ser el de la educaci\u00f3n y el de la prevenci\u00f3n \u00e9nte emerxencies\u201d. El xefe del Executivu sorraya que la inversi\u00f3n constante del Gobiernu d&#8217;Asturies llogr\u00f3 crear \u201cunu de los meyores sistemes p\u00fablicos d&#8217;Espa\u00f1a\u201d, que dexa al alumn\u00e1u estudiar de baldre dende la etapa de 0 a 3 a\u00f1os hasta [&hellip;]<\/p>\n","protected":false},"author":117,"featured_media":0,"comment_status":"closed","ping_status":"open","sticky":false,"template":"","format":"standard","meta":{"footnotes":""},"categories":[132],"tags":[],"class_list":["post-57589","post","type-post","status-publish","format-standard","hentry","category-educastur"],"_links":{"self":[{"href":"https:\/\/edublog.educastur.es\/ixuxu\/wp-json\/wp\/v2\/posts\/57589","targetHints":{"allow":["GET"]}}],"collection":[{"href":"https:\/\/edublog.educastur.es\/ixuxu\/wp-json\/wp\/v2\/posts"}],"about":[{"href":"https:\/\/edublog.educastur.es\/ixuxu\/wp-json\/wp\/v2\/types\/post"}],"author":[{"embeddable":true,"href":"https:\/\/edublog.educastur.es\/ixuxu\/wp-json\/wp\/v2\/users\/117"}],"replies":[{"embeddable":true,"href":"https:\/\/edublog.educastur.es\/ixuxu\/wp-json\/wp\/v2\/comments?post=57589"}],"version-history":[{"count":2,"href":"https:\/\/edublog.educastur.es\/ixuxu\/wp-json\/wp\/v2\/posts\/57589\/revisions"}],"predecessor-version":[{"id":57591,"href":"https:\/\/edublog.educastur.es\/ixuxu\/wp-json\/wp\/v2\/posts\/57589\/revisions\/57591"}],"wp:attachment":[{"href":"https:\/\/edublog.educastur.es\/ixuxu\/wp-json\/wp\/v2\/media?parent=57589"}],"wp:term":[{"taxonomy":"category","embeddable":true,"href":"https:\/\/edublog.educastur.es\/ixuxu\/wp-json\/wp\/v2\/categories?post=57589"},{"taxonomy":"post_tag","embeddable":true,"href":"https:\/\/edublog.educastur.es\/ixuxu\/wp-json\/wp\/v2\/tags?post=57589"}],"curies":[{"name":"wp","href":"https:\/\/api.w.org\/{rel}","templated":true}]}}