{"id":57592,"date":"2025-09-12T13:51:03","date_gmt":"2025-09-12T11:51:03","guid":{"rendered":"https:\/\/edublog.educastur.es\/ixuxu\/?p=57592"},"modified":"2025-09-12T13:51:32","modified_gmt":"2025-09-12T11:51:32","slug":"programa-deducacion-ambiental-valles-del-osu","status":"publish","type":"post","link":"https:\/\/edublog.educastur.es\/ixuxu\/2025\/09\/programa-deducacion-ambiental-valles-del-osu\/","title":{"rendered":"Programa d&#8217;Educaci\u00f3n Ambiental\u00a0Valles del Osu"},"content":{"rendered":"<p style=\"text-align: center\"><a href=\"https:\/\/www.educastur.es\/documents\/34868\/37902\/2025-09-fundacion-oso-1060.jpg\/9e19d3a6-4b09-9164-40c6-a8fce2dc412a?t=1757594724836\"><img loading=\"lazy\" decoding=\"async\" class=\"aligncenter size-large\" src=\"https:\/\/www.educastur.es\/documents\/34868\/37902\/2025-09-fundacion-oso-1060.jpg\/9e19d3a6-4b09-9164-40c6-a8fce2dc412a?t=1757594724836\" width=\"1060\" height=\"348\" \/><\/a><\/p>\n<p>La Fundaci\u00f3n Oso d&#8217;Asturies ufierta a los centros educativos asturianos un Programa d&#8217;Educaci\u00f3n Ambiental que se desenvuelve na redolada de la Contorna de los Valles del Osu. <a href=\"https:\/\/www.educastur.es\/-\/fundacion-oso-asturias-programa-educacion-ambiental-2025-2026?redirect=%2F\">Educastur<\/a><\/p>\n<ul>\n<li><a href=\"https:\/\/osodeasturias.es\/wp-content\/uploads\/2025\/08\/Programa-Educacion-Ambiental-Valles-del-Oso-2025-2026.pdf\" target=\"_blank\" rel=\"noopener\">Programa Educaci\u00f3n Ambiental 2025-26<\/a>\u00a0(pdf)<\/li>\n<\/ul>\n<p><!--more--><\/p>\n<p><strong>Itinerarios did\u00e1cticos polos Valles del Osu.<\/strong>\u00a0La Fundaci\u00f3n Oso d&#8217;Asturies ufierta a los centros educativos asturianos\u00a0un programa d&#8217;itinerarios did\u00e1cticos polos Valles del Osu,\u00a0en sal\u00edes de xornada completa o de media xornada. <a href=\"https:\/\/osodeasturias.es\/wp-content\/uploads\/2025\/08\/2025-26-Itinerarios-didacticos-Otono-2025.pdf\" target=\"_blank\" rel=\"noopener\">Itinerarios did\u00e1cticos oto\u00f1o 2025-2026<\/a> (pdf)\u00a0<a href=\"https:\/\/www.educastur.es\/documents\/34868\/38316\/2025-09-actividades-oso-itinerarios-primavera-2025.pdf\/061b4b3e-d04f-74ec-df06-758dcc50b2a0?t=1757593960418\" target=\"_blank\" rel=\"noopener\">Itinerarios did\u00e1cticos primavera 2025-2026<\/a> (pdf) <a href=\"https:\/\/www.osodeasturias.es\/\" target=\"_blank\" rel=\"noopener\">Fundaci\u00f3n Oso de Asturias<\/a><\/p>\n<p>&nbsp;<\/p>\n<p style=\"text-align: center\"><a href=\"https:\/\/osodeasturias.es\/wp-content\/uploads\/2024\/11\/oso-pardo-monte.jpg\"><img loading=\"lazy\" decoding=\"async\" class=\"aligncenter size-large\" src=\"https:\/\/osodeasturias.es\/wp-content\/uploads\/2024\/11\/oso-pardo-monte.jpg\" width=\"573\" height=\"756\" \/><\/a><\/p>\n","protected":false},"excerpt":{"rendered":"<p>La Fundaci\u00f3n Oso d&#8217;Asturies ufierta a los centros educativos asturianos un Programa d&#8217;Educaci\u00f3n Ambiental que se desenvuelve na redolada de la Contorna de los Valles del Osu. Educastur Programa Educaci\u00f3n Ambiental 2025-26\u00a0(pdf)<\/p>\n","protected":false},"author":117,"featured_media":0,"comment_status":"closed","ping_status":"open","sticky":false,"template":"","format":"standard","meta":{"footnotes":""},"categories":[221],"tags":[],"class_list":["post-57592","post","type-post","status-publish","format-standard","hentry","category-mediu-ambiente"],"_links":{"self":[{"href":"https:\/\/edublog.educastur.es\/ixuxu\/wp-json\/wp\/v2\/posts\/57592","targetHints":{"allow":["GET"]}}],"collection":[{"href":"https:\/\/edublog.educastur.es\/ixuxu\/wp-json\/wp\/v2\/posts"}],"about":[{"href":"https:\/\/edublog.educastur.es\/ixuxu\/wp-json\/wp\/v2\/types\/post"}],"author":[{"embeddable":true,"href":"https:\/\/edublog.educastur.es\/ixuxu\/wp-json\/wp\/v2\/users\/117"}],"replies":[{"embeddable":true,"href":"https:\/\/edublog.educastur.es\/ixuxu\/wp-json\/wp\/v2\/comments?post=57592"}],"version-history":[{"count":2,"href":"https:\/\/edublog.educastur.es\/ixuxu\/wp-json\/wp\/v2\/posts\/57592\/revisions"}],"predecessor-version":[{"id":57594,"href":"https:\/\/edublog.educastur.es\/ixuxu\/wp-json\/wp\/v2\/posts\/57592\/revisions\/57594"}],"wp:attachment":[{"href":"https:\/\/edublog.educastur.es\/ixuxu\/wp-json\/wp\/v2\/media?parent=57592"}],"wp:term":[{"taxonomy":"category","embeddable":true,"href":"https:\/\/edublog.educastur.es\/ixuxu\/wp-json\/wp\/v2\/categories?post=57592"},{"taxonomy":"post_tag","embeddable":true,"href":"https:\/\/edublog.educastur.es\/ixuxu\/wp-json\/wp\/v2\/tags?post=57592"}],"curies":[{"name":"wp","href":"https:\/\/api.w.org\/{rel}","templated":true}]}}