{"id":57597,"date":"2025-09-12T17:04:25","date_gmt":"2025-09-12T15:04:25","guid":{"rendered":"https:\/\/edublog.educastur.es\/ixuxu\/?p=57597"},"modified":"2025-09-13T00:00:35","modified_gmt":"2025-09-12T22:00:35","slug":"uvieu-desenvolvimientu-dun-programa-de-guertos-urbanos-con-escolares-del-conceyu","status":"publish","type":"post","link":"https:\/\/edublog.educastur.es\/ixuxu\/2025\/09\/uvieu-desenvolvimientu-dun-programa-de-guertos-urbanos-con-escolares-del-conceyu\/","title":{"rendered":"Uvi\u00e9u: un programa de g\u00fcertos urbanos con escolares del conceyu."},"content":{"rendered":"<p>La conceyal\u00eda d&#8217;Educaci\u00f3n anueva&#8217;l conveniu cola asociaci\u00f3n <strong>Asturies Acueye<\/strong> para&#8217;l desenvolvimientu d&#8217;un <strong>programa de g\u00fcertos urbanos con escolares del conceyu. <\/strong>El conceyal de gobiernu de Segurid\u00e1 Ciudadana y Educaci\u00f3n, Jos\u00e9 Ram\u00f3n Prau, suscribi\u00f3 esta ma\u00f1ana&#8217;l conveniu cola asociaci\u00f3n.<\/p>\n<p style=\"text-align: center\"><a href=\"https:\/\/www.oviedo.es\/documents\/25041\/2747252\/Convenio+Asturias+Acoge.jpg\/4c520c1f-d8e9-4cf6-8137-8bd8fc0a3600?t=1757678169678&amp;imageThumbnail=3\"><img loading=\"lazy\" decoding=\"async\" class=\"aligncenter \" src=\"https:\/\/www.oviedo.es\/documents\/25041\/2747252\/Convenio+Asturias+Acoge.jpg\/4c520c1f-d8e9-4cf6-8137-8bd8fc0a3600?t=1757678169678&amp;imageThumbnail=3\" width=\"607\" height=\"455\" \/><\/a><\/p>\n<p>El programa \u201cG\u00fcertes Acueye\u201d realizarase nel invernaderu y aula del FUNDOMA y<span style=\"color: #008080\"><strong> tien como principales oxetivos ense\u00f1ar a los escolares los beneficios de l&#8217;agricultura ecol\u00f3xica y el respetu al mediu ambiente, fomentar l&#8217;alimentaci\u00f3n saludable, promocionar los valores del trabayu cooperativu y favorecer la convivencia y la tolerancia ente persones inmigrantes y escolares.<\/strong> <\/span>A la firma del conveniu asisti\u00f3 la presidenta de l&#8217;asociaci\u00f3n, Myriam Ubaldina.<\/p>\n","protected":false},"excerpt":{"rendered":"<p>La conceyal\u00eda d&#8217;Educaci\u00f3n anueva&#8217;l conveniu cola asociaci\u00f3n Asturies Acueye para&#8217;l desenvolvimientu d&#8217;un programa de g\u00fcertos urbanos con escolares del conceyu. El conceyal de gobiernu de Segurid\u00e1 Ciudadana y Educaci\u00f3n, Jos\u00e9 Ram\u00f3n Prau, suscribi\u00f3 esta ma\u00f1ana&#8217;l conveniu cola asociaci\u00f3n. El programa \u201cG\u00fcertes Acueye\u201d realizarase nel invernaderu y aula del FUNDOMA y tien como principales oxetivos ense\u00f1ar [&hellip;]<\/p>\n","protected":false},"author":117,"featured_media":0,"comment_status":"closed","ping_status":"open","sticky":false,"template":"","format":"standard","meta":{"footnotes":""},"categories":[138],"tags":[],"class_list":["post-57597","post","type-post","status-publish","format-standard","hentry","category-alimentos"],"_links":{"self":[{"href":"https:\/\/edublog.educastur.es\/ixuxu\/wp-json\/wp\/v2\/posts\/57597","targetHints":{"allow":["GET"]}}],"collection":[{"href":"https:\/\/edublog.educastur.es\/ixuxu\/wp-json\/wp\/v2\/posts"}],"about":[{"href":"https:\/\/edublog.educastur.es\/ixuxu\/wp-json\/wp\/v2\/types\/post"}],"author":[{"embeddable":true,"href":"https:\/\/edublog.educastur.es\/ixuxu\/wp-json\/wp\/v2\/users\/117"}],"replies":[{"embeddable":true,"href":"https:\/\/edublog.educastur.es\/ixuxu\/wp-json\/wp\/v2\/comments?post=57597"}],"version-history":[{"count":4,"href":"https:\/\/edublog.educastur.es\/ixuxu\/wp-json\/wp\/v2\/posts\/57597\/revisions"}],"predecessor-version":[{"id":57628,"href":"https:\/\/edublog.educastur.es\/ixuxu\/wp-json\/wp\/v2\/posts\/57597\/revisions\/57628"}],"wp:attachment":[{"href":"https:\/\/edublog.educastur.es\/ixuxu\/wp-json\/wp\/v2\/media?parent=57597"}],"wp:term":[{"taxonomy":"category","embeddable":true,"href":"https:\/\/edublog.educastur.es\/ixuxu\/wp-json\/wp\/v2\/categories?post=57597"},{"taxonomy":"post_tag","embeddable":true,"href":"https:\/\/edublog.educastur.es\/ixuxu\/wp-json\/wp\/v2\/tags?post=57597"}],"curies":[{"name":"wp","href":"https:\/\/api.w.org\/{rel}","templated":true}]}}