{"id":57613,"date":"2025-09-13T10:05:34","date_gmt":"2025-09-13T08:05:34","guid":{"rendered":"https:\/\/edublog.educastur.es\/ixuxu\/?p=57613"},"modified":"2025-09-13T15:56:37","modified_gmt":"2025-09-13T13:56:37","slug":"moscovitas-rialto-un-sieglu-de-tradicion-asturiana-cola-mirada-puesta-nel-futuru","status":"publish","type":"post","link":"https:\/\/edublog.educastur.es\/ixuxu\/2025\/09\/moscovitas-rialto-un-sieglu-de-tradicion-asturiana-cola-mirada-puesta-nel-futuru\/","title":{"rendered":"Moscovitas\u00ae Rialto: un sieglu de tradici\u00f3n asturiana cola mirada puesta nel futuru"},"content":{"rendered":"<p style=\"text-align: center\"><a href=\"https:\/\/estaticos-cdn.prensaiberica.es\/clip\/c5f82c74-a8c1-4f09-8f13-89e04a67dd5d_16-9-discover-aspect-ratio_default_0.webp\"><img loading=\"lazy\" decoding=\"async\" class=\"aligncenter size-large\" src=\"https:\/\/estaticos-cdn.prensaiberica.es\/clip\/c5f82c74-a8c1-4f09-8f13-89e04a67dd5d_16-9-discover-aspect-ratio_default_0.webp\" width=\"1200\" height=\"675\" \/><\/a><\/p>\n<p><span style=\"color: #800000\"><strong>Moscovitas\u00ae Rialto<\/strong><\/span>: un sieglu de tradici\u00f3n asturiana cola mirada puesta nel futuru. <strong>A les puertes del so centenariu<\/strong>, caltienen la so esencia y sabor al pie de el so compromisu cola innovaci\u00f3n. <a href=\"https:\/\/www.lne.es\/asturias\/2025\/09\/06\/moscovitas-rialto-siglo-tradicion-asturiana-121224474.html\">LNE<\/a>En plenu coraz\u00f3n d&#8217;Uvi\u00e9u, les Moscovitas\u00ae de Rialto<strong> siguen siendo&#8217;l secretu meyor guard\u00e1u de la reposter\u00eda asturiana.<\/strong><\/p>\n<p>&nbsp;<\/p>\n<p><!--more--><\/p>\n<p>Estes fines pastes d&#8217;almendra marcona y chocolate belga, ellaboraes una a una dende fai xeneraciones, son muncho m\u00e1s qu&#8217;una receta: son un emblema de tradici\u00f3n, de sabor y d&#8217;hestoria compartida.<\/p>\n<p style=\"text-align: center\"><a href=\"https:\/\/estaticos-cdn.prensaiberica.es\/clip\/0a21a297-2a83-4cba-946e-1b0c5b7f2706_source-aspect-ratio_default_0.webp\"><img loading=\"lazy\" decoding=\"async\" class=\"aligncenter size-large\" src=\"https:\/\/estaticos-cdn.prensaiberica.es\/clip\/0a21a297-2a83-4cba-946e-1b0c5b7f2706_source-aspect-ratio_default_0.webp\" width=\"2000\" height=\"1334\" \/><\/a><\/p>\n<p><strong>En 2026, Confiter\u00eda Rialto va cumplir el so primer centenariu<\/strong>, un finxu que la casa prepara cola ilusi\u00f3n de quien celebra cien a\u00f1os de dedicaci\u00f3n artesanal, pero tami\u00e9n cola responsabilid\u00e1 de siguir sosprendiendo a quien fixeron posible esti leg\u00e1u: los sos veceros. Dende&#8217;l so obrador n&#8217;Uvi\u00e9u hasta les sos confiter\u00edes, cada Moscovita caltien intacta la esencia de la receta orixinal, pero&#8217;l futuru llega acompa\u00f1\u00e1u de nueves propuestes y escenarios.<\/p>\n<p style=\"text-align: center\"><a href=\"https:\/\/estaticos-cdn.prensaiberica.es\/clip\/f6aa3493-e6a1-482f-915a-e6893c370d77_source-aspect-ratio_default_0.webp\"><img loading=\"lazy\" decoding=\"async\" class=\"aligncenter \" src=\"https:\/\/estaticos-cdn.prensaiberica.es\/clip\/f6aa3493-e6a1-482f-915a-e6893c370d77_source-aspect-ratio_default_0.webp\" width=\"543\" height=\"724\" \/><\/a><\/p>\n<p>Una de les grandes novedaes foi l&#8217;apertura d&#8217;un <strong>pop up na Terminal 4 del Aeropuertu Adolfo Su\u00e1rez Madrid<\/strong>, onde viaxeros de too el mundu pueden afayar y llevar consigo un pedacito d&#8217;Asturies. Un pasu qu&#8217;asitia a Moscovitas\u00ae nun escaparate internacional, calteniendo siempres la esencia de lo fecho a mano.<\/p>\n<p>&nbsp;<\/p>\n<p>Pero en Rialto la innovaci\u00f3n nun s&#8217;entiende ensin compromisu. Nos \u00faltimos meses, la confiter\u00eda quixo reforzar el so llau m\u00e1s solidariu con iniciatives como la so participaci\u00f3n nel proyectu \u201cUvi\u00e9u, Ciud\u00e1 Inocente\u201d, impuls\u00e1u pola Fundaci\u00f3n Inocente. Para la ocasi\u00f3n, cre\u00f3 l&#8217;Inocente de Moscovita\u201d, una edici\u00f3n especial que puede adquirise nes sos confiter\u00edes y que la so recaldaci\u00f3n va destinase a proyectos ben\u00e9ficos.<\/p>\n<p>A les puertes d&#8217;un aniversariu tan especial, <strong>Rialto demuestra que tradici\u00f3n y modernid\u00e1 nun son opuestos<\/strong>, sin\u00f3n caminos que s&#8217;enxareyen. Cien a\u00f1os dempu\u00e9s, los sos Moscovitas\u00ae siguen siendo&#8217;l meyor embaxador de la excelencia asturiana: una especialid\u00e1 que conquista cielos la boca, emociona y dexa buelga.<\/p>\n","protected":false},"excerpt":{"rendered":"<p>Moscovitas\u00ae Rialto: un sieglu de tradici\u00f3n asturiana cola mirada puesta nel futuru. A les puertes del so centenariu, caltienen la so esencia y sabor al pie de el so compromisu cola innovaci\u00f3n. LNEEn plenu coraz\u00f3n d&#8217;Uvi\u00e9u, les Moscovitas\u00ae de Rialto siguen siendo&#8217;l secretu meyor guard\u00e1u de la reposter\u00eda asturiana. &nbsp;<\/p>\n","protected":false},"author":117,"featured_media":0,"comment_status":"closed","ping_status":"open","sticky":false,"template":"","format":"standard","meta":{"footnotes":""},"categories":[153],"tags":[],"class_list":["post-57613","post","type-post","status-publish","format-standard","hentry","category-llambiotaes"],"_links":{"self":[{"href":"https:\/\/edublog.educastur.es\/ixuxu\/wp-json\/wp\/v2\/posts\/57613","targetHints":{"allow":["GET"]}}],"collection":[{"href":"https:\/\/edublog.educastur.es\/ixuxu\/wp-json\/wp\/v2\/posts"}],"about":[{"href":"https:\/\/edublog.educastur.es\/ixuxu\/wp-json\/wp\/v2\/types\/post"}],"author":[{"embeddable":true,"href":"https:\/\/edublog.educastur.es\/ixuxu\/wp-json\/wp\/v2\/users\/117"}],"replies":[{"embeddable":true,"href":"https:\/\/edublog.educastur.es\/ixuxu\/wp-json\/wp\/v2\/comments?post=57613"}],"version-history":[{"count":1,"href":"https:\/\/edublog.educastur.es\/ixuxu\/wp-json\/wp\/v2\/posts\/57613\/revisions"}],"predecessor-version":[{"id":57614,"href":"https:\/\/edublog.educastur.es\/ixuxu\/wp-json\/wp\/v2\/posts\/57613\/revisions\/57614"}],"wp:attachment":[{"href":"https:\/\/edublog.educastur.es\/ixuxu\/wp-json\/wp\/v2\/media?parent=57613"}],"wp:term":[{"taxonomy":"category","embeddable":true,"href":"https:\/\/edublog.educastur.es\/ixuxu\/wp-json\/wp\/v2\/categories?post=57613"},{"taxonomy":"post_tag","embeddable":true,"href":"https:\/\/edublog.educastur.es\/ixuxu\/wp-json\/wp\/v2\/tags?post=57613"}],"curies":[{"name":"wp","href":"https:\/\/api.w.org\/{rel}","templated":true}]}}