{"id":57620,"date":"2025-09-13T00:15:21","date_gmt":"2025-09-12T22:15:21","guid":{"rendered":"https:\/\/edublog.educastur.es\/ixuxu\/?p=57620"},"modified":"2025-09-13T00:15:21","modified_gmt":"2025-09-12T22:15:21","slug":"la-opera-duvieu-inaugura-la-so-temporada-nel-teatru-campoamor-con-hansel-und-gretel","status":"publish","type":"post","link":"https:\/\/edublog.educastur.es\/ixuxu\/2025\/09\/la-opera-duvieu-inaugura-la-so-temporada-nel-teatru-campoamor-con-hansel-und-gretel\/","title":{"rendered":"La \u00d3pera d&#8217;Uvi\u00e9u inaugura la so temporada nel Teatru Campoamor con &#8216;H\u00e4nsel und Gretel&#8217;"},"content":{"rendered":"<ul>\n<li class=\"font-size-xxl margin-b-5 font-weight-b color-b-050 letter-spacing--1 fuente-corporativa\"><a href=\"https:\/\/www.rtpa.es\/noticias-sociedad-ast\/2025-09-12\/La-Opera-d'Uvieu-inaugura-la-so-temporada-nel-Teatru-Campoamor-con-'Hansel-und-Gretel'_111757666949.html\">La \u00d3pera d&#8217;Uvi\u00e9u inaugura la so temporada nel Teatru Campoamor con &#8216;H\u00e4nsel und Gretel&#8217;. TPA<\/a><\/li>\n<\/ul>\n<p style=\"text-align: center\"><a href=\"https:\/\/www.rtpa.es\/fotos\/\/25\/09\/20250912102630_RTPA7093278.webp\"><img loading=\"lazy\" decoding=\"async\" class=\"aligncenter size-large\" src=\"https:\/\/www.rtpa.es\/fotos\/\/25\/09\/20250912102630_RTPA7093278.webp\" width=\"853\" height=\"480\" \/><\/a><\/p>\n<p class=\"font-size-m padding-b-20 font-weight-b margin-t-16\">Una obra inspirada na cl\u00e1sica f\u00e1bula infantil de los hermanos Grimm.\u00a0La \u00d3pera d&#8217;Uvi\u00e9u inaugura la so temporada nel Teatru Campoamor con &#8216;H\u00e4nsel und Gretel&#8217;, una obra inspirada na cl\u00e1sica f\u00e1bula infantil de los hermanos Grimm. Ye la primer vegada qu&#8217;esta \u00f3pera se representa n&#8217;Asturies. <strong>La \u00f3pera va poder vese nel Campoamor los d\u00edes 12, 14, 17 y 20 de setiembre.<\/strong><\/p>\n<p><!--more--><\/p>\n<p>Un montaxe revision\u00e1u y robl\u00e1u por Ra\u00fal V\u00e1zquez. La producci\u00f3n pon el focu na infancia pero prop\u00f3n una llectura esmolecedora y cr\u00edtica. El relatu reflexa la dureza cola que&#8217;l mundu adultu davezu trata a los ne\u00f1os. La puesta d&#8217;escena ye valiente y prop\u00f3n delles capes.<\/p>\n<p>La \u00f3pera va cuntar cola batuta del maestru Pablo Gonz\u00e1lez, que vuelve ponese al mandu de la OSPA. El maestru destaca la singularid\u00e1 musical d&#8217;esta obra escrita por Humperdinck, que combina influencies wagnerianes col folclor alem\u00e1n y sones m\u00e1s mel\u00f3dicos.<\/p>\n<p>&nbsp;<\/p>\n","protected":false},"excerpt":{"rendered":"<p>La \u00d3pera d&#8217;Uvi\u00e9u inaugura la so temporada nel Teatru Campoamor con &#8216;H\u00e4nsel und Gretel&#8217;. TPA Una obra inspirada na cl\u00e1sica f\u00e1bula infantil de los hermanos Grimm.\u00a0La \u00d3pera d&#8217;Uvi\u00e9u inaugura la so temporada nel Teatru Campoamor con &#8216;H\u00e4nsel und Gretel&#8217;, una obra inspirada na cl\u00e1sica f\u00e1bula infantil de los hermanos Grimm. Ye la primer vegada qu&#8217;esta [&hellip;]<\/p>\n","protected":false},"author":117,"featured_media":0,"comment_status":"closed","ping_status":"open","sticky":false,"template":"","format":"standard","meta":{"footnotes":""},"categories":[1],"tags":[],"class_list":["post-57620","post","type-post","status-publish","format-standard","hentry","category-sin-categoria"],"_links":{"self":[{"href":"https:\/\/edublog.educastur.es\/ixuxu\/wp-json\/wp\/v2\/posts\/57620","targetHints":{"allow":["GET"]}}],"collection":[{"href":"https:\/\/edublog.educastur.es\/ixuxu\/wp-json\/wp\/v2\/posts"}],"about":[{"href":"https:\/\/edublog.educastur.es\/ixuxu\/wp-json\/wp\/v2\/types\/post"}],"author":[{"embeddable":true,"href":"https:\/\/edublog.educastur.es\/ixuxu\/wp-json\/wp\/v2\/users\/117"}],"replies":[{"embeddable":true,"href":"https:\/\/edublog.educastur.es\/ixuxu\/wp-json\/wp\/v2\/comments?post=57620"}],"version-history":[{"count":1,"href":"https:\/\/edublog.educastur.es\/ixuxu\/wp-json\/wp\/v2\/posts\/57620\/revisions"}],"predecessor-version":[{"id":57639,"href":"https:\/\/edublog.educastur.es\/ixuxu\/wp-json\/wp\/v2\/posts\/57620\/revisions\/57639"}],"wp:attachment":[{"href":"https:\/\/edublog.educastur.es\/ixuxu\/wp-json\/wp\/v2\/media?parent=57620"}],"wp:term":[{"taxonomy":"category","embeddable":true,"href":"https:\/\/edublog.educastur.es\/ixuxu\/wp-json\/wp\/v2\/categories?post=57620"},{"taxonomy":"post_tag","embeddable":true,"href":"https:\/\/edublog.educastur.es\/ixuxu\/wp-json\/wp\/v2\/tags?post=57620"}],"curies":[{"name":"wp","href":"https:\/\/api.w.org\/{rel}","templated":true}]}}