{"id":57635,"date":"2025-09-12T17:55:13","date_gmt":"2025-09-12T15:55:13","guid":{"rendered":"https:\/\/edublog.educastur.es\/ixuxu\/?p=57635"},"modified":"2025-09-13T00:11:57","modified_gmt":"2025-09-12T22:11:57","slug":"dolce-xabalinos-estrocen-dellos-xardinos-de-viesques-en-xixon","status":"publish","type":"post","link":"https:\/\/edublog.educastur.es\/ixuxu\/2025\/09\/dolce-xabalinos-estrocen-dellos-xardinos-de-viesques-en-xixon\/","title":{"rendered":"Dolce xabalinos estrocen dellos xardinos de Viesques en Xix\u00f3n"},"content":{"rendered":"<p style=\"text-align: center\"><a href=\"https:\/\/img2.rtve.es\/a\/6397651\/?imgProgApi=imgBackground&amp;w=800\"><img loading=\"lazy\" decoding=\"async\" class=\"aligncenter size-large\" src=\"https:\/\/img2.rtve.es\/a\/6397651\/?imgProgApi=imgBackground&amp;w=800\" width=\"800\" height=\"450\" \/><\/a><\/p>\n<p>Les \u00faltimes nueches actuaron na avenida del Cordal Cant\u00e1bricu, al otru llau del parque fluvial. Una docena de xabalinos ta causando nos \u00faltimos d\u00edes graves estroces en parterres y xardinos de Viesques, en Xix\u00f3n. La piara, integrada por dos adultos y diez xabatos, repiti\u00f3 y\u00e1 delles nueches visita a la parte m\u00e1s allo\u00f1ada del barriu de la zona esti de la ciud\u00e1. En concretu, fueron grabaos y fotografiaos na avenida del Cordal Cant\u00e1bricu que vertebra les urbanizaciones asitiaes al otru llau del parque fluvial de Viesques. <a href=\"https:\/\/www.elcomercio.es\/gijon\/doce-jabalis-destrozan-varios-jardines-viesques-gijon-20250912201215-nt.html#vtm_modulosEngag=lomas::noticia:7\">El Comercio<\/a><\/p>\n<p><!--more--><\/p>\n<p>Nes imaxes tomaes polos vecinos, reparase a los suidos riolando a los sos deleres polos parterres, dexando al so pasu xardinos dafechu estrozaos. Seg\u00fan informa, una cuadriella del serviciu municipal de Parques y Xardinos \u00abta allegando cada ma\u00f1ana a recolocar los tapines llevantaos, pero ye un trabayu en baldre porque los xabalinos revuelven m\u00e1s pela nueche de lo que los operarios municipales puedan faer cada ma\u00f1ana\u00bb. El comunicante, en calid\u00e1 d&#8217;afect\u00e1u, considera lleg\u00e1u&#8217;l momentu de tomar dalguna midida m\u00e1s dr\u00e1stica que reparar los da\u00f1os. \u00abDalguna soluci\u00f3n va haber que buscar\u00bb, apunt\u00f3 na so comunicaci\u00f3n coL COMERCIU.<\/p>\n<p>El pas\u00e1u 13 d&#8217;agostu, fai xusto un mes, esti peri\u00f3dicu publicaba un v\u00eddeu nel cual repar\u00e1base una piara de xabalinos riolando a los sos deleres por Somi\u00f3, col aspeutu de tratase esactamente de la mesma qu&#8217;agora tom\u00f3 afici\u00f3n a Viesques. El 3 y el 4 de setiembre, EL COMERCIU volvi\u00f3 informar de l&#8217;acci\u00f3n d&#8217;estos suidos nes *rotondas del Xard\u00edn Bot\u00e1nicu y la del caballu&#8217;, d&#8217;entrada a Viesques dende la ronda sur, qu&#8217;apaecieron dellos d\u00edes colos sos xardinos totalmente llevantaos.<\/p>\n","protected":false},"excerpt":{"rendered":"<p>Les \u00faltimes nueches actuaron na avenida del Cordal Cant\u00e1bricu, al otru llau del parque fluvial. Una docena de xabalinos ta causando nos \u00faltimos d\u00edes graves estroces en parterres y xardinos de Viesques, en Xix\u00f3n. La piara, integrada por dos adultos y diez xabatos, repiti\u00f3 y\u00e1 delles nueches visita a la parte m\u00e1s allo\u00f1ada del barriu [&hellip;]<\/p>\n","protected":false},"author":117,"featured_media":0,"comment_status":"closed","ping_status":"open","sticky":false,"template":"","format":"standard","meta":{"footnotes":""},"categories":[1],"tags":[],"class_list":["post-57635","post","type-post","status-publish","format-standard","hentry","category-sin-categoria"],"_links":{"self":[{"href":"https:\/\/edublog.educastur.es\/ixuxu\/wp-json\/wp\/v2\/posts\/57635","targetHints":{"allow":["GET"]}}],"collection":[{"href":"https:\/\/edublog.educastur.es\/ixuxu\/wp-json\/wp\/v2\/posts"}],"about":[{"href":"https:\/\/edublog.educastur.es\/ixuxu\/wp-json\/wp\/v2\/types\/post"}],"author":[{"embeddable":true,"href":"https:\/\/edublog.educastur.es\/ixuxu\/wp-json\/wp\/v2\/users\/117"}],"replies":[{"embeddable":true,"href":"https:\/\/edublog.educastur.es\/ixuxu\/wp-json\/wp\/v2\/comments?post=57635"}],"version-history":[{"count":2,"href":"https:\/\/edublog.educastur.es\/ixuxu\/wp-json\/wp\/v2\/posts\/57635\/revisions"}],"predecessor-version":[{"id":57637,"href":"https:\/\/edublog.educastur.es\/ixuxu\/wp-json\/wp\/v2\/posts\/57635\/revisions\/57637"}],"wp:attachment":[{"href":"https:\/\/edublog.educastur.es\/ixuxu\/wp-json\/wp\/v2\/media?parent=57635"}],"wp:term":[{"taxonomy":"category","embeddable":true,"href":"https:\/\/edublog.educastur.es\/ixuxu\/wp-json\/wp\/v2\/categories?post=57635"},{"taxonomy":"post_tag","embeddable":true,"href":"https:\/\/edublog.educastur.es\/ixuxu\/wp-json\/wp\/v2\/tags?post=57635"}],"curies":[{"name":"wp","href":"https:\/\/api.w.org\/{rel}","templated":true}]}}