{"id":57657,"date":"2025-09-13T10:01:32","date_gmt":"2025-09-13T08:01:32","guid":{"rendered":"https:\/\/edublog.educastur.es\/ixuxu\/?p=57657"},"modified":"2025-09-13T15:54:42","modified_gmt":"2025-09-13T13:54:42","slug":"57657","status":"publish","type":"post","link":"https:\/\/edublog.educastur.es\/ixuxu\/2025\/09\/57657\/","title":{"rendered":"Mural \u00abQuesu Cas\u00edn\u00bb de Greta von Richthofen"},"content":{"rendered":"<p>Dayuri; del asturianu \u201cperh\u00ed, en dalg\u00fan sitiu\u201d. Dayuri ye una ruta mural art\u00edstica per Asturies qu&#8217;ufierta la oportunid\u00e1 de movese a lo llargo del territoriu para afayar por aciu l&#8217;Arte Mural, los sos pueblos, les sos xentes y les hestories qu&#8217;hai detr\u00e1s.<\/p>\n<ul>\n<li><i class=\"fas fa-envelope-open-text\"><\/i>\u00a0<a title=\"hola@dayuri.org\" href=\"mailto:hola@dayuri.org\">hola@dayuri.org<\/a>\/ \u00a0<a href=\"tel:+34693278735\">693278735<\/a>\u00a0|\u00a0<a href=\"tel:+34653049770\">653049770<\/a>\u00a0\/Coya, Pilo\u00f1a, Asturies \/\u00a0 <a href=\"https:\/\/www.facebook.com\/dayurimurales\/\">FB<\/a> \/ <a href=\"https:\/\/www.instagram.com\/dayurimurales\/\">IG<\/a> \/\u00a0<a href=\"https:\/\/dayuri.org\">web<\/a> \/ <a href=\"https:\/\/dayuri.org\/murales-contextuales\/greta-von-richthofen\">murales de Greta<\/a><\/li>\n<li><em>Artista:<\/em>\u00a0<strong>Greta von Richthofen \/ <\/strong>T\u00edtulu: <strong>Quesu Cas\u00edn \/ <\/strong><em>A\u00f1u:<\/em>\u00a0<strong>2024 \/ <\/strong><em>Llugar:<\/em>\u00a0<strong>Campu Casu<\/strong><\/li>\n<li>\u00a0<a href=\"https:\/\/gretavonrichthofen.cargo.site\/Home\">gretavonrichthofen<\/a>\/\u00a0 <a href=\"https:\/\/www.instagram.com\/hola.greta\/\">@hola.greta<\/a><\/li>\n<\/ul>\n<p style=\"text-align: center\"><a href=\"https:\/\/dayuri.org\/wp-content\/uploads\/2024\/10\/Greta-10-2048x1536.jpg\"><img loading=\"lazy\" decoding=\"async\" class=\"aligncenter size-large\" src=\"https:\/\/dayuri.org\/wp-content\/uploads\/2024\/10\/Greta-10-2048x1536.jpg\" width=\"2048\" height=\"1536\" \/><\/a><\/p>\n<p>El muralismo ye una ferramienta poderoso para fomentar un sentimientu d&#8217;identid\u00e1 y pertenencia nes comunidaes, conectando a les persones cola so hestoria y la so redolada. Este ye&#8217;l casu del nuevu mural de Greta von Richthofen,<strong> que rinde homenaxe a unu de les ayalgues gastron\u00f3miques d&#8217;Asturies: el quesu Cas\u00edn.<\/strong><\/p>\n<p><!--more--><\/p>\n<p><strong>Un Homenaxe a la Tradici\u00f3n Gastron\u00f3mica<\/strong> La elecci\u00f3n del quesu Cas\u00edn como tema central nun ye casual. Esti alimentu, caracter\u00edsticu del conceyu de Campu Casu remembra una rica tradici\u00f3n que xune a les comunidaes al travi\u00e9s de la gastronom\u00eda. Col so mural, Greta rinde tributu a les queseres que, con dedicaci\u00f3n, caltuvieron vivas les tradiciones y t\u00e9cniques d&#8217;ellaboraci\u00f3n que perduraron a lo llargo de los a\u00f1os.<\/p>\n<p><strong>Arte qu&#8217;Anueva Espacios y Perspectives. <\/strong>El mural de Greta ye un claru exemplu de c\u00f3mo l&#8217;arte puede convertir un espaciu cotidianu nun llugar de reflex\u00f3n y alcuentru. Lo qu&#8217;antes yera una par\u00e9 ensin vida agora \u00e1lzase como un homenaxe a la identid\u00e1 local y un motivu d&#8217;arguyu pa la comunid\u00e1.<\/p>\n<p>Esta obra dex\u00f3 una buelga positiva, non solo na est\u00e9tica de la redolada, sin\u00f3n tami\u00e9n na manera en que los habitantes rellacionar cola so hestoria. El quesu Cas\u00edn, que pa dalgunos podr\u00eda ser solo una alcordanza del pas\u00e1u, convi\u00e9rtese equ\u00ed nun s\u00edmbolu contemporaneu de la cultura asturiana.<\/p>\n<p><strong>Un Leg\u00e1u que Perdura nel Tiempu<\/strong> El mural del quesu Cas\u00edn de Greta ye un recordatoriu de la necesid\u00e1 de caltener vives les tradiciones locales y de fortalecer el venceyu de les persones col so territoriu. Al travi\u00e9s de los sos colores y formes, conv\u00eddanos a cavilgar sobre&#8217;l pas\u00e1u, el presente y el futuru de la cultura asturiana.<\/p>\n<p>Al igual qu&#8217;un bon quesu, que s&#8217;esfruta con cada momentu y compa\u00f1\u00eda, esti mural va siguir siendo un compa\u00f1eru pa quien habiten y visiten esta parte d&#8217;Asturies, un testigu de la hestoria que sigue desenvolvi\u00e9ndose d\u00eda ente d\u00eda nes cais y nel coraz\u00f3n de la so xente.<\/p>\n<p style=\"text-align: center\"><a href=\"https:\/\/dayuri.org\/wp-content\/uploads\/2024\/10\/Greta-03-scaled.jpg\"><img loading=\"lazy\" decoding=\"async\" class=\"aligncenter \" src=\"https:\/\/dayuri.org\/wp-content\/uploads\/2024\/10\/Greta-03-scaled.jpg\" width=\"624\" height=\"521\" \/><\/a><\/p>\n<p>Estimamos descomanadamente al Conceyu de Campu Casu por brindanos la oportunid\u00e1 de desenvolver esti proyectu.<\/p>\n","protected":false},"excerpt":{"rendered":"<p>Dayuri; del asturianu \u201cperh\u00ed, en dalg\u00fan sitiu\u201d. Dayuri ye una ruta mural art\u00edstica per Asturies qu&#8217;ufierta la oportunid\u00e1 de movese a lo llargo del territoriu para afayar por aciu l&#8217;Arte Mural, los sos pueblos, les sos xentes y les hestories qu&#8217;hai detr\u00e1s. \u00a0hola@dayuri.org\/ \u00a0693278735\u00a0|\u00a0653049770\u00a0\/Coya, Pilo\u00f1a, Asturies \/\u00a0 FB \/ IG \/\u00a0web \/ murales de Greta [&hellip;]<\/p>\n","protected":false},"author":117,"featured_media":0,"comment_status":"closed","ping_status":"open","sticky":false,"template":"","format":"standard","meta":{"footnotes":""},"categories":[154],"tags":[],"class_list":["post-57657","post","type-post","status-publish","format-standard","hentry","category-parees"],"_links":{"self":[{"href":"https:\/\/edublog.educastur.es\/ixuxu\/wp-json\/wp\/v2\/posts\/57657","targetHints":{"allow":["GET"]}}],"collection":[{"href":"https:\/\/edublog.educastur.es\/ixuxu\/wp-json\/wp\/v2\/posts"}],"about":[{"href":"https:\/\/edublog.educastur.es\/ixuxu\/wp-json\/wp\/v2\/types\/post"}],"author":[{"embeddable":true,"href":"https:\/\/edublog.educastur.es\/ixuxu\/wp-json\/wp\/v2\/users\/117"}],"replies":[{"embeddable":true,"href":"https:\/\/edublog.educastur.es\/ixuxu\/wp-json\/wp\/v2\/comments?post=57657"}],"version-history":[{"count":3,"href":"https:\/\/edublog.educastur.es\/ixuxu\/wp-json\/wp\/v2\/posts\/57657\/revisions"}],"predecessor-version":[{"id":57660,"href":"https:\/\/edublog.educastur.es\/ixuxu\/wp-json\/wp\/v2\/posts\/57657\/revisions\/57660"}],"wp:attachment":[{"href":"https:\/\/edublog.educastur.es\/ixuxu\/wp-json\/wp\/v2\/media?parent=57657"}],"wp:term":[{"taxonomy":"category","embeddable":true,"href":"https:\/\/edublog.educastur.es\/ixuxu\/wp-json\/wp\/v2\/categories?post=57657"},{"taxonomy":"post_tag","embeddable":true,"href":"https:\/\/edublog.educastur.es\/ixuxu\/wp-json\/wp\/v2\/tags?post=57657"}],"curies":[{"name":"wp","href":"https:\/\/api.w.org\/{rel}","templated":true}]}}