{"id":57663,"date":"2025-09-15T10:01:27","date_gmt":"2025-09-15T08:01:27","guid":{"rendered":"https:\/\/edublog.educastur.es\/ixuxu\/?p=57663"},"modified":"2025-09-13T16:02:45","modified_gmt":"2025-09-13T14:02:45","slug":"sabes-quel-dia-damerica-nasturies-ye-una-fiesta-dinteres-turisticu-nacional","status":"publish","type":"post","link":"https:\/\/edublog.educastur.es\/ixuxu\/2025\/09\/sabes-quel-dia-damerica-nasturies-ye-una-fiesta-dinteres-turisticu-nacional\/","title":{"rendered":"\u00bfSabes que&#8217;l D\u00eda d&#8217;Am\u00e9rica n&#8217;Asturies ye una Fiesta d&#8217;Inter\u00e9s Tur\u00edsticu Nacional?"},"content":{"rendered":"<div dir=\"auto\"><\/div>\n<div dir=\"auto\" style=\"text-align: center\"><span class=\"x193iq5w xeuugli x13faqbe x1vvkbs xt0psk2 x1i0vuye xvs91rp xo1l8bm x5n08af x10wh9bi xpm28yp x8viiok x1o7cslx x126k92a\"><span class=\"html-span xexx8yu x4uap5 x18d9i69 xkhd6sd x1hl2dhg x16tdsg8 x1vvkbs x3nfvp2 x1j61x8r x1fcty0u xdj266r xat24cr xgzva0m xhhsvwb xxymvpz xlup9mm x1kky2od\">\n<!-- iframe plugin v.6.0 wordpress.org\/plugins\/iframe\/ -->\n<iframe loading=\"lazy\" src=\"https:\/\/www.instagram.com\/reel\/DOiVgvaDPye\/embed\" width=\"540\" height=\"745\" 0=\"\/iframe\" scrolling=\"yes\" class=\"iframe-class\" frameborder=\"0\"><\/iframe>\n<\/span><\/span><\/div>\n<div dir=\"auto\">\n<div class=\"xyinxu5 xv54qhq x1g2khh7 xf7dkkf\">\n<div class=\"x6s0dn4 x78zum5 x1q0g3np x1nhvcw1 xh8yej3\">\n<div class=\"xbmvrgn\"><\/div>\n<div class=\"html-div xdj266r x14z9mp xat24cr x1lziwak xexx8yu xyri2b x18d9i69 x1c1uobl x9f619 xjbqb8w x78zum5 x15mokao x1ga7v0g x16uus16 xbiv7yw x1uhb9sk x1plvlek xryxfnj x1c4vz4f x2lah0s x1q0g3np xqjyukv x6s0dn4 x1oa3qoh x1nhvcw1\">\n<div class=\"html-div xdj266r x14z9mp xat24cr xexx8yu xyri2b x18d9i69 x1c1uobl x9f619 xjbqb8w x78zum5 x15mokao x1ga7v0g x16uus16 xbiv7yw x13fj5qh x1uhb9sk x1plvlek xryxfnj x1c4vz4f x2lah0s xdt5ytf xqjyukv x1qjc9v5 x1oa3qoh x1nhvcw1\">\n<div class=\"x1i10hfl x972fbf x10w94by x1qhh985 x14e42zd x9f619 x3ct3a4 xdj266r x14z9mp xat24cr x1lziwak x16tdsg8 x1hl2dhg xggy1nq x1a2a7pz x6s0dn4 xjbqb8w x1ejq31n x18oe1m7 x1sy0etr xstzfhl x1ypdohk x78zum5 xl56j7k xcdnw81 xexx8yu xyri2b x18d9i69 x1c1uobl\" role=\"button\">\n<ul>\n<li class=\"x6s0dn4 x78zum5 xdt5ytf xl56j7k\">\u00a0La ilustraci\u00f3n de 2025 fai homenaxa a los que se fueron y ye obra del uvie\u00edn Jes\u00fas \u00c1lvarez-Llinera<\/li>\n<li class=\"x6s0dn4 x78zum5 xdt5ytf xl56j7k\">\ud83c\uddf2\ud83c\uddfd\ud83c\uddea\ud83c\udde8\ud83c\udde6\ud83c\uddf7\ud83c\udde7\ud83c\uddf7\ud83c\udde8\ud83c\uddf4\ud83c\udde8\ud83c\uddfa\ud83c\uddfb\ud83c\uddea\ud83c\uddfa\ud83c\uddf8\ud83c\uddf5\ud83c\uddea\ud83c\uddf3\ud83c\uddee\ud83c\udde8\ud83c\uddf1\ud83c\uddea\ud83c\uddf8 \ud83c\uddfa\ud83c\uddfe\ud83c\uddf5\ud83c\uddfe <strong><span style=\"color: #008080\">Vienres \ud83d\udcc6 19 SEP \ud83d\udd5b 17.00 hores.<\/span><\/strong><\/li>\n<\/ul>\n<\/div>\n<\/div>\n<\/div>\n<\/div>\n<\/div>\n<div class=\"x5yr21d xw2csxc x1odjw0f x1n2onr6\">\n<div class=\"x9f619 x78zum5 xdt5ytf x5yr21d xexx8yu xv54qhq x1l90r2v xf7dkkf x10l6tqk xh8yej3\">\n<div class=\"html-div xdj266r x14z9mp xat24cr x1lziwak xyri2b x1c1uobl x9f619 xjbqb8w x78zum5 x15mokao x1ga7v0g x16uus16 xbiv7yw xsag5q8 xz9dl7a x1uhb9sk x1plvlek xryxfnj x1c4vz4f x2lah0s x1q0g3np xqjyukv x1qjc9v5 x1oa3qoh x1nhvcw1\">\n<div class=\"html-div xdj266r x14z9mp xat24cr x1lziwak xexx8yu xyri2b x18d9i69 x1c1uobl x9f619 xjbqb8w x78zum5 x15mokao x1ga7v0g x16uus16 xbiv7yw x1uhb9sk x1plvlek xryxfnj x1iyjqo2 x2lwn1j xeuugli x1q0g3np xqjyukv x1qjc9v5 x1oa3qoh x1nhvcw1\">\n<div class=\"html-div xdj266r x14z9mp xat24cr x1lziwak xexx8yu xyri2b x18d9i69 x1c1uobl x9f619 xjbqb8w x78zum5 x15mokao x1ga7v0g x16uus16 xbiv7yw x1uhb9sk x1plvlek xryxfnj x1iyjqo2 x2lwn1j xeuugli xdt5ytf xqjyukv x1qjc9v5 x1oa3qoh x1nhvcw1\">\n<p>El 19 de setiembre, y entam\u00e1u pola Socied\u00e1 Uvieina de Festexos (SOF), les carroces del D\u00eda d&#8217;Am\u00e9rica n&#8217;Asturies, van percorrer les cais del centru de la ciud\u00e1. Miiles d&#8217;espectadores alleguen tolos a\u00f1os a esta gran cita mateina qu&#8217;angua\u00f1o celebra la so 73 edici\u00f3n.<\/p>\n<p><!--more--><\/p>\n<p><strong>Te cuntamos un pocu d&#8217;hestoria.\u00a0 <\/strong>La idea del desfile del D\u00eda d&#8217;Am\u00e9rica n&#8217;Asturies, <strong><span style=\"color: #008080\">tou un homenaxe a la emigraci\u00f3n<\/span><\/strong>, naci\u00f3 nos a\u00f1os 40 del pas\u00e1u sieglu. <strong>El guion foi una creaci\u00f3n el pintor uvie\u00edn Alfonso Iglesias<\/strong>, autor de los personaxes Alfonso, Telva y Pin\u00edn, protagonistes d&#8217;unes tires risibles que se publicar na prensa local. Tr\u00e1tase d&#8217;un homenaxe a la gran cantid\u00e1 d&#8217;emigrantes asturianos a Am\u00e9rica, que pel branu volv\u00eden a Asturies y amosaben los sos luxosos \u201chaigas\u201d por un Uvi\u00e9u pocu motorizado.<\/p>\n<p><strong>El primer desfile celebr\u00f3se&#8217;l 23 de setiembre de 1950<\/strong> y rexunt\u00f3 a miles de persones estelaes pol luxu de casi 60 haigas engalanaos de flores y banderes, nueve bandes de m\u00fasica y ocho xarr\u00e9s desfilando pola cai Ur\u00eda. Les carroces dise\u00f1aos por Iglesias representaben la despidida del emigrante, el barcu que lu lleva a Am\u00e9rica, los pa\u00edses principales de destino- Cuba, M\u00e9xico y Arxentina-el regresu del indianu, y\u00e1 ricu, nun modernu avi\u00f3n y a Espa\u00f1a, que lu acoy\u00eda.<\/p>\n<p>A finales de los a\u00f1os 50 y empiezos de los 60, la emigraci\u00f3n empez\u00f3 a empobinase escontra Europa y eso tresllad\u00f3se al propiu desfile. Empezaron a allegar grupos folkl\u00f3ricos d&#8217;Alema\u00f1a, B\u00e9lxica o Suiza.<\/p>\n<p>El desfile camud\u00f3 de la que lo fa\u00eda la socied\u00e1. G\u00fcei ye un homenaxe tantu a los asturianos que se fueron como a los miles d&#8217;inmigrantes que moren n&#8217;Uvi\u00e9u, una comitiva de multiculturalidad, colorismo y convivencia.<\/p>\n<p><span class=\"x193iq5w xeuugli x13faqbe x1vvkbs xt0psk2 x1i0vuye xvs91rp xo1l8bm x5n08af x10wh9bi xpm28yp x8viiok x1o7cslx x126k92a\"><br \/>\n<a class=\"x1i10hfl xjbqb8w x1ejq31n x18oe1m7 x1sy0etr xstzfhl x972fbf x10w94by x1qhh985 x14e42zd x9f619 x1ypdohk xt0psk2 x3ct3a4 xdj266r x14z9mp xat24cr x1lziwak xexx8yu xyri2b x18d9i69 x1c1uobl x16tdsg8 x1hl2dhg xggy1nq x1a2a7pz _aa9_ _a6hd\" role=\"link\" href=\"https:\/\/www.instagram.com\/explore\/tags\/oviedo\/\">#Oviedo<\/a><br \/>\n<a class=\"x1i10hfl xjbqb8w x1ejq31n x18oe1m7 x1sy0etr xstzfhl x972fbf x10w94by x1qhh985 x14e42zd x9f619 x1ypdohk xt0psk2 x3ct3a4 xdj266r x14z9mp xat24cr x1lziwak xexx8yu xyri2b x18d9i69 x1c1uobl x16tdsg8 x1hl2dhg xggy1nq x1a2a7pz _aa9_ _a6hd\" role=\"link\" href=\"https:\/\/www.instagram.com\/explore\/tags\/sanmateo2025\/\">#SanMateo2025<\/a><br \/>\n<a class=\"x1i10hfl xjbqb8w x1ejq31n x18oe1m7 x1sy0etr xstzfhl x972fbf x10w94by x1qhh985 x14e42zd x9f619 x1ypdohk xt0psk2 x3ct3a4 xdj266r x14z9mp xat24cr x1lziwak xexx8yu xyri2b x18d9i69 x1c1uobl x16tdsg8 x1hl2dhg xggy1nq x1a2a7pz _aa9_ _a6hd\" role=\"link\" href=\"https:\/\/www.instagram.com\/explore\/tags\/d%C3%ADadeam%C3%A9ricaenasturias\/\">#D\u00edaDeAm\u00e9ricaEnAsturias<\/a><br \/>\n<a class=\"x1i10hfl xjbqb8w x1ejq31n x18oe1m7 x1sy0etr xstzfhl x972fbf x10w94by x1qhh985 x14e42zd x9f619 x1ypdohk xt0psk2 x3ct3a4 xdj266r x14z9mp xat24cr x1lziwak xexx8yu xyri2b x18d9i69 x1c1uobl x16tdsg8 x1hl2dhg xggy1nq x1a2a7pz _aa9_ _a6hd\" role=\"link\" href=\"https:\/\/www.instagram.com\/explore\/tags\/oviedoorigendelcamino\/\">#OviedoOrigenDelCamino<\/a><\/span><\/p>\n<\/div>\n<\/div>\n<\/div>\n<\/div>\n<\/div>\n<\/div>\n<p>&nbsp;<\/p>\n","protected":false},"excerpt":{"rendered":"<p>\u00a0La ilustraci\u00f3n de 2025 fai homenaxa a los que se fueron y ye obra del uvie\u00edn Jes\u00fas \u00c1lvarez-Llinera \ud83c\uddf2\ud83c\uddfd\ud83c\uddea\ud83c\udde8\ud83c\udde6\ud83c\uddf7\ud83c\udde7\ud83c\uddf7\ud83c\udde8\ud83c\uddf4\ud83c\udde8\ud83c\uddfa\ud83c\uddfb\ud83c\uddea\ud83c\uddfa\ud83c\uddf8\ud83c\uddf5\ud83c\uddea\ud83c\uddf3\ud83c\uddee\ud83c\udde8\ud83c\uddf1\ud83c\uddea\ud83c\uddf8 \ud83c\uddfa\ud83c\uddfe\ud83c\uddf5\ud83c\uddfe Vienres \ud83d\udcc6 19 SEP \ud83d\udd5b 17.00 hores. El 19 de setiembre, y entam\u00e1u pola Socied\u00e1 Uvieina de Festexos (SOF), les carroces del D\u00eda d&#8217;Am\u00e9rica n&#8217;Asturies, van percorrer les cais del centru de la ciud\u00e1. Miiles [&hellip;]<\/p>\n","protected":false},"author":117,"featured_media":0,"comment_status":"closed","ping_status":"open","sticky":false,"template":"","format":"standard","meta":{"footnotes":""},"categories":[21,33],"tags":[],"class_list":["post-57663","post","type-post","status-publish","format-standard","hentry","category-fiestes","category-uvieu"],"_links":{"self":[{"href":"https:\/\/edublog.educastur.es\/ixuxu\/wp-json\/wp\/v2\/posts\/57663","targetHints":{"allow":["GET"]}}],"collection":[{"href":"https:\/\/edublog.educastur.es\/ixuxu\/wp-json\/wp\/v2\/posts"}],"about":[{"href":"https:\/\/edublog.educastur.es\/ixuxu\/wp-json\/wp\/v2\/types\/post"}],"author":[{"embeddable":true,"href":"https:\/\/edublog.educastur.es\/ixuxu\/wp-json\/wp\/v2\/users\/117"}],"replies":[{"embeddable":true,"href":"https:\/\/edublog.educastur.es\/ixuxu\/wp-json\/wp\/v2\/comments?post=57663"}],"version-history":[{"count":5,"href":"https:\/\/edublog.educastur.es\/ixuxu\/wp-json\/wp\/v2\/posts\/57663\/revisions"}],"predecessor-version":[{"id":57668,"href":"https:\/\/edublog.educastur.es\/ixuxu\/wp-json\/wp\/v2\/posts\/57663\/revisions\/57668"}],"wp:attachment":[{"href":"https:\/\/edublog.educastur.es\/ixuxu\/wp-json\/wp\/v2\/media?parent=57663"}],"wp:term":[{"taxonomy":"category","embeddable":true,"href":"https:\/\/edublog.educastur.es\/ixuxu\/wp-json\/wp\/v2\/categories?post=57663"},{"taxonomy":"post_tag","embeddable":true,"href":"https:\/\/edublog.educastur.es\/ixuxu\/wp-json\/wp\/v2\/tags?post=57663"}],"curies":[{"name":"wp","href":"https:\/\/api.w.org\/{rel}","templated":true}]}}