{"id":57669,"date":"2025-09-13T13:00:11","date_gmt":"2025-09-13T11:00:11","guid":{"rendered":"https:\/\/edublog.educastur.es\/ixuxu\/?p=57669"},"modified":"2025-09-13T16:09:47","modified_gmt":"2025-09-13T14:09:47","slug":"57669","status":"publish","type":"post","link":"https:\/\/edublog.educastur.es\/ixuxu\/2025\/09\/57669\/","title":{"rendered":"Naz la Rede Ambiental d&#8217;Asturies pa frenar el \u00abestrozu\u00bb ecol\u00f3xicu de la rex\u00f3n"},"content":{"rendered":"<div class=\"html-div xdj266r x14z9mp xat24cr x1lziwak xsag5q8 xz9dl7a xv54qhq xf7dkkf x1jx94hy\">\n<div class=\"html-div xdj266r x14z9mp xat24cr x1lziwak xexx8yu xyri2b x18d9i69 x1c1uobl x78zum5 x1q0g3np x1ba4aug\">\n<div class=\"html-div xdj266r x14z9mp xat24cr x1lziwak xexx8yu xyri2b x18d9i69 x1c1uobl x1iyjqo2 xeuugli\">\n<div class=\"x78zum5 xdt5ytf xz62fqu x16ldp7u\">\n<div class=\"xu06os2 x1ok221b\">\n<ul>\n<li class=\"html-h3 x14z9mp xat24cr x1lziwak xexx8yu xyri2b x18d9i69 x1c1uobl x1vvkbs x1heor9g x1qlqyl8 x1pd3egz x1a2a7pz x1gslohp x1yc453h\"><span class=\"x78zum5 x1q0g3np\"><span class=\"x1lliihq x6ikm8r x10wlt62 x1n2onr6 xlyipyv xuxw1ft\"><span class=\"xt0psk2\"><a class=\"x1i10hfl xjbqb8w x1ejq31n x18oe1m7 x1sy0etr xstzfhl x972fbf x10w94by x1qhh985 x14e42zd x9f619 x1ypdohk xt0psk2 x3ct3a4 xdj266r x14z9mp xat24cr x1lziwak xexx8yu xyri2b x18d9i69 x1c1uobl x16tdsg8 x1hl2dhg xggy1nq x1a2a7pz xkrqix3 x1sur9pj xzsf02u x1s688f\" role=\"link\" href=\"https:\/\/www.facebook.com\/RTPAoficial?__cft__[0]=AZVIl2toxWdkoPyCCXin_GWBoEp6DeT10LilAA5ZZA996kxAIM1IqaooUnoJH5zBdP3VU1cmrV3Tuvt90epGbhdssIChJuSfat1N5M-uqyFHoAmz_1zrf0rPMmZGHxMPPi2aYwF52FDHPEVXmDC1kCh9t5BrqQx_87uWAJqdn0YtXZeT7q2ZGLwHdHuCoRHzlUw36BkmcL7-k6i3p-4nbmCm&amp;__tn__=-UC%2CP-y-R\"><b class=\"html-b xdj266r x14z9mp xat24cr x1lziwak xexx8yu xyri2b x18d9i69 x1c1uobl x1hl2dhg x16tdsg8 x1vvkbs x1s688f\"><span class=\"html-span xdj266r x14z9mp xat24cr x1lziwak xexx8yu xyri2b x18d9i69 x1c1uobl x1hl2dhg x16tdsg8 x1vvkbs\">Radiotelevisi\u00f3n del Principado de Asturias<\/span><\/b><\/a><\/span><\/span><\/span><\/li>\n<\/ul>\n<\/div>\n<div class=\"xu06os2 x1ok221b\" style=\"text-align: center\"><a href=\"https:\/\/www.rtpa.es\/fotos\/\/25\/09\/20250912203401_RTPA7096087.webp\"><img loading=\"lazy\" decoding=\"async\" class=\"aligncenter size-large\" src=\"https:\/\/www.rtpa.es\/fotos\/\/25\/09\/20250912203401_RTPA7096087.webp\" width=\"853\" height=\"480\" \/><\/a><\/div>\n<\/div>\n<\/div>\n<\/div>\n<\/div>\n<div class=\"html-div xdj266r x14z9mp xat24cr x1lziwak xexx8yu xyri2b x18d9i69 x1c1uobl\" dir=\"auto\">\n<div class=\"html-div xdj266r x14z9mp xat24cr x1lziwak xexx8yu xyri2b x18d9i69 x1c1uobl\" dir=\"auto\">\n<div class=\"html-div xdj266r x14z9mp xat24cr x1lziwak xexx8yu xyri2b x18d9i69 x1c1uobl\" data-ad-rendering-role=\"story_message\">\n<div class=\"x1l90r2v x1iorvi4 x1g0dm76 xpdmqnj\" data-ad-comet-preview=\"message\" data-ad-preview=\"message\">\n<div class=\"x78zum5 xdt5ytf xz62fqu x16ldp7u\">\n<div class=\"xu06os2 x1ok221b\">\n<div class=\"html-div xdj266r x14z9mp xat24cr x1lziwak xexx8yu xyri2b x18d9i69 x1c1uobl\">\n<div class=\"xdj266r x14z9mp xat24cr x1lziwak x1vvkbs x126k92a\">\n<div dir=\"auto\"><\/div>\n<div dir=\"auto\">Un total de quince organizaciones ecoloxistes del Princip\u00e1u constituyeron la <span style=\"color: #008080\"><a style=\"color: #008080\" href=\"https:\/\/redambientalast.es\"><strong>Rede de Representaci\u00f3n Ambiental d&#8217;Asturies (RRAA)<\/strong><\/a><\/span>, que foi presentada esti vienres n&#8217;Uvi\u00e9u, creada \u00e9nte&#8217;l procesu de deterioru\u00bb del patrimoniu natural de la comunid\u00e1. La RRAA pres\u00e9ntase como una ferramienta de \u00abacci\u00f3n y denuncia\u00bb.<\/div>\n<div dir=\"auto\">\n<p>Un total de quince organizaciones ecoloxistes del Princip\u00e1u formaron la Rede de Representaci\u00f3n Ambiental d\u2019Asturies (RRAA), que foi presentada esti vienres n\u2019Uvi\u00e9u, creada<strong> \u00e9nte\u2019l \u00abprocesu d\u2019estrozu\u00bb del patrimoniu natural de la comunid\u00e1.<\/strong><\/p>\n<p><!--more--><\/p>\n<p>La rede asina lo diz nuna nota na que solli\u00f1a l\u2019oxetivu de reforzar la presencia de los colectivos conservacionistes n\u2019\u00f3rganos de xesti\u00f3n y participaci\u00f3n, conscientes del \u00absosten\u00edu y insoportable estrozu\u00bb del patrimoniu natural n\u2019Asturies.<\/p>\n<p>Les entidaes que formen la rede son: &#8216;Asociaci\u00f3n Asturiana d\u2019Amigos de la Naturaleza (ANA)&#8217;, &#8216;Asociaci\u00f3n para la Conservaci\u00f3n y Estudio del Lobo Ib\u00e9rico&#8217;, &#8216;Asociaci\u00f3n Ecofeminista Petra Kelly d\u2019Asturies&#8217;, &#8216;Colectivo Ecologista de Avil\u00e9s&#8217;, &#8216;Coordinadora Ecoloxista d\u2019Asturies&#8217;, &#8216;Ecoloxistes n\u2019Aici\u00f3n d\u2019Asturies&#8217; y &#8216;Fridays for Future Asturias&#8217;.<\/p>\n<\/div>\n<div dir=\"auto\"><\/div>\n<div dir=\"auto\">\n<p>Dalgunos de <strong>Los espacios protex\u00edos d&#8217;Asturiaes<\/strong> tienen una representaci\u00f3n de grupos conservacionistas y ecoloxistes nos sos \u00f3rganos. la rede cr\u00e9ase coles mires<em><span style=\"color: #008080\"> d&#8217;establecer un mecanismu tresparente, democr\u00e1ticu y s\u00f3lidu d&#8217;actuaci\u00f3n ambiental nos espacios y conseyos onde tien representaci\u00f3n:\u00a0<\/span><\/em><\/p>\n<ul>\n<li><em><span style=\"color: #008080\">rexida por una participaci\u00f3n democr\u00e1tica<\/span><\/em><\/li>\n<li><em><span style=\"color: #008080\">abierta a tolos grupos conservacionistas que se reconozan mutuamente como interlocutores y asuman les normes comunes<\/span><\/em><\/li>\n<li><em><span style=\"color: #008080\">Escl\u00fayense espresamente fundaciones, part\u00edos pol\u00edticos y empreses<\/span><\/em><\/li>\n<li><em><span style=\"color: #008080\">formada angua\u00f1o por 15 grupos asturianos<\/span><\/em><\/li>\n<li><em><span style=\"color: #008080\">act\u00faa tantu n&#8217;espacios protex\u00edos como en conseyos sectoriales.<\/span><\/em><\/li>\n<\/ul>\n<h3 class=\"wp-block-heading\">Espacios Naturales Protex\u00edos:<\/h3>\n<ul class=\"wp-block-list a { text-decoration: none; }\">\n<li><a href=\"https:\/\/redambientalast.es\/#picos\" data-type=\"internal\" data-id=\"#picos\">Parque Nacional de Picos de Europa<\/a><\/li>\n<li><a href=\"https:\/\/redambientalast.es\/#somiedo\" data-type=\"internal\" data-id=\"#somiedo\">Parque Natural (PN) de Somiedo<\/a><\/li>\n<li><a href=\"https:\/\/redambientalast.es\/#redes\">PN de Redes<\/a><\/li>\n<li><a href=\"https:\/\/redambientalast.es\/#fuentes\">PN de Fuentes del Narcea, Dega\u00f1a e Ibias<\/a><\/li>\n<li><a href=\"http:\/\/ponga\/\">PN de Ponga<\/a><\/li>\n<li><a href=\"https:\/\/redambientalast.es\/#ubi%C3%B1as\" data-type=\"internal\" data-id=\"#ubi\u00f1as\">PN de Las Ubi\u00f1as \u2013 La Mesa<\/a><\/li>\n<li>Reserva de la Biosfera de Eo, Oscos y Tierras de Bur\u00f3n<\/li>\n<li>Reserva Natural Parcial R\u00eda de Villaviciosa<\/li>\n<\/ul>\n<h3 class=\"wp-block-heading\">Conseyos sectoriales:<\/h3>\n<ul class=\"wp-block-list\">\n<li><a href=\"https:\/\/redambientalast.es\/#caza\">Consejo Regional de la Caza<\/a><\/li>\n<li><a href=\"https:\/\/redambientalast.es\/#pesca\">Consejo de los Ecosistemas Acu\u00e1ticos y de la Pesca en Aguas Continentales del Principado de Asturias<\/a><\/li>\n<li><a href=\"https:\/\/redambientalast.es\/#bosques\">Consejo Forestal del Principado de Asturias<\/a><\/li>\n<li><a href=\"https:\/\/redambientalast.es\/#lobo\" data-type=\"internal\" data-id=\"#lobo\">Comit\u00e9 Consultivo del Plan de Gesti\u00f3n del Lobo<\/a><\/li>\n<\/ul>\n<\/div>\n<\/div>\n<\/div>\n<\/div>\n<\/div>\n<\/div>\n<\/div>\n<\/div>\n<\/div>\n<p>&nbsp;<\/p>\n","protected":false},"excerpt":{"rendered":"<p>Radiotelevisi\u00f3n del Principado de Asturias Un total de quince organizaciones ecoloxistes del Princip\u00e1u constituyeron la Rede de Representaci\u00f3n Ambiental d&#8217;Asturies (RRAA), que foi presentada esti vienres n&#8217;Uvi\u00e9u, creada \u00e9nte&#8217;l procesu de deterioru\u00bb del patrimoniu natural de la comunid\u00e1. La RRAA pres\u00e9ntase como una ferramienta de \u00abacci\u00f3n y denuncia\u00bb. Un total de quince organizaciones ecoloxistes del [&hellip;]<\/p>\n","protected":false},"author":117,"featured_media":0,"comment_status":"closed","ping_status":"open","sticky":false,"template":"","format":"standard","meta":{"footnotes":""},"categories":[221,477],"tags":[],"class_list":["post-57669","post","type-post","status-publish","format-standard","hentry","category-mediu-ambiente","category-rede-ambiental-dasturies"],"_links":{"self":[{"href":"https:\/\/edublog.educastur.es\/ixuxu\/wp-json\/wp\/v2\/posts\/57669","targetHints":{"allow":["GET"]}}],"collection":[{"href":"https:\/\/edublog.educastur.es\/ixuxu\/wp-json\/wp\/v2\/posts"}],"about":[{"href":"https:\/\/edublog.educastur.es\/ixuxu\/wp-json\/wp\/v2\/types\/post"}],"author":[{"embeddable":true,"href":"https:\/\/edublog.educastur.es\/ixuxu\/wp-json\/wp\/v2\/users\/117"}],"replies":[{"embeddable":true,"href":"https:\/\/edublog.educastur.es\/ixuxu\/wp-json\/wp\/v2\/comments?post=57669"}],"version-history":[{"count":4,"href":"https:\/\/edublog.educastur.es\/ixuxu\/wp-json\/wp\/v2\/posts\/57669\/revisions"}],"predecessor-version":[{"id":57673,"href":"https:\/\/edublog.educastur.es\/ixuxu\/wp-json\/wp\/v2\/posts\/57669\/revisions\/57673"}],"wp:attachment":[{"href":"https:\/\/edublog.educastur.es\/ixuxu\/wp-json\/wp\/v2\/media?parent=57669"}],"wp:term":[{"taxonomy":"category","embeddable":true,"href":"https:\/\/edublog.educastur.es\/ixuxu\/wp-json\/wp\/v2\/categories?post=57669"},{"taxonomy":"post_tag","embeddable":true,"href":"https:\/\/edublog.educastur.es\/ixuxu\/wp-json\/wp\/v2\/tags?post=57669"}],"curies":[{"name":"wp","href":"https:\/\/api.w.org\/{rel}","templated":true}]}}