{"id":57677,"date":"2025-09-13T12:10:53","date_gmt":"2025-09-13T10:10:53","guid":{"rendered":"https:\/\/edublog.educastur.es\/ixuxu\/?p=57677"},"modified":"2025-09-13T16:19:14","modified_gmt":"2025-09-13T14:19:14","slug":"anuncien-los-autores-de-la-selmana-de-les-lletres-asturianes-de-2026-y-2027","status":"publish","type":"post","link":"https:\/\/edublog.educastur.es\/ixuxu\/2025\/09\/anuncien-los-autores-de-la-selmana-de-les-lletres-asturianes-de-2026-y-2027\/","title":{"rendered":"Anuncien los autores de la Selmana de les Lletres Asturianes de 2026 y 2027"},"content":{"rendered":"<div class=\"td-pb-row\">\n<div class=\"td-pb-span12\">\n<div class=\"td-post-header\">\n<header class=\"td-post-title\">\n<ul>\n<li class=\"entry-title\"><span style=\"font-size: 14px\"><a href=\"https:\/\/www.formientu.com\/noticies\/anuncien-los-autores-protagonistes-de-la-selmana-de-les-lletres-asturianes-de-2026-y-2027\">Art\u00edculu <\/a>.\u00a0\u00a0<a href=\"https:\/\/www.formientu.com\/author\/formientu\/\">Formientu<\/a><\/span><\/li>\n<\/ul>\n<p style=\"text-align: center\"><a href=\"https:\/\/s1.abcstatics.com\/abc\/www\/multimedia\/cultura\/2025\/07\/30\/XuanBello.AutorAlexPia-RlXU7GHQuZe4GdGt9DFzpeO-1200x840@diario_abc.jpg\"><img loading=\"lazy\" decoding=\"async\" class=\"aligncenter \" src=\"https:\/\/s1.abcstatics.com\/abc\/www\/multimedia\/cultura\/2025\/07\/30\/XuanBello.AutorAlexPia-RlXU7GHQuZe4GdGt9DFzpeO-1200x840@diario_abc.jpg\" width=\"732\" height=\"512\" \/><\/a><\/p>\n<div class=\"td-module-meta-info\">\n<div class=\"td-post-author-name\"><\/div>\n<div class=\"td-post-views\">La conseyera de Cultura, Pol\u00edtica Lling\u00fc\u00edstica y Deporte, Vanessa Guti\u00e9rrez, anunci\u00f3 esti xueves, nel marcu de la inauguraci\u00f3n del Festival de Cultura Contempor\u00e1nea <i>La Favorita de Xuan Bello<\/i>, en \u1e36\u1e37uarca (Vald\u00e9s), que <span style=\"color: #008080\"><strong>la Selmana de les Lletres 2027 va tar dedicada a<a href=\"https:\/\/es.wikipedia.org\/wiki\/Xuan_Bello\"> Xuan Bello<\/a><\/strong><\/span>, en reconocimientu al so heriedu lliterariu, lling\u00fc\u00edsticu y cultural, espardiendo les actividaes a lo llargo de tol a\u00f1u. La iniciativa, impulsada por Cultura, busca rindir homenaxe a quien foi una figura clave na lliteratura asturiana y \u00fan de los autores m\u00e1s reconoc\u00edos internacionalmente.<\/div>\n<div><\/div>\n<\/div>\n<\/header>\n<\/div>\n<\/div>\n<\/div>\n<p><!--more--><\/p>\n<div class=\"td-pb-row\">\n<div class=\"td-pb-span8 td-main-content\" role=\"main\">\n<div class=\"td-ss-main-content\">\n<div class=\"td-post-content tagdiv-type\">\n<p>La conseyera destac\u00f3 que nun se trata nam\u00e1s de dedica-y el d\u00eda o la Selmana de les Lletres, sin\u00f3n d\u2019articular una programaci\u00f3n a\u00f1al que ponga en valor la so obra, el so pensamientu y el so papel como creador y dinamizador cultural. \u201cXuan Bello ense\u00f1\u00f3nos que la llingua ye un sitiu onde habitar. Nel 2027, Asturies va recordalu como merez: con un a\u00f1u enteru de celebraci\u00f3n de la so palabra\u201d, se\u00f1al\u00f3.<\/p>\n<p class=\"Subttulo1\"><span style=\"color: #008080\"><strong>Xuan Bello (Paniceiros, Tin\u00e9u, 1965 \u2013 2025)<\/strong><\/span><\/p>\n<p>Xuan Bello<b>\u00a0<\/b>foi una de les voces m\u00e1s relevantes de la lliteratura contempor\u00e1nea en llingua asturiana. Public\u00f3\u2019l so primer llibru de poemes con nam\u00e1s 16 a\u00f1os,\u00a0<i>Nel cuartu mariellu<\/i>\u00a0(1982), y desenvolvi\u00f3 una obra po\u00e9tica y narrativa fonda, con t\u00edtulos como\u00a0<i>El llibru de les cenices<\/i>,\u00a0<i>Los nomes de la tierra<\/i>,\u00a0<i>El llibru vieyu<\/i>\u00a0(Premiu Teodoro Cuesta),\u00a0<i>Los caminos secretos<\/i>\u00a0y l\u2019antolox\u00eda billing\u00fce\u00a0<i>La vida perdida<\/i>. La so proyecci\u00f3n nacional lleg\u00f3 con\u00a0<i>Hestoria Universal de Paniceiros<\/i>, obra que recibi\u00f3\u2019l Premiu Ram\u00f3n G\u00f3mez de la Serna y foi reconocida pola cr\u00edtica como \u00fan de los llibros m\u00e1s destacaos del 2003.<\/p>\n<p>Am\u00e1s d\u2019escritor, foi traductor, articulista y dinamizador cultural. Cofundador de revistes como\u00a0<i>Adr\u00e9i<\/i>\u00a0y\u00a0<i>Zimbru<\/i>, collabor\u00f3 en medios como\u00a0<i>La Nueva Espa\u00f1a<\/i><i>, El Comercio y Les Noticies<\/i>, del que foi director ocho a\u00f1os. Impuls\u00f3 la Xunta d\u2019Escritores Asturianos nel 2005 y traduxo a dellos autores portugueses.<\/p>\n<p class=\"Subttulo1\"><span style=\"color: #008080\"><strong>Recuperaci\u00f3n de la figura de Taresa C\u00f3nsul y homenaxe al teatru asturianu nel 2026<\/strong><\/span><\/p>\n<p>La conseyera Vanessa Guti\u00e9rrez tami\u00e9n anunci\u00f3 que la XLVII Selmana de les Lletres Asturianes, que se va celebrar nel 2026, va tar dedicada a Taresa C\u00f3nsul, monxa benedictina del Monesteriu de Santa Mar\u00eda de la Vega (Uvi\u00e9u), nacida en Siero na d\u00e9cada de 1750 y fallecida en 1834. Tr\u00e1tase de la primer muyer de nome conoc\u00edu qu\u2019escribi\u00f3 teatru n\u2019asturianu, autora d\u2019un entrem\u00e9s represent\u00e1u en 1789 y espubliz\u00e1u la primer vegada en 1996.<\/p>\n<p>Xunto a la recuperaci\u00f3n de la so figura, la Selmana de les Lletres Asturianes va rindir homenaxe al teatru popular o teatru costumista asturianu, un x\u00e9neru que foi qui\u00e9n a afianzar un p\u00fablicu propio y que calti\u00e9n angua\u00f1o una vitalid\u00e1 curiosa. La programaci\u00f3n va dexar percorrer la historia de les artes esc\u00e9niques n\u2019asturianu dende\u2019l sieglu XVII hasta l\u2019actualid\u00e1, destacando\u2019l procesu de profesionalizaci\u00f3n que vive\u2019l sector. Al so afianzamientu ayuden iniciatives auton\u00f3miques como\u2019l premiu y festival\u00a0<i>Nel Amaro\u00a0<\/i>o\u2019l programa cultural\u00a0<i>Asturies Cultura en Rede<\/i>.<\/p>\n<p>La coordinaci\u00f3n de la Selmana va tar al cargu d\u2019Adolfo Camilo D\u00edaz y Laura Iglesia, dos referentes del \u00e1mbitu teatral asturianu.<\/p>\n<p class=\"Subttulo1\"><span style=\"color: #008080\"><strong>Avances na declaraci\u00f3n del teatru costumista como BIC<\/strong><\/span><\/p>\n<p>L\u2019homenaxe al teatru asturianu enm\u00e1rcase nel espediente en cursu pa declarar el teatru popular asturianu como Bien d\u2019Inter\u00e9s Cultural (BIC) de calter inmaterial. La iniciativa, incoada por resoluci\u00f3n de la Conseyer\u00eda de Cultura, Pol\u00edtica Lling\u00fc\u00edstica y Deporte en febreru del 2025, disp\u00f3n y\u00e1 d\u2019informes favorables de la Universid\u00e1 d\u2019Uvi\u00e9u, el RIDEA y la Real Academia de la Historia.<\/p>\n<p>L\u2019espediente destaca\u2019l valor del teatru asturianu como fen\u00f3menu esc\u00e9nicu y movimientu sociocultural singular, con m\u00e1s de cien a\u00f1os de vixencia, una vinculaci\u00f3n fuerte cola socied\u00e1 asturiana, y un papel clave nel caltenimientu de la llingua asturiana.<\/p>\n<p>Estes acciones formen parte d\u2019una estratexa cultural que prioriza l\u2019equilibriu territorial, la promoci\u00f3n de les lling\u00fces propies d\u2019Asturies y l\u2019accesu universal a la cultura como derechu. El Festival La Favorita que s\u2019inaugur\u00f3 g\u00fcei en \u1e36\u1e37uarca, que tien una inversi\u00f3n de m\u00e1s de 14.000 euros del Princip\u00e1u, ye exemplu d\u2019esta pol\u00edtica, que nel 2025 destin\u00f3 m\u00e1s de 700.000 euros a sofitar 44 festivales en toa Asturies.<\/p>\n<\/div>\n<\/div>\n<\/div>\n<\/div>\n","protected":false},"excerpt":{"rendered":"<p>Art\u00edculu .\u00a0\u00a0Formientu La conseyera de Cultura, Pol\u00edtica Lling\u00fc\u00edstica y Deporte, Vanessa Guti\u00e9rrez, anunci\u00f3 esti xueves, nel marcu de la inauguraci\u00f3n del Festival de Cultura Contempor\u00e1nea La Favorita de Xuan Bello, en \u1e36\u1e37uarca (Vald\u00e9s), que la Selmana de les Lletres 2027 va tar dedicada a Xuan Bello, en reconocimientu al so heriedu lliterariu, lling\u00fc\u00edsticu y cultural, [&hellip;]<\/p>\n","protected":false},"author":117,"featured_media":0,"comment_status":"closed","ping_status":"open","sticky":false,"template":"","format":"standard","meta":{"footnotes":""},"categories":[144],"tags":[],"class_list":["post-57677","post","type-post","status-publish","format-standard","hentry","category-semana-de"],"_links":{"self":[{"href":"https:\/\/edublog.educastur.es\/ixuxu\/wp-json\/wp\/v2\/posts\/57677","targetHints":{"allow":["GET"]}}],"collection":[{"href":"https:\/\/edublog.educastur.es\/ixuxu\/wp-json\/wp\/v2\/posts"}],"about":[{"href":"https:\/\/edublog.educastur.es\/ixuxu\/wp-json\/wp\/v2\/types\/post"}],"author":[{"embeddable":true,"href":"https:\/\/edublog.educastur.es\/ixuxu\/wp-json\/wp\/v2\/users\/117"}],"replies":[{"embeddable":true,"href":"https:\/\/edublog.educastur.es\/ixuxu\/wp-json\/wp\/v2\/comments?post=57677"}],"version-history":[{"count":6,"href":"https:\/\/edublog.educastur.es\/ixuxu\/wp-json\/wp\/v2\/posts\/57677\/revisions"}],"predecessor-version":[{"id":57684,"href":"https:\/\/edublog.educastur.es\/ixuxu\/wp-json\/wp\/v2\/posts\/57677\/revisions\/57684"}],"wp:attachment":[{"href":"https:\/\/edublog.educastur.es\/ixuxu\/wp-json\/wp\/v2\/media?parent=57677"}],"wp:term":[{"taxonomy":"category","embeddable":true,"href":"https:\/\/edublog.educastur.es\/ixuxu\/wp-json\/wp\/v2\/categories?post=57677"},{"taxonomy":"post_tag","embeddable":true,"href":"https:\/\/edublog.educastur.es\/ixuxu\/wp-json\/wp\/v2\/tags?post=57677"}],"curies":[{"name":"wp","href":"https:\/\/api.w.org\/{rel}","templated":true}]}}