{"id":57704,"date":"2025-09-13T12:53:15","date_gmt":"2025-09-13T10:53:15","guid":{"rendered":"https:\/\/edublog.educastur.es\/ixuxu\/?p=57704"},"modified":"2025-09-15T13:06:22","modified_gmt":"2025-09-15T11:06:22","slug":"nueva-asignatura-para-los-estudiantes-asturianos-cultura-sidrera","status":"publish","type":"post","link":"https:\/\/edublog.educastur.es\/ixuxu\/2025\/09\/nueva-asignatura-para-los-estudiantes-asturianos-cultura-sidrera\/","title":{"rendered":"Nueva asignatura para los estudiantes asturianos: cultura sidrera"},"content":{"rendered":"<p class=\"ft-title ft-helper-spacer-b-xs ft-helper-fontSize-heading-M\">Nueva asignatura para los estudiantes asturianos: cultura sidrera (porque la sidra \u00abnun ye solu alcohol\u00bb). \u00abForma parte del Patrimoniu de la Humanid\u00e1 y hai que inculcarle esa esencia a los ne\u00f1os\u00bb, defenden les conseyeres d&#8217;Educaci\u00f3n y Sal\u00fa \u00e9nte les cr\u00edtiques de los pediatras por fomentar el consumu d&#8217;alcohol. <a href=\"https:\/\/www.lne.es\/asturias\/2025\/09\/12\/nueva-asignatura-estudiantes-asturianos-cultura-121483208.html?utm_content=imagen&amp;utm_medium=social&amp;utm_campaign=echobox&amp;utm_source=Facebook&amp;fbclid=IwY2xjawMyZJ9leHRuA2FlbQIxMQABHkFSbR9BVt_YqZCMbprHYsGjj_sIWELgDQc4i6eLE-LoCkPOMAxSQAzYSe1d_aem_vLOu9SZpP0HqChjnLuo6IQ#Echobox=1757659698\">LNE<\/a><\/p>\n<p style=\"text-align: center\"><a href=\"https:\/\/estaticos-cdn.prensaiberica.es\/clip\/0acb6bf9-3eaf-42d1-8747-13c930398bd8_16-9-discover-aspect-ratio_default_0.webp\"><img loading=\"lazy\" decoding=\"async\" class=\"aligncenter size-large\" src=\"https:\/\/estaticos-cdn.prensaiberica.es\/clip\/0acb6bf9-3eaf-42d1-8747-13c930398bd8_16-9-discover-aspect-ratio_default_0.webp\" width=\"1200\" height=\"675\" \/><\/a><\/p>\n<p><!--more--><\/p>\n<p>La introducci\u00f3n de la cultura sidrera nel curr\u00edculum docente de los colexos asturianos, anunciada n&#8217;agostu pol Princip\u00e1u, abri\u00f3 un intensu alderique sobro la \u00e9tica y la conveniencia de treslladar al \u00e1mbitu educativu la b\u00e9bora m\u00e1s emblem\u00e1tico de la rex\u00f3n, que nun dexa de ser un productu con seis graos d&#8217;alcohol.<\/p>\n<p>La midida, presentada pola vicepresidenta, Gimena Llamedo, y la conseyera de Cultura, Vanessa Guti\u00e9rrez, <strong>contempla non solo la incorporaci\u00f3n de conten\u00edos sobro la sidra nel curr\u00edculu escolar, sin\u00f3n tami\u00e9n la edici\u00f3n de materiales did\u00e1cticos, ayudes a la producci\u00f3n, la restauraci\u00f3n de llagares tradicionales y un mayor protagonismu de la sidra y los sos derivaos n&#8217;actos institucionales.<\/strong> \u00abYe un documentu vivu, un puntu de partida\u00bb, se\u00f1alaron nel so momentu les responsables auton\u00f3miques.<\/p>\n","protected":false},"excerpt":{"rendered":"<p>Nueva asignatura para los estudiantes asturianos: cultura sidrera (porque la sidra \u00abnun ye solu alcohol\u00bb). \u00abForma parte del Patrimoniu de la Humanid\u00e1 y hai que inculcarle esa esencia a los ne\u00f1os\u00bb, defenden les conseyeres d&#8217;Educaci\u00f3n y Sal\u00fa \u00e9nte les cr\u00edtiques de los pediatras por fomentar el consumu d&#8217;alcohol. LNE<\/p>\n","protected":false},"author":117,"featured_media":0,"comment_status":"closed","ping_status":"open","sticky":false,"template":"","format":"standard","meta":{"footnotes":""},"categories":[156],"tags":[],"class_list":["post-57704","post","type-post","status-publish","format-standard","hentry","category-sidre"],"_links":{"self":[{"href":"https:\/\/edublog.educastur.es\/ixuxu\/wp-json\/wp\/v2\/posts\/57704","targetHints":{"allow":["GET"]}}],"collection":[{"href":"https:\/\/edublog.educastur.es\/ixuxu\/wp-json\/wp\/v2\/posts"}],"about":[{"href":"https:\/\/edublog.educastur.es\/ixuxu\/wp-json\/wp\/v2\/types\/post"}],"author":[{"embeddable":true,"href":"https:\/\/edublog.educastur.es\/ixuxu\/wp-json\/wp\/v2\/users\/117"}],"replies":[{"embeddable":true,"href":"https:\/\/edublog.educastur.es\/ixuxu\/wp-json\/wp\/v2\/comments?post=57704"}],"version-history":[{"count":3,"href":"https:\/\/edublog.educastur.es\/ixuxu\/wp-json\/wp\/v2\/posts\/57704\/revisions"}],"predecessor-version":[{"id":57888,"href":"https:\/\/edublog.educastur.es\/ixuxu\/wp-json\/wp\/v2\/posts\/57704\/revisions\/57888"}],"wp:attachment":[{"href":"https:\/\/edublog.educastur.es\/ixuxu\/wp-json\/wp\/v2\/media?parent=57704"}],"wp:term":[{"taxonomy":"category","embeddable":true,"href":"https:\/\/edublog.educastur.es\/ixuxu\/wp-json\/wp\/v2\/categories?post=57704"},{"taxonomy":"post_tag","embeddable":true,"href":"https:\/\/edublog.educastur.es\/ixuxu\/wp-json\/wp\/v2\/tags?post=57704"}],"curies":[{"name":"wp","href":"https:\/\/api.w.org\/{rel}","templated":true}]}}