{"id":57706,"date":"2025-09-13T16:57:12","date_gmt":"2025-09-13T14:57:12","guid":{"rendered":"https:\/\/edublog.educastur.es\/ixuxu\/?p=57706"},"modified":"2025-09-13T17:07:42","modified_gmt":"2025-09-13T15:07:42","slug":"presentacion-del-primer-disco-en-solitario-de-ruben-bada","status":"publish","type":"post","link":"https:\/\/edublog.educastur.es\/ixuxu\/2025\/09\/presentacion-del-primer-disco-en-solitario-de-ruben-bada\/","title":{"rendered":"Presentaci\u00f3n del primer disco en solitario de Rub\u00e9n Bada."},"content":{"rendered":"<p style=\"text-align: center\"><a href=\"https:\/\/labenefica.org\/wp-content\/uploads\/2025\/09\/26S-Bada-IG-1229x1536.jpg\"><img loading=\"lazy\" decoding=\"async\" class=\"aligncenter \" src=\"https:\/\/labenefica.org\/wp-content\/uploads\/2025\/09\/26S-Bada-IG-1229x1536.jpg\" width=\"630\" height=\"787\" \/><\/a><\/p>\n<p>Presentaci\u00f3n del primer discu en solitariu de <strong><span style=\"color: #008080\">Rub\u00e9n Bada.<\/span><\/strong> Unu de los m\u00fasicos tradicionales asturianos con mayor proyecci\u00f3n internacional cumple 30 a\u00f1os enriba de los escenarios y dir a celebrar con un nuevu discu. Nesta presentaci\u00f3n va tar acompa\u00f1\u00e1u por Pep\u00edn de Mu\u00f1al\u00e9n a les flautes y Juanjo D\u00edaz a les percusiones. Xotes, mu\u00f1eres, xiraldilles, llixeros y hasta cantares de chigre pasaos pol filtru d&#8217;esti m\u00fasicu que n&#8217;este trabayo conde entiesta los sos trenta a\u00f1os de trayectoria musical. \u00a0Estrena esti trabayu <strong>nel que representa tr\u00e9s formes distintes d&#8217;entender la m\u00fasica tradicional asturiana.<\/strong><\/p>\n<ul>\n<li><a href=\"https:\/\/labenefica.org\/ruben-bada\/?fbclid=IwY2xjawMyZUBleHRuA2FlbQIxMQABHh7XRjA3xXi4eNq_Hkph_L6snfHFkUziItKZWwsu86X8tHMjZggkrGLjrRRC_aem_RYP65Q-jN9ZV_HMr9X7wqQ\"><strong>Entraes<\/strong><\/a>: <a href=\"https:\/\/labenefica.org\/ruben-bada\/?fbclid=IwY2xjawMyZUBleHRuA2FlbQIxMQABHh7XRjA3xXi4eNq_Hkph_L6snfHFkUziItKZWwsu86X8tHMjZggkrGLjrRRC_aem_RYP65Q-jN9ZV_HMr9X7wqQ\"><strong>La Ben\u00e9fica, Pilo\u00f1a<\/strong><\/a>\/ <a href=\"https:\/\/musicasturiana.com\/ruben-bada-da-detalles-del-so-discu-en-solitario-que-presenta-con-un-conciertu-en-la-benefica\">Musicasturiana.com<\/a><\/li>\n<\/ul>\n<p><!--more--><\/p>\n<div class=\"elementor-element elementor-element-72daa04 e-con-full e-flex e-con e-child\" data-id=\"72daa04\" data-element_type=\"container\">\n<div class=\"elementor-element elementor-element-667e3c7 elementor-widget__width-inherit elementor-widget elementor-widget-theme-post-title elementor-page-title elementor-widget-heading\" data-id=\"667e3c7\" data-element_type=\"widget\" data-widget_type=\"theme-post-title.default\">\n<div class=\"elementor-widget-container\">\n<p class=\"elementor-heading-title elementor-size-default\">Rub\u00e9n Bada da detalles del so discu en solitario, que presenta con un conciertu en La Ben\u00e9fica. El 26 de setiembre estrena esti trabayu nel que representa tr\u00e9s formes distintes d&#8217;entender la m\u00fasica tradicional asturiana.<\/p>\n<\/div>\n<\/div>\n<\/div>\n<div class=\"elementor-element elementor-element-a767a8c elementor-widget__width-inherit elementor-widget elementor-widget-theme-post-content\" data-id=\"a767a8c\" data-element_type=\"widget\" data-widget_type=\"theme-post-content.default\">\n<div class=\"elementor-widget-container\">\n<p><strong>Rub\u00e9n Bada<\/strong>\u00a0ye \u00fan de los m\u00fasicos profesionales con<strong>\u00a0m\u00e1s sonad\u00eda<\/strong>\u00a0d\u2019Asturies. Multiinstrumentista; componente de milenta proyectos; collaborador habitual con m\u00fasicos d\u2019Irlanda, Escocia, Breta\u00f1a, Galicia\u2026 Esti 2025 cumpl<strong>e 30 a\u00f1os enriba los escenarios<\/strong>\u00a0y va festexalo editando\u2019l so\u00a0<strong>primer discu en solitario<\/strong>. El\u00a0<strong>26 de setiembre\u00a0<\/strong>a les 20h<strong>\u00a0La Ben\u00e9fica\u00a0<\/strong>de Pilo\u00f1a va acoyer el\u00a0<strong>conciertu presentaci\u00f3n<\/strong>\u00a0pal que y\u00e1 t\u00e1n a la venta les\u00a0<strong><a href=\"https:\/\/labenefica.org\/ruben-bada\/\" target=\"_blank\" rel=\"noopener\">entraes<\/a><\/strong>.<\/p>\n<p>Esti discu plant\u00e9gase como un\u00a0<strong>tr\u00edpticu\u00a0<\/strong>onde cada estaya representa\u00a0<strong>tr\u00e9s formes distintes na so forma d\u2019entender la m\u00fasica<\/strong>. Per un llau son\u00a0<strong>cantares tradicionales<\/strong>; pel otru,\u00a0<strong>melod\u00edes interpretaes col vigul\u00edn<\/strong>\u00a0recuperando l\u2019estilu de los vigulineros tradicionales asturianos; y, por \u00faltimo, una parte de<strong>\u00a0guitarra solista<\/strong>\u00a0na que s\u2019adapten temes populares a esti instrumentu reci\u00e9n na tradici\u00f3n sonora d\u2019Asturies, pero fundamental a la hora d\u2019entender la reellaboraci\u00f3n de la m\u00fasica de raiga\u00f1u na actualid\u00e1. D\u2019esta manera, l\u2019\u00e1lbum va recoyer<strong>\u00a0xotes, mu\u00f1eres, xiraldilles, llixeros, cantares de chigre y otros sones\u00a0<\/strong>venceyaos a la m\u00fasica\u2019l pa\u00eds.<\/p>\n<p>El trabayu ye en solitario, pero non en soled\u00e1. Bada lleva tr\u00e9s d\u00e9cades trabayando xunto a con milenta m\u00fasicos y nesti discu tami\u00e9n hai\u00a0<strong>collaboraciones\u00a0<\/strong>de dalgunos m\u00fasicos bien cercanos a \u00e9l:\u00a0<strong>Pep\u00edn de Mu\u00f1al\u00e9n<\/strong>\u00a0a les flautes,\u00a0<strong>Leticia Baselgas\u00a0<\/strong>y<strong>\u00a0Rodrigo Joglar<\/strong>\u00a0a les percusiones. Destaca tami\u00e9n el papel que tuvo\u00a0<strong>El\u00edas Garc\u00eda<\/strong>, que foi parte fundamental d\u2019esti proyectu nel so entamu y dex\u00f3 dos temes grabaos enantes de la so prematura muerte. Pal conciertu de La Ben\u00e9fica, am\u00e1s de Mu\u00f1al\u00e9n, tami\u00e9n va tocar\u00a0<strong>Juanjo D\u00edaz<\/strong>\u00a0a les percusiones.<\/p>\n<h2 class=\"wp-block-heading\"><mark class=\"has-inline-color\">Trenta a\u00f1os de cam\u00edn<\/mark><\/h2>\n<p>Coincidiendo col conciertu presentaci\u00f3n del 26 de setiembre, Rub\u00e9n Bada va editar esti trabayu\u00a0<strong>en formatu CD\u00a0<\/strong>y tami\u00e9n va asoleyalu en dalgunes plataformes de\u00a0<em>streaming\u00a0<\/em>como\u00a0<strong>Bandcamp<\/strong>. Como comenta l\u2019artista, el discu \u00abcondensa les esperiencies acumulaes nesti viaxe a travi\u00e9s de la m\u00fasica tradicional asturiana\u00bb. Un viaxe que lo llev\u00f3 a formar parte de creaciones musicales como\u2019l\u00a0<em><strong>Celtic Odyssey<\/strong><\/em>\u00a0del Festival Interc\u00e9ltico de Lorient, del\u00a0<strong><em>Celtic Connections<\/em>\u00a0<\/strong>de Glasgow y otros festivales del\u00a0<strong>Arcu Atl\u00e1nticu<\/strong>. Too ello ensin escaecer el so<strong>\u00a0llabor n\u2019Asturies<\/strong>\u00a0-como m\u00fasicu d\u2019estudiu, de directu, productor y arreglista- que lu llev\u00f3 a collaborar cola mayor parte de los artistes de la escena tradicional.<\/p>\n<div class=\"wp-block-spacer\" aria-hidden=\"true\"><\/div>\n<\/div>\n<\/div>\n<p>&nbsp;<\/p>\n<p>&nbsp;<\/p>\n","protected":false},"excerpt":{"rendered":"<p>Presentaci\u00f3n del primer discu en solitariu de Rub\u00e9n Bada. Unu de los m\u00fasicos tradicionales asturianos con mayor proyecci\u00f3n internacional cumple 30 a\u00f1os enriba de los escenarios y dir a celebrar con un nuevu discu. Nesta presentaci\u00f3n va tar acompa\u00f1\u00e1u por Pep\u00edn de Mu\u00f1al\u00e9n a les flautes y Juanjo D\u00edaz a les percusiones. Xotes, mu\u00f1eres, xiraldilles, [&hellip;]<\/p>\n","protected":false},"author":117,"featured_media":0,"comment_status":"closed","ping_status":"open","sticky":false,"template":"","format":"standard","meta":{"footnotes":""},"categories":[247,35,125],"tags":[],"class_list":["post-57706","post","type-post","status-publish","format-standard","hentry","category-la-benefica","category-musica","category-musicasturiana-com"],"_links":{"self":[{"href":"https:\/\/edublog.educastur.es\/ixuxu\/wp-json\/wp\/v2\/posts\/57706","targetHints":{"allow":["GET"]}}],"collection":[{"href":"https:\/\/edublog.educastur.es\/ixuxu\/wp-json\/wp\/v2\/posts"}],"about":[{"href":"https:\/\/edublog.educastur.es\/ixuxu\/wp-json\/wp\/v2\/types\/post"}],"author":[{"embeddable":true,"href":"https:\/\/edublog.educastur.es\/ixuxu\/wp-json\/wp\/v2\/users\/117"}],"replies":[{"embeddable":true,"href":"https:\/\/edublog.educastur.es\/ixuxu\/wp-json\/wp\/v2\/comments?post=57706"}],"version-history":[{"count":6,"href":"https:\/\/edublog.educastur.es\/ixuxu\/wp-json\/wp\/v2\/posts\/57706\/revisions"}],"predecessor-version":[{"id":57712,"href":"https:\/\/edublog.educastur.es\/ixuxu\/wp-json\/wp\/v2\/posts\/57706\/revisions\/57712"}],"wp:attachment":[{"href":"https:\/\/edublog.educastur.es\/ixuxu\/wp-json\/wp\/v2\/media?parent=57706"}],"wp:term":[{"taxonomy":"category","embeddable":true,"href":"https:\/\/edublog.educastur.es\/ixuxu\/wp-json\/wp\/v2\/categories?post=57706"},{"taxonomy":"post_tag","embeddable":true,"href":"https:\/\/edublog.educastur.es\/ixuxu\/wp-json\/wp\/v2\/tags?post=57706"}],"curies":[{"name":"wp","href":"https:\/\/api.w.org\/{rel}","templated":true}]}}