{"id":57730,"date":"2025-09-13T07:10:07","date_gmt":"2025-09-13T05:10:07","guid":{"rendered":"https:\/\/edublog.educastur.es\/ixuxu\/?p=57730"},"modified":"2025-09-13T17:40:32","modified_gmt":"2025-09-13T15:40:32","slug":"el-mundu-de-la-cultura-va-homenaxar-esti-sabadu-a-jose-antonio-lobato","status":"publish","type":"post","link":"https:\/\/edublog.educastur.es\/ixuxu\/2025\/09\/el-mundu-de-la-cultura-va-homenaxar-esti-sabadu-a-jose-antonio-lobato\/","title":{"rendered":"El mundu de la cultura va homenaxar esti s\u00e1badu a Jos\u00e9 Antonio Lobato"},"content":{"rendered":"<p>El movimientu vecinal uvie\u00edn y el mundu de la cultura van homenaxar esti s\u00e1badu a <strong>Jos\u00e9 Antonio Lobato<\/strong>, actor. FAVO entama una gala nel Teatru Filarm\u00f3nica con motivu del quintu aniversariu del fallecimientu del actor carbay\u00f3n. <a href=\"https:\/\/www.nortes.me\/2025\/09\/11\/el-movimiento-vecinal-ovetense-y-el-mundo-de-la-cultura-homenajearan-este-sabado-a-jose-antonio-lobato\/?fbclid=IwY2xjawMybp9leHRuA2FlbQIxMQABHjpFVaIN03L5x-H3RER0pjNoWRz9XHDXvA930cR6o3V4rF3YK3T9OJdxYwlE_aem_EKkqrq9fTxyNl1Nz83mf6w?utm_campaign=facebook\">Nortes<\/a><\/p>\n<p style=\"text-align: center\"><a href=\"https:\/\/www.nortes.me\/wp-content\/uploads\/2020\/09\/Lobato.jpg\"><img loading=\"lazy\" decoding=\"async\" class=\"aligncenter \" src=\"https:\/\/www.nortes.me\/wp-content\/uploads\/2020\/09\/Lobato.jpg\" width=\"590\" height=\"393\" \/><\/a><\/p>\n<p>Artistes y vecinos van homenaxar el pr\u00f3ximu s\u00e1badu nel Teatru Filarm\u00f3nica al actor uvie\u00edn Jos\u00e9 Antonio Lobato, cofundador del grupu de teatru Marxe. L&#8217;actu, entam\u00e1u pola <strong>Federaci\u00f3n d&#8217;Asociaciones de Vecinos d&#8217;Uvi\u00e9u<\/strong>, va cuntar cola participaci\u00f3n de Xuacu Amieva, H\u00e9ctor Braga, Fran Delgado con \u00c1lvaro B\u00e1rcena, Toli Morilla y David Varela so la batuta de Sonia Ablanedo como presentadora, y va tener llugar a les 20h. Dende la FAVO <strong>quieren rindir homenaxe non solo al actor, sin\u00f3n tami\u00e9n al ciudadanu compromet\u00edu cola so socied\u00e1<\/strong> que foi Jos\u00e9 Antonio Lobato, de que la so muerte cumplir agora cinco a\u00f1os. Lobato lluch\u00f3 contra les inxusticies emprest\u00e1ndose a trabayar coldu a coldu con aquellos que defend\u00eden una causa xusta.<\/p>\n<p>&nbsp;<\/p>\n","protected":false},"excerpt":{"rendered":"<p>El movimientu vecinal uvie\u00edn y el mundu de la cultura van homenaxar esti s\u00e1badu a Jos\u00e9 Antonio Lobato, actor. FAVO entama una gala nel Teatru Filarm\u00f3nica con motivu del quintu aniversariu del fallecimientu del actor carbay\u00f3n. Nortes Artistes y vecinos van homenaxar el pr\u00f3ximu s\u00e1badu nel Teatru Filarm\u00f3nica al actor uvie\u00edn Jos\u00e9 Antonio Lobato, cofundador [&hellip;]<\/p>\n","protected":false},"author":117,"featured_media":0,"comment_status":"closed","ping_status":"open","sticky":false,"template":"","format":"standard","meta":{"footnotes":""},"categories":[215,82],"tags":[],"class_list":["post-57730","post","type-post","status-publish","format-standard","hentry","category-homenaxe","category-teatru"],"_links":{"self":[{"href":"https:\/\/edublog.educastur.es\/ixuxu\/wp-json\/wp\/v2\/posts\/57730","targetHints":{"allow":["GET"]}}],"collection":[{"href":"https:\/\/edublog.educastur.es\/ixuxu\/wp-json\/wp\/v2\/posts"}],"about":[{"href":"https:\/\/edublog.educastur.es\/ixuxu\/wp-json\/wp\/v2\/types\/post"}],"author":[{"embeddable":true,"href":"https:\/\/edublog.educastur.es\/ixuxu\/wp-json\/wp\/v2\/users\/117"}],"replies":[{"embeddable":true,"href":"https:\/\/edublog.educastur.es\/ixuxu\/wp-json\/wp\/v2\/comments?post=57730"}],"version-history":[{"count":3,"href":"https:\/\/edublog.educastur.es\/ixuxu\/wp-json\/wp\/v2\/posts\/57730\/revisions"}],"predecessor-version":[{"id":57733,"href":"https:\/\/edublog.educastur.es\/ixuxu\/wp-json\/wp\/v2\/posts\/57730\/revisions\/57733"}],"wp:attachment":[{"href":"https:\/\/edublog.educastur.es\/ixuxu\/wp-json\/wp\/v2\/media?parent=57730"}],"wp:term":[{"taxonomy":"category","embeddable":true,"href":"https:\/\/edublog.educastur.es\/ixuxu\/wp-json\/wp\/v2\/categories?post=57730"},{"taxonomy":"post_tag","embeddable":true,"href":"https:\/\/edublog.educastur.es\/ixuxu\/wp-json\/wp\/v2\/tags?post=57730"}],"curies":[{"name":"wp","href":"https:\/\/api.w.org\/{rel}","templated":true}]}}