{"id":57745,"date":"2025-09-13T17:53:49","date_gmt":"2025-09-13T15:53:49","guid":{"rendered":"https:\/\/edublog.educastur.es\/ixuxu\/?p=57745"},"modified":"2025-09-15T11:43:36","modified_gmt":"2025-09-15T09:43:36","slug":"ix-edicion-de-payares-en-verde-xornada-educativa-y-medioambiental","status":"publish","type":"post","link":"https:\/\/edublog.educastur.es\/ixuxu\/2025\/09\/ix-edicion-de-payares-en-verde-xornada-educativa-y-medioambiental\/","title":{"rendered":"IX edici\u00f3n de Payares en Verde, Xornada educativa y medioambiental"},"content":{"rendered":"<div class=\"css-175oi2r r-zl2h9q\">\n<div class=\"css-175oi2r r-k4xj1c r-18u37iz r-1wtj0ep\">\n<div class=\"css-175oi2r r-1d09ksm r-18u37iz r-1wbh5a2\">\n<div class=\"css-175oi2r r-1wbh5a2 r-dnmrzs r-1ny4l3l\">\n<div id=\"id__mb04593rqlh\" class=\"css-175oi2r r-1wbh5a2 r-dnmrzs r-1ny4l3l r-1awozwy r-18u37iz\" data-testid=\"User-Name\">\n<div class=\"css-175oi2r r-1awozwy r-18u37iz r-1wbh5a2 r-dnmrzs\">\n<div class=\"css-175oi2r r-1wbh5a2 r-dnmrzs\">\n<div class=\"css-175oi2r r-1awozwy r-18u37iz r-1wbh5a2 r-dnmrzs\">\n<p>La directora xeneral d&#8217;Activid\u00e1 F\u00edsica y Deporte, Manuela Ena, partici\u00f3 na IX edici\u00f3n de la xornada educativa y medioambiental Payares en Verde. Tr\u00e1tase de plant\u00edu d&#8217;\u00e1rboles y llimpieza del monte. El lema ye: <span style=\"color: #008080\"><strong><em>Curia&#8217;l medioambiente, curia les tos pistes. <\/em><\/strong><\/span>L&#8217;oxetivu ye <span style=\"color: #008080\"><em>ameyorar la calid\u00e1 ambiental de la redolada y sensibilizar a la poblaci\u00f3n de la importancia de caltener el monte llimpiu mientres tol a\u00f1u.<\/em><\/span><\/p>\n<\/div>\n<\/div>\n<\/div>\n<div class=\"css-175oi2r r-18u37iz r-1wbh5a2 r-1ez5h0i\">\n<div class=\"css-175oi2r r-1d09ksm r-18u37iz r-1wbh5a2\">\n<div><\/div>\n<div style=\"text-align: center\"><a href=\"https:\/\/pbs.twimg.com\/media\/G0ut7AJXIAAs0BT?format=jpg&amp;name=large\"><img loading=\"lazy\" decoding=\"async\" class=\"aligncenter \" src=\"https:\/\/pbs.twimg.com\/media\/G0ut7AJXIAAs0BT?format=jpg&amp;name=large\" width=\"589\" height=\"442\" \/><\/a><\/div>\n<div><\/div>\n<\/div>\n<\/div>\n<\/div>\n<\/div>\n<\/div>\n<\/div>\n<\/div>\n<p><!--more--><\/p>\n<p style=\"text-align: center\"><a href=\"https:\/\/pbs.twimg.com\/media\/G0ut7CuXgAAJWxC?format=jpg&amp;name=large\"><img loading=\"lazy\" decoding=\"async\" class=\"aligncenter \" src=\"https:\/\/pbs.twimg.com\/media\/G0ut7CuXgAAJWxC?format=jpg&amp;name=large\" width=\"730\" height=\"548\" \/><\/a><\/p>\n<p style=\"text-align: center\"><a href=\"https:\/\/llenaaesgaya.es\/wp-content\/uploads\/2023\/09\/pajares-en-verde-16-scaled.jpg\">https:\/\/llenaaesgaya.es\/wp-content\/uploads\/2023\/09\/pajares-en-verde-16-scaled.jpg<\/a><\/p>\n<p>&nbsp;<\/p>\n<p style=\"text-align: center\"><a href=\"https:\/\/www.valgrande-pajares.com\/wp-content\/uploads\/2024\/01\/Logo-Valgrande-Pajares-2023.webp\"><img loading=\"lazy\" decoding=\"async\" class=\"aligncenter size-large\" src=\"https:\/\/www.valgrande-pajares.com\/wp-content\/uploads\/2024\/01\/Logo-Valgrande-Pajares-2023.webp\" width=\"387\" height=\"82\" \/><\/a><\/p>\n<p>&nbsp;<\/p>\n","protected":false},"excerpt":{"rendered":"<p>La directora xeneral d&#8217;Activid\u00e1 F\u00edsica y Deporte, Manuela Ena, partici\u00f3 na IX edici\u00f3n de la xornada educativa y medioambiental Payares en Verde. Tr\u00e1tase de plant\u00edu d&#8217;\u00e1rboles y llimpieza del monte. El lema ye: Curia&#8217;l medioambiente, curia les tos pistes. L&#8217;oxetivu ye ameyorar la calid\u00e1 ambiental de la redolada y sensibilizar a la poblaci\u00f3n de la [&hellip;]<\/p>\n","protected":false},"author":117,"featured_media":0,"comment_status":"closed","ping_status":"open","sticky":false,"template":"","format":"standard","meta":{"footnotes":""},"categories":[221],"tags":[],"class_list":["post-57745","post","type-post","status-publish","format-standard","hentry","category-mediu-ambiente"],"_links":{"self":[{"href":"https:\/\/edublog.educastur.es\/ixuxu\/wp-json\/wp\/v2\/posts\/57745","targetHints":{"allow":["GET"]}}],"collection":[{"href":"https:\/\/edublog.educastur.es\/ixuxu\/wp-json\/wp\/v2\/posts"}],"about":[{"href":"https:\/\/edublog.educastur.es\/ixuxu\/wp-json\/wp\/v2\/types\/post"}],"author":[{"embeddable":true,"href":"https:\/\/edublog.educastur.es\/ixuxu\/wp-json\/wp\/v2\/users\/117"}],"replies":[{"embeddable":true,"href":"https:\/\/edublog.educastur.es\/ixuxu\/wp-json\/wp\/v2\/comments?post=57745"}],"version-history":[{"count":8,"href":"https:\/\/edublog.educastur.es\/ixuxu\/wp-json\/wp\/v2\/posts\/57745\/revisions"}],"predecessor-version":[{"id":57873,"href":"https:\/\/edublog.educastur.es\/ixuxu\/wp-json\/wp\/v2\/posts\/57745\/revisions\/57873"}],"wp:attachment":[{"href":"https:\/\/edublog.educastur.es\/ixuxu\/wp-json\/wp\/v2\/media?parent=57745"}],"wp:term":[{"taxonomy":"category","embeddable":true,"href":"https:\/\/edublog.educastur.es\/ixuxu\/wp-json\/wp\/v2\/categories?post=57745"},{"taxonomy":"post_tag","embeddable":true,"href":"https:\/\/edublog.educastur.es\/ixuxu\/wp-json\/wp\/v2\/tags?post=57745"}],"curies":[{"name":"wp","href":"https:\/\/api.w.org\/{rel}","templated":true}]}}