{"id":57758,"date":"2025-09-13T12:00:27","date_gmt":"2025-09-13T10:00:27","guid":{"rendered":"https:\/\/edublog.educastur.es\/ixuxu\/?p=57758"},"modified":"2025-09-15T13:05:51","modified_gmt":"2025-09-15T11:05:51","slug":"programacion-san-mateo-sabadu-13","status":"publish","type":"post","link":"https:\/\/edublog.educastur.es\/ixuxu\/2025\/09\/programacion-san-mateo-sabadu-13\/","title":{"rendered":"Programaci\u00f3n San Mateo: s\u00e1badu 13 \u00abEurope\u00bb"},"content":{"rendered":"<p>Joey Tempest, l\u00edder de \u00abEurope\u00bb, qu&#8217;act\u00faa g\u00fcei n&#8217;Uvi\u00e9u: <em>\u00ab\u2018The Final Countdown\u2019 xune a tol mundu, siempres ye un prestar interpretalo\u00bb. <\/em>\u00ab<em>Tamos emocionaos por tocar n&#8217;Uvi\u00e9u; siempres salimos a dalo tou nel escenariu\u00bb<\/em>, se\u00f1ala&#8217;l cantante y guitarrista del m\u00edticu grupu suecu.<a href=\"https:\/\/www.lne.es\/oviedo\/2025\/09\/13\/joey-tempest-lider-europe-actua-121522971.html\"> LNE<\/a><\/p>\n<p style=\"text-align: center\"><span class=\"x193iq5w xeuugli x13faqbe x1vvkbs xt0psk2 x1i0vuye xvs91rp xo1l8bm x5n08af x10wh9bi xpm28yp x8viiok x1o7cslx x126k92a\"><span class=\"html-span xexx8yu x4uap5 x18d9i69 xkhd6sd x1hl2dhg x16tdsg8 x1vvkbs x3nfvp2 x1j61x8r x1fcty0u xdj266r xat24cr xgzva0m xhhsvwb xxymvpz xlup9mm x1kky2od\">\n<!-- iframe plugin v.6.0 wordpress.org\/plugins\/iframe\/ -->\n<iframe loading=\"lazy\" src=\"https:\/\/www.instagram.com\/reel\/DOiExlfDVux\/embed\" width=\"540\" height=\"710\" 0=\"\/iframe\" scrolling=\"yes\" class=\"iframe-class\" frameborder=\"0\"><\/iframe>\n<\/span><\/span><\/p>\n<p style=\"text-align: center\"><span class=\"x193iq5w xeuugli x13faqbe x1vvkbs xt0psk2 x1i0vuye xvs91rp xo1l8bm x5n08af x10wh9bi xpm28yp x8viiok x1o7cslx x126k92a\"><a class=\"x1i10hfl xjbqb8w x1ejq31n x18oe1m7 x1sy0etr xstzfhl x972fbf x10w94by x1qhh985 x14e42zd x9f619 x1ypdohk xt0psk2 x3ct3a4 xdj266r x14z9mp xat24cr x1lziwak xexx8yu xyri2b x18d9i69 x1c1uobl x16tdsg8 x1hl2dhg xggy1nq x1a2a7pz _aa9_ _a6hd\" role=\"link\" href=\"https:\/\/www.instagram.com\/explore\/tags\/sanmateo2025\/\">#SanMateo2025<\/a><\/span><\/p>\n<p style=\"text-align: center\">\n<!-- iframe plugin v.6.0 wordpress.org\/plugins\/iframe\/ -->\n<iframe loading=\"lazy\" src=\"https:\/\/www.facebook.com\/plugins\/video.php?height=476&#038;href=https%3A%2F%2Fwww.facebook.com%2Freel%2F643434945490881%2F&#038;show_text=false&#038;width=267&#038;t=0\" width=\"267\" height=\"476\" style=\"border:none;overflow:hidden\" scrolling=\"no\" frameborder=\"0\" allowfullscreen=\"true\" allow=\"autoplay; clipboard-write; encrypted-media; picture-in-picture; web-share\" 0=\"\/iframe\" class=\"iframe-class\"><\/iframe>\n<\/p>\n<p><!--more--><\/p>\n<div class=\"html-div xdj266r xat24cr x1lziwak xexx8yu xyri2b x18d9i69 x1c1uobl x78zum5 x2lah0s xqtp20y x1xegmmw\">\n<div class=\"xc9qbxq x14qfxbe x6s0dn4 x78zum5 xl56j7k\">\n<div class=\"\">\u00abThe Final Countdown\u00bb (Espa\u00f1ol: La \u00faltima cuenta tr\u00e1s o La \u00faltima cuenta regresiva) ye unu cantar interpret\u00e1u pol <strong>grupu suecu de hard rock Europe.<\/strong> Foi&#8217;l primera senciellu del so \u00e1lbum The Final Countdown.<\/div>\n<div style=\"text-align: center\"><a href=\"https:\/\/upload.wikimedia.org\/wikipedia\/commons\/thumb\/b\/b1\/Europe_the_band_in_Stockholm_2016.jpg\/1280px-Europe_the_band_in_Stockholm_2016.jpg\"><img loading=\"lazy\" decoding=\"async\" class=\"aligncenter size-large\" src=\"https:\/\/upload.wikimedia.org\/wikipedia\/commons\/thumb\/b\/b1\/Europe_the_band_in_Stockholm_2016.jpg\/1280px-Europe_the_band_in_Stockholm_2016.jpg\" width=\"1280\" height=\"960\" \/><\/a><\/div>\n<div><\/div>\n<div class=\"\">El cantar ocup\u00f3 la primer posici\u00f3n nes llistes de popularid\u00e1 de 25 pa\u00edses, incluyendo&#8217;l Reinu Un\u00edu. Nos Estaos Xun\u00edos, algam\u00f3&#8217;l n\u00famberu 8 nel Billboard Hot 100 y el 18 nel Billboard Mainstream Rock Tracks.\u200b<\/div>\n<div><\/div>\n<div style=\"text-align: center\">\n<!-- iframe plugin v.6.0 wordpress.org\/plugins\/iframe\/ -->\n<iframe loading=\"lazy\" width=\"100%\" height=\"492\" src=\"https:\/\/www.youtube.com\/embed\/9jK-NcRmVcw\" title=\"Europe - The Final Countdown (Official Video)\" frameborder=\"0\" allow=\"accelerometer; autoplay; clipboard-write; encrypted-media; gyroscope; picture-in-picture; web-share\" referrerpolicy=\"strict-origin-when-cross-origin\" 0=\"allowfullscreen\" 1=\"\/iframe\" scrolling=\"yes\" class=\"iframe-class\"><\/iframe>\n<\/div>\n<div><\/div>\n<ul>\n<li><strong>\u00abThe Final Countdown\u00bb foi certific\u00e1u como senciellu d&#8217;oru nel Reinu Un\u00edu en 1986.<\/strong><\/li>\n<\/ul>\n<div style=\"text-align: center\">\n<!-- iframe plugin v.6.0 wordpress.org\/plugins\/iframe\/ -->\n<iframe data-testid=\"embed-iframe\" style=\"border-radius:12px\" src=\"https:\/\/open.spotify.com\/embed\/track\/3pVj1Dpgf45D4yCG7w8f6M?utm_source=generator\" width=\"100%\" height=\"352\" frameborder=\"0\" allowfullscreen allow=\"autoplay; clipboard-write; encrypted-media; fullscreen; picture-in-picture\" loading=\"lazy\" 0=\"\/iframe\" scrolling=\"yes\" class=\"iframe-class\"><\/iframe>\n<\/div>\n<div><\/div>\n<div><span style=\"color: #008080\"><strong>Version David Guetta 2025<\/strong><\/span><\/div>\n<div style=\"text-align: center\">\n<!-- iframe plugin v.6.0 wordpress.org\/plugins\/iframe\/ -->\n<iframe data-testid=\"embed-iframe\" style=\"border-radius:12px\" src=\"https:\/\/open.spotify.com\/embed\/track\/21bk4m2BIbuHZ6GKiPqFsG?utm_source=generator\" width=\"100%\" height=\"352\" frameborder=\"0\" allowfullscreen allow=\"autoplay; clipboard-write; encrypted-media; fullscreen; picture-in-picture\" loading=\"lazy\" 0=\"\/iframe\" scrolling=\"yes\" class=\"iframe-class\"><\/iframe>\n<\/div>\n<\/div>\n<\/div>\n<div class=\"x78zum5 xdt5ytf xz62fqu x16ldp7u\">\n<div class=\"xu06os2 x1ok221b\">\n<div class=\"html-div xdj266r x14z9mp xat24cr x1lziwak xexx8yu xyri2b x18d9i69 x1c1uobl\" data-ad-rendering-role=\"profile_name\">\n<ul>\n<li class=\"html-h3 x14z9mp xat24cr x1lziwak xexx8yu xyri2b x18d9i69 x1c1uobl x1vvkbs x1heor9g x1qlqyl8 x1pd3egz x1a2a7pz x1gslohp x1yc453h\"><span class=\"x1lliihq x6ikm8r x10wlt62 x1n2onr6\"><span class=\"xt0psk2\"><span class=\"xjp7ctv\"><a class=\"x1i10hfl xjbqb8w x1ejq31n x18oe1m7 x1sy0etr xstzfhl x972fbf x10w94by x1qhh985 x14e42zd x9f619 x1ypdohk xt0psk2 x3ct3a4 xdj266r x14z9mp xat24cr x1lziwak xexx8yu xyri2b x18d9i69 x1c1uobl x16tdsg8 x1hl2dhg xggy1nq x1a2a7pz xkrqix3 x1sur9pj xzsf02u x1s688f\" role=\"link\" href=\"https:\/\/www.facebook.com\/www.oviedo.es?__cft__[0]=AZWq8QlwTklmUtqBs9ooVWjLi31zMX19Z68vxyRG2XFi3EWOMUu6DwiN1AFj4Dh1QAv7EXffXIAdaYD1zkzT-f5F1S60IJUWSFF_EpcF5A-rSlLjUUPtwdJ0fHmtOH_r5LJ9XFeJU34hyy29BnRZRE4v_Ic5b2ZB-Hbc1hTeIIwyWlMLrqKZ9-p4e8yTbWbrrDSIe_N1EjWRzjjU8RiI3Q8e&amp;__tn__=-UC%2CP-y-R\"><b class=\"html-b xdj266r x14z9mp xat24cr x1lziwak xexx8yu xyri2b x18d9i69 x1c1uobl x1hl2dhg x16tdsg8 x1vvkbs x1s688f\"><span class=\"html-span xdj266r x14z9mp xat24cr x1lziwak xexx8yu xyri2b x18d9i69 x1c1uobl x1hl2dhg x16tdsg8 x1vvkbs\">Ayuntamiento de Oviedo<\/span><\/b><\/a><\/span><\/span><span class=\"html-span xdj266r x14z9mp xat24cr x1lziwak xexx8yu xyri2b x18d9i69 x1c1uobl x1hl2dhg x16tdsg8 x1vvkbs x1dor1uw x1n2onr6 xxymvpz\">\u00a0<\/span><\/span><\/li>\n<\/ul>\n<\/div>\n<\/div>\n<\/div>\n<div class=\"html-div xdj266r x14z9mp xat24cr x1lziwak xexx8yu xyri2b x18d9i69 x1c1uobl\" dir=\"auto\">\n<div class=\"html-div xdj266r x14z9mp xat24cr x1lziwak xexx8yu xyri2b x18d9i69 x1c1uobl\" dir=\"auto\">\n<div class=\"html-div xdj266r x14z9mp xat24cr x1lziwak xexx8yu xyri2b x18d9i69 x1c1uobl\" data-ad-rendering-role=\"story_message\">\n<div class=\"x1l90r2v x1iorvi4 x1g0dm76 xpdmqnj\" data-ad-comet-preview=\"message\" data-ad-preview=\"message\">\n<div class=\"x78zum5 xdt5ytf xz62fqu x16ldp7u\">\n<div class=\"xu06os2 x1ok221b\">\n<div class=\"html-div xdj266r x14z9mp xat24cr x1lziwak xexx8yu xyri2b x18d9i69 x1c1uobl\">\n<div class=\"xdj266r x14z9mp xat24cr x1lziwak x1vvkbs x126k92a\">\n<div dir=\"auto\"><span class=\"html-span xexx8yu xyri2b x18d9i69 x1c1uobl x1hl2dhg x16tdsg8 x1vvkbs x3nfvp2 x1j61x8r x1fcty0u xdj266r xat24cr xm2jcoa x1mpyi22 xxymvpz xlup9mm x1kky2od\"><img loading=\"lazy\" decoding=\"async\" class=\"xz74otr x15mokao x1ga7v0g x16uus16 xbiv7yw\" src=\"https:\/\/static.xx.fbcdn.net\/images\/emoji.php\/v9\/t9e\/1\/16\/1f3b5.png\" alt=\"\ud83c\udfb5\" width=\"16\" height=\"16\" \/><\/span>La Er\u00eda acogi\u00f3 ayer un concierto inolvidable de <span class=\"html-span xdj266r x14z9mp xat24cr x1lziwak xexx8yu xyri2b x18d9i69 x1c1uobl x1hl2dhg x16tdsg8 x1vvkbs\"><a class=\"x1i10hfl xjbqb8w x1ejq31n x18oe1m7 x1sy0etr xstzfhl x972fbf x10w94by x1qhh985 x14e42zd x9f619 x1ypdohk xt0psk2 x3ct3a4 xdj266r x14z9mp xat24cr x1lziwak xexx8yu xyri2b x18d9i69 x1c1uobl x16tdsg8 x1hl2dhg xggy1nq x1a2a7pz xkrqix3 x1sur9pj x1fey0fg x1s688f\" role=\"link\" href=\"https:\/\/www.facebook.com\/europetheband?__cft__[0]=AZWq8QlwTklmUtqBs9ooVWjLi31zMX19Z68vxyRG2XFi3EWOMUu6DwiN1AFj4Dh1QAv7EXffXIAdaYD1zkzT-f5F1S60IJUWSFF_EpcF5A-rSlLjUUPtwdJ0fHmtOH_r5LJ9XFeJU34hyy29BnRZRE4v_Ic5b2ZB-Hbc1hTeIIwyWlMLrqKZ9-p4e8yTbWbrrDSIe_N1EjWRzjjU8RiI3Q8e&amp;__tn__=-]K-y-R\"><span class=\"xt0psk2\"><span class=\"xjp7ctv\">Europe<\/span><\/span><\/a><\/span> , una de las actuaciones internacionales que ofrece la programaci\u00f3n musical de estas fiestas de <span class=\"html-span xdj266r x14z9mp xat24cr x1lziwak xexx8yu xyri2b x18d9i69 x1c1uobl x1hl2dhg x16tdsg8 x1vvkbs\"><a class=\"x1i10hfl xjbqb8w x1ejq31n x18oe1m7 x1sy0etr xstzfhl x972fbf x10w94by x1qhh985 x14e42zd x9f619 x1ypdohk xt0psk2 x3ct3a4 xdj266r x14z9mp xat24cr x1lziwak xexx8yu xyri2b x18d9i69 x1c1uobl x16tdsg8 x1hl2dhg xggy1nq x1a2a7pz xkrqix3 x1sur9pj x1fey0fg x1s688f\" role=\"link\" href=\"https:\/\/www.facebook.com\/hashtag\/sanmateo2025?__eep__=6&amp;__cft__[0]=AZWq8QlwTklmUtqBs9ooVWjLi31zMX19Z68vxyRG2XFi3EWOMUu6DwiN1AFj4Dh1QAv7EXffXIAdaYD1zkzT-f5F1S60IJUWSFF_EpcF5A-rSlLjUUPtwdJ0fHmtOH_r5LJ9XFeJU34hyy29BnRZRE4v_Ic5b2ZB-Hbc1hTeIIwyWlMLrqKZ9-p4e8yTbWbrrDSIe_N1EjWRzjjU8RiI3Q8e&amp;__tn__=*NK-y-R\">#SanMateo2025<\/a><\/span><span class=\"html-span xexx8yu xyri2b x18d9i69 x1c1uobl x1hl2dhg x16tdsg8 x1vvkbs x3nfvp2 x1j61x8r x1fcty0u xdj266r xat24cr xm2jcoa x1mpyi22 xxymvpz xlup9mm x1kky2od\"><img loading=\"lazy\" decoding=\"async\" class=\"xz74otr x15mokao x1ga7v0g x16uus16 xbiv7yw\" src=\"https:\/\/static.xx.fbcdn.net\/images\/emoji.php\/v9\/t9e\/1\/16\/27a1.png\" alt=\"\u27a1\ufe0f\" width=\"16\" height=\"16\" \/><\/span>Consulta todos los conciertos en <span class=\"html-span xdj266r x14z9mp xat24cr x1lziwak xexx8yu xyri2b x18d9i69 x1c1uobl x1hl2dhg x16tdsg8 x1vvkbs\"><a class=\"x1i10hfl xjbqb8w x1ejq31n x18oe1m7 x1sy0etr xstzfhl x972fbf x10w94by x1qhh985 x14e42zd x9f619 x1ypdohk xt0psk2 x3ct3a4 xdj266r x14z9mp xat24cr x1lziwak xexx8yu xyri2b x18d9i69 x1c1uobl x16tdsg8 x1hl2dhg xggy1nq x1a2a7pz xkrqix3 x1sur9pj x1fey0fg x1s688f\" role=\"link\" href=\"http:\/\/sanmateo.oviedo.es\/musica?fbclid=IwZXh0bgNhZW0CMTAAYnJpZBEwbmNGa1NlRW0xUXFQVHQ5RgEeAgHZXo_qOo8ECVY4BY9oM0v-uLd52cL-oooEbd9H0t0zjFhrn3097sLS6Vs_aem_EToJXptznvQgU00n0qr_7g\" target=\"_blank\" rel=\"nofollow noopener noreferrer\">sanmateo.oviedo.es\/musica<\/a><\/span><\/div>\n<div dir=\"auto\"><\/div>\n<\/div>\n<div dir=\"auto\" style=\"text-align: center\">\n<!-- iframe plugin v.6.0 wordpress.org\/plugins\/iframe\/ -->\n<iframe loading=\"lazy\" src=\"https:\/\/www.facebook.com\/plugins\/video.php?height=314&#038;href=https%3A%2F%2Fwww.facebook.com%2Fwww.oviedo.es%2Fvideos%2F2194943284334868%2F&#038;show_text=false&#038;width=560&#038;t=0\" width=\"560\" height=\"314\" style=\"border:none;overflow:hidden\" scrolling=\"no\" frameborder=\"0\" allowfullscreen=\"true\" allow=\"autoplay; clipboard-write; encrypted-media; picture-in-picture; web-share\" 0=\"\/iframe\" class=\"iframe-class\"><\/iframe>\n<\/div>\n<div dir=\"auto\"><\/div>\n<\/div>\n<div dir=\"auto\" style=\"text-align: center\">\n<!-- iframe plugin v.6.0 wordpress.org\/plugins\/iframe\/ -->\n<iframe loading=\"lazy\" src=\"https:\/\/www.facebook.com\/plugins\/post.php?href=https%3A%2F%2Fwww.facebook.com%2Fphoto.php%3Ffbid%3D1201173122047509%26set%3Da.647557834075710%26type%3D3&#038;show_text=false&#038;width=500\" width=\"500\" height=\"664\" style=\"border:none;overflow:hidden\" scrolling=\"no\" frameborder=\"0\" allowfullscreen=\"true\" allow=\"autoplay; clipboard-write; encrypted-media; picture-in-picture; web-share\" 0=\"\/iframe\" class=\"iframe-class\"><\/iframe>\n<\/div>\n<\/div>\n<\/div>\n<\/div>\n<\/div>\n<\/div>\n<\/div>\n<p style=\"text-align: center\"><span class=\"x193iq5w xeuugli x13faqbe x1vvkbs xt0psk2 x1i0vuye xvs91rp xo1l8bm x5n08af x10wh9bi xpm28yp x8viiok x1o7cslx x126k92a\"><br \/>\n.<\/span><\/p>\n","protected":false},"excerpt":{"rendered":"<p>Joey Tempest, l\u00edder de \u00abEurope\u00bb, qu&#8217;act\u00faa g\u00fcei n&#8217;Uvi\u00e9u: \u00ab\u2018The Final Countdown\u2019 xune a tol mundu, siempres ye un prestar interpretalo\u00bb. \u00abTamos emocionaos por tocar n&#8217;Uvi\u00e9u; siempres salimos a dalo tou nel escenariu\u00bb, se\u00f1ala&#8217;l cantante y guitarrista del m\u00edticu grupu suecu. LNE #SanMateo2025<\/p>\n","protected":false},"author":117,"featured_media":0,"comment_status":"closed","ping_status":"open","sticky":false,"template":"","format":"standard","meta":{"footnotes":""},"categories":[21,33],"tags":[],"class_list":["post-57758","post","type-post","status-publish","format-standard","hentry","category-fiestes","category-uvieu"],"_links":{"self":[{"href":"https:\/\/edublog.educastur.es\/ixuxu\/wp-json\/wp\/v2\/posts\/57758","targetHints":{"allow":["GET"]}}],"collection":[{"href":"https:\/\/edublog.educastur.es\/ixuxu\/wp-json\/wp\/v2\/posts"}],"about":[{"href":"https:\/\/edublog.educastur.es\/ixuxu\/wp-json\/wp\/v2\/types\/post"}],"author":[{"embeddable":true,"href":"https:\/\/edublog.educastur.es\/ixuxu\/wp-json\/wp\/v2\/users\/117"}],"replies":[{"embeddable":true,"href":"https:\/\/edublog.educastur.es\/ixuxu\/wp-json\/wp\/v2\/comments?post=57758"}],"version-history":[{"count":10,"href":"https:\/\/edublog.educastur.es\/ixuxu\/wp-json\/wp\/v2\/posts\/57758\/revisions"}],"predecessor-version":[{"id":57885,"href":"https:\/\/edublog.educastur.es\/ixuxu\/wp-json\/wp\/v2\/posts\/57758\/revisions\/57885"}],"wp:attachment":[{"href":"https:\/\/edublog.educastur.es\/ixuxu\/wp-json\/wp\/v2\/media?parent=57758"}],"wp:term":[{"taxonomy":"category","embeddable":true,"href":"https:\/\/edublog.educastur.es\/ixuxu\/wp-json\/wp\/v2\/categories?post=57758"},{"taxonomy":"post_tag","embeddable":true,"href":"https:\/\/edublog.educastur.es\/ixuxu\/wp-json\/wp\/v2\/tags?post=57758"}],"curies":[{"name":"wp","href":"https:\/\/api.w.org\/{rel}","templated":true}]}}