{"id":57766,"date":"2025-09-14T08:30:58","date_gmt":"2025-09-14T06:30:58","guid":{"rendered":"https:\/\/edublog.educastur.es\/ixuxu\/?p=57766"},"modified":"2025-09-14T10:21:57","modified_gmt":"2025-09-14T08:21:57","slug":"el-tiempu-el-comercio-137","status":"publish","type":"post","link":"https:\/\/edublog.educastur.es\/ixuxu\/2025\/09\/el-tiempu-el-comercio-137\/","title":{"rendered":"El tiempu (El Comercio)"},"content":{"rendered":"<p style=\"text-align: center\"><a href=\"https:\/\/s3.ppllstatics.com\/elcomercio\/www\/multimedia\/2025\/09\/13\/prevision-tiempo-asturias-k5aE-U2302588077118HVD-1200x870@El%20Comercio.jpg\"><img loading=\"lazy\" decoding=\"async\" class=\"aligncenter size-large\" src=\"https:\/\/s3.ppllstatics.com\/elcomercio\/www\/multimedia\/2025\/09\/13\/prevision-tiempo-asturias-k5aE-U2302588077118HVD-1200x870@El%20Comercio.jpg\" width=\"1200\" height=\"870\" \/><\/a><\/p>\n<p>Vamos encarar un domingu soleyeru mientres tol d\u00eda (sacantes delles nubes nam\u00e1 a primer hores de la ma\u00f1ana) en tol Princip\u00e1u d&#8217;Asturies.<strong> Los vientos<\/strong> van ser fluexos y variables, predominando d&#8217;oeste na mari\u00f1a y de sur-suroeste nel interior.<strong> Les temperatures m\u00e1ximes<\/strong> van xubir hasta 4 o 5 \u00baC respectu al s\u00e1badu en casi tola rex\u00f3n. <strong>Na mari\u00f1a y en dellos puntos del oeste<\/strong> l&#8217;ascensu va ser daqu\u00e9 m\u00e1s llixeru (hasta 2 o 3 \u00baC m\u00e1s). Con \u00e9ses van anotase los 26\/27 \u00baC en casi tol interior, salvu nel interior occidental onde podr\u00eden rondar los 29\/30 \u00baC. Nes localidaes costeres, polo xeneral, va llegar a los 24 o 25 \u00baC.<\/p>\n<p><!--more--><\/p>\n<p><strong>El llunes<\/strong> va crucianos un frente fr\u00edu pocu activu que va dexar abondosu nubosidad n&#8217;Asturies que va dir entrando dende&#8217;l lladral oeste a lo llargo de la ma\u00f1ana. Estes nubes tami\u00e9n van dexar precipitaciones de calter d\u00e9bil que se van dir xeneralizando por tola Comunid\u00e1 Aut\u00f3noma. Am\u00e1s, les temperatures van baxar de forma notable cuidao que, al respective de les que se rexistren el domingu, van baxar hasta 6\/8 \u00baC menos. Poro, va haber poblaciones asturianes que-yos cueste algamar los 20 \u00baC. Asina tou, el tiempu va dir ameyorando col intre de la selmana y volveremos tener d\u00edes soleyeros y con temperatures percima de los 25 \u00baC.<\/p>\n","protected":false},"excerpt":{"rendered":"<p>Vamos encarar un domingu soleyeru mientres tol d\u00eda (sacantes delles nubes nam\u00e1 a primer hores de la ma\u00f1ana) en tol Princip\u00e1u d&#8217;Asturies. Los vientos van ser fluexos y variables, predominando d&#8217;oeste na mari\u00f1a y de sur-suroeste nel interior. Les temperatures m\u00e1ximes van xubir hasta 4 o 5 \u00baC respectu al s\u00e1badu en casi tola rex\u00f3n. [&hellip;]<\/p>\n","protected":false},"author":117,"featured_media":0,"comment_status":"closed","ping_status":"open","sticky":false,"template":"","format":"standard","meta":{"footnotes":""},"categories":[5],"tags":[],"class_list":["post-57766","post","type-post","status-publish","format-standard","hentry","category-tiempu"],"_links":{"self":[{"href":"https:\/\/edublog.educastur.es\/ixuxu\/wp-json\/wp\/v2\/posts\/57766","targetHints":{"allow":["GET"]}}],"collection":[{"href":"https:\/\/edublog.educastur.es\/ixuxu\/wp-json\/wp\/v2\/posts"}],"about":[{"href":"https:\/\/edublog.educastur.es\/ixuxu\/wp-json\/wp\/v2\/types\/post"}],"author":[{"embeddable":true,"href":"https:\/\/edublog.educastur.es\/ixuxu\/wp-json\/wp\/v2\/users\/117"}],"replies":[{"embeddable":true,"href":"https:\/\/edublog.educastur.es\/ixuxu\/wp-json\/wp\/v2\/comments?post=57766"}],"version-history":[{"count":1,"href":"https:\/\/edublog.educastur.es\/ixuxu\/wp-json\/wp\/v2\/posts\/57766\/revisions"}],"predecessor-version":[{"id":57767,"href":"https:\/\/edublog.educastur.es\/ixuxu\/wp-json\/wp\/v2\/posts\/57766\/revisions\/57767"}],"wp:attachment":[{"href":"https:\/\/edublog.educastur.es\/ixuxu\/wp-json\/wp\/v2\/media?parent=57766"}],"wp:term":[{"taxonomy":"category","embeddable":true,"href":"https:\/\/edublog.educastur.es\/ixuxu\/wp-json\/wp\/v2\/categories?post=57766"},{"taxonomy":"post_tag","embeddable":true,"href":"https:\/\/edublog.educastur.es\/ixuxu\/wp-json\/wp\/v2\/tags?post=57766"}],"curies":[{"name":"wp","href":"https:\/\/api.w.org\/{rel}","templated":true}]}}