{"id":57798,"date":"2025-09-13T21:00:32","date_gmt":"2025-09-13T19:00:32","guid":{"rendered":"https:\/\/edublog.educastur.es\/ixuxu\/?p=57798"},"modified":"2025-09-28T21:42:46","modified_gmt":"2025-09-28T19:42:46","slug":"57798","status":"publish","type":"post","link":"https:\/\/edublog.educastur.es\/ixuxu\/2025\/09\/57798\/","title":{"rendered":"Tarde entra\u00f1able y emotiva del merec\u00edu homenaxe a Jos\u00e9 A. Lobato, actor uvi\u00e9in"},"content":{"rendered":"<div class=\"xu06os2 x1ok221b\">\n<div class=\"html-div xdj266r x14z9mp xat24cr x1lziwak xexx8yu xyri2b x18d9i69 x1c1uobl\" data-ad-rendering-role=\"profile_name\">\n<ul>\n<li class=\"html-h2 x14z9mp xat24cr x1lziwak xexx8yu xyri2b x18d9i69 x1c1uobl x1vvkbs x1heor9g x1qlqyl8 x1pd3egz x1a2a7pz x1gslohp x1yc453h\"><span class=\"x193iq5w xeuugli x13faqbe x1vvkbs x1xmvt09 x1f6kntn xvq8zen xo1l8bm xi81zsa\"><b class=\"html-b xdj266r x14z9mp xat24cr x1lziwak xexx8yu xyri2b x18d9i69 x1c1uobl x1hl2dhg x16tdsg8 x1vvkbs x1s688f\"><span class=\"xt0psk2\"><span class=\"xjp7ctv\"><span class=\"html-span xdj266r x14z9mp xat24cr x1lziwak xexx8yu xyri2b x18d9i69 x1c1uobl x1hl2dhg x16tdsg8 x1vvkbs\"><a class=\"x1i10hfl xjbqb8w x1ejq31n x18oe1m7 x1sy0etr xstzfhl x972fbf x10w94by x1qhh985 x14e42zd x9f619 x1ypdohk xt0psk2 x3ct3a4 xdj266r x14z9mp xat24cr x1lziwak xexx8yu xyri2b x18d9i69 x1c1uobl x16tdsg8 x1hl2dhg xggy1nq x1a2a7pz xkrqix3 x1sur9pj xzsf02u x1s688f\" role=\"link\" href=\"https:\/\/www.facebook.com\/isa.lobo.35?__cft__[0]=AZUWUHGY6-93DF2P9LgM8R_UX7PkFGgLc1fCI2yz4V-jz5uuRauA9yirY_mmqc94jgD0o_KezdDt-uMSizHXkK_N3LL2f6u99yEhOqXRK4um9ZWj0b4cH4w2P926jpOs2x1_Ntjh5ARU42SjIN-pTtCRs8Yze6MVLsxLhspWz7cWjt75RU91W3bi248Ht_Fx0CU&amp;__tn__=-]C%2CP-R\">Isa Lobo<\/a><\/span><\/span><\/span><\/b> t\u00e1 con <b class=\"html-b xdj266r x14z9mp xat24cr x1lziwak xexx8yu xyri2b x18d9i69 x1c1uobl x1hl2dhg x16tdsg8 x1vvkbs x1s688f\"><span class=\"xt0psk2\"><span class=\"xjp7ctv\"><span class=\"html-span xdj266r x14z9mp xat24cr x1lziwak xexx8yu xyri2b x18d9i69 x1c1uobl x1hl2dhg x16tdsg8 x1vvkbs\"><a class=\"x1i10hfl xjbqb8w x1ejq31n x18oe1m7 x1sy0etr xstzfhl x972fbf x10w94by x1qhh985 x14e42zd x9f619 x1ypdohk xt0psk2 x3ct3a4 xdj266r x14z9mp xat24cr x1lziwak xexx8yu xyri2b x18d9i69 x1c1uobl x16tdsg8 x1hl2dhg xggy1nq x1a2a7pz xkrqix3 x1sur9pj xzsf02u x1s688f\" role=\"link\" href=\"https:\/\/www.facebook.com\/gladyspriede?__cft__[0]=AZUWUHGY6-93DF2P9LgM8R_UX7PkFGgLc1fCI2yz4V-jz5uuRauA9yirY_mmqc94jgD0o_KezdDt-uMSizHXkK_N3LL2f6u99yEhOqXRK4um9ZWj0b4cH4w2P926jpOs2x1_Ntjh5ARU42SjIN-pTtCRs8Yze6MVLsxLhspWz7cWjt75RU91W3bi248Ht_Fx0CU&amp;__tn__=-]C%2CP-R\">Sara Gladys P\u00e9rez Priede<\/a><\/span><\/span><\/span><\/b>\u00a0<\/span><\/li>\n<\/ul>\n<p style=\"text-align: center\"><a href=\"https:\/\/www.uniondeactores.com\/images\/noticias\/Obituario\/Jose-Antonio-Lobato.jpg\"><img loading=\"lazy\" decoding=\"async\" class=\"aligncenter \" src=\"https:\/\/www.uniondeactores.com\/images\/noticias\/Obituario\/Jose-Antonio-Lobato.jpg\" width=\"537\" height=\"350\" \/><\/a><\/p>\n<\/div>\n<\/div>\n<div class=\"html-div xdj266r x14z9mp xat24cr x1lziwak xexx8yu xyri2b x18d9i69 x1c1uobl\" dir=\"auto\">\n<div class=\"html-div xdj266r x14z9mp xat24cr x1lziwak xexx8yu xyri2b x18d9i69 x1c1uobl\" data-ad-rendering-role=\"story_message\">\n<div id=\"_r_g4_\" class=\"x1l90r2v x1iorvi4 x1g0dm76 xpdmqnj\" data-ad-comet-preview=\"message\" data-ad-preview=\"message\">\n<div class=\"x78zum5 xdt5ytf xz62fqu x16ldp7u\">\n<div class=\"xu06os2 x1ok221b\">\n<div class=\"html-div xdj266r x14z9mp xat24cr x1lziwak xexx8yu xyri2b x18d9i69 x1c1uobl\">\n<div class=\"xdj266r x14z9mp xat24cr x1lziwak x1vvkbs x126k92a\">\n<div dir=\"auto\">Acompa\u00f1ando a la familia, amigos, compa\u00f1eros y almiradores de J. Antonio Lobato. Queden estes semeyes d&#8217;alcordanza d&#8217;una tarde entra\u00f1able y emotiva del merec\u00edu homenaxe a Jos\u00e9 record\u00e1ndo-y tami\u00e9n nuna entrevista y resume d&#8217;actuaciones. Gracies a FAVO y a toos quien colabor\u00e1steis y acompa\u00f1\u00e1steis, d&#8217;una o otra forma.<\/div>\n<div dir=\"auto\"><!--more--><\/div>\n<div dir=\"auto\" style=\"text-align: center\">\n<!-- iframe plugin v.6.0 wordpress.org\/plugins\/iframe\/ -->\n<iframe loading=\"lazy\" src=\"https:\/\/www.facebook.com\/plugins\/post.php?href=https%3A%2F%2Fwww.facebook.com%2Fphoto.php%3Ffbid%3D10236631866271557%26set%3Da.4224429083954%26type%3D3&#038;show_text=false&#038;width=500\" width=\"500\" height=\"480\" style=\"border:none;overflow:hidden\" scrolling=\"no\" frameborder=\"0\" allowfullscreen=\"true\" allow=\"autoplay; clipboard-write; encrypted-media; picture-in-picture; web-share\" 0=\"\/iframe\" class=\"iframe-class\"><\/iframe>\n<\/div>\n<div dir=\"auto\"><\/div>\n<\/div>\n<div dir=\"auto\">\n<p>El mundu de la Cultura al pie de la <strong>FAVO (Federaci\u00f3n d&#8217;Asociaciones de Vecinos d&#8217;Uvi\u00e9u)<\/strong> rinden homenaxe al gran actor Jos\u00e9 Antonio Lobato esti s\u00e1badu, 13 de setiembre, a les 20.00 hores con una gala nel teatru Filarm\u00f3nica. Na Gala \u201cVoz, actor\u201d collabora la Fundaci\u00f3n Municipal de Cultura del Conceyu d&#8217;Uvi\u00e9u, que quier sumase a l&#8217;alcordanza del actor que punxo&#8217;l so nome al teatru del barriu de Pumar\u00edn.<\/p>\n<p style=\"text-align: center\">\n<!-- iframe plugin v.6.0 wordpress.org\/plugins\/iframe\/ -->\n<iframe loading=\"lazy\" src=\"https:\/\/www.facebook.com\/plugins\/post.php?href=https%3A%2F%2Fwww.facebook.com%2Fisa.lobo.35%2Fposts%2Fpfbid087npnVjuQL29LZ464uvA6Rs3LzEBiUrtnDzqCquBSVJ3gtna94mEobYV8xF1i6Edl&#038;show_text=true&#038;width=500\" width=\"500\" height=\"639\" style=\"border:none;overflow:hidden\" scrolling=\"no\" frameborder=\"0\" allowfullscreen=\"true\" allow=\"autoplay; clipboard-write; encrypted-media; picture-in-picture; web-share\" 0=\"\/iframe\" class=\"iframe-class\"><\/iframe>\n<\/p>\n<p>L&#8217;homenaxe cel\u00e9brase cuando se cumplen cinco a\u00f1os del fallecimientu d&#8217;<strong>unu de los mayores esponentes asturianos de la interpretaci\u00f3n, que destac\u00f3 non solo pola so faer nes tables, la televisi\u00f3n o&#8217;l cine, sin\u00f3n pol so potent\u00edsima voz na radio y el doblaxe, y el so compromisu social.<\/strong><\/p>\n<p>Bastante ye que, Lobato lluch\u00f3 contra les inxusticies emprest\u00e1ndose a trabayar coldu a coldu con aquellos que defend\u00eden una causa xusta.<\/p>\n<p>La gala, d&#8217;entrada llibre hasta completar aforu, va ufiertar al p\u00fablicu artes esc\u00e9niques, m\u00fasica y dalguna qu&#8217;otra sorpresa. Destaca l&#8217;actuaci\u00f3n, ente otros, de Xuacu Amieva, H\u00e9ctor Braga, Fran Delgado con \u00c1lvaro B\u00e1rcena, Toli Morilla o David Varela baxu la batuta de Sonia Ablanedo como presentadora.<\/p>\n<\/div>\n<div class=\"xdj266r x14z9mp xat24cr x1lziwak x1vvkbs x126k92a\">\n<div dir=\"auto\"><\/div>\n<div dir=\"auto\">\n<ul>\n<li class=\"font-size-m padding-b-20 font-weight-b margin-t-16\"><a href=\"https:\/\/www.rtpa.es\/noticias-sociedad-ast:Muerre-l'actor-Jose-Antonio-Lobato,-fundador-del-grupu-de-teatru-Margen_111600077534.html\">Lobato desenvolvi\u00f3 principalmente la so carrera nos teatros d&#8217;Asturies y del restu d&#8217;Espa\u00f1a. RTPA<\/a><\/li>\n<\/ul>\n<p>L&#8217;actor asturianu Jos\u00e9 Antonio Lobato, fundador de la compa\u00f1\u00eda teatral Margen, fin\u00f3 esta madrugada n&#8217;Uvi\u00e9u a los 64 a\u00f1os tres una llarga enfermed\u00e1, seg\u00fan confirmaron fontes del grupu teatral con m\u00e1s de cuarenta a\u00f1os d&#8217;hestoria.<\/p>\n<p>Lobato desenvolvi\u00f3 principalmente la so carrera nos teatros d&#8217;Asturies y del restu d&#8217;Espa\u00f1a, anque tami\u00e9n particip\u00f3 en delles series de televisi\u00f3n como &#8216;El Ministerio del Tiempo&#8217;, na qu&#8217;encarn\u00f3&#8217;l papel d&#8217;Armando Leiva, un personaxe del sieglu XIX.<\/p>\n<p>L&#8217;actor uvie\u00edn, como unu de los responsables del grupu Margen, recoy\u00f3 en 2018 la Medaya de Plata de la ciud\u00e1 d&#8217;Uvi\u00e9u y en 2019 el llabor de la compa\u00f1\u00eda teatral foi reconoc\u00edu col Premiu OH! d&#8217;Honor que da l&#8217;Asociaci\u00f3n de Compa\u00f1\u00edes Profesionales de Teatru y Danza d&#8217;Asturies (Acpta) y Foroescena.<\/p>\n<p style=\"text-align: center\">\n<!-- iframe plugin v.6.0 wordpress.org\/plugins\/iframe\/ -->\n<iframe loading=\"lazy\" src=\"https:\/\/www.facebook.com\/plugins\/post.php?href=https%3A%2F%2Fwww.facebook.com%2Fgladyspriede%2Fposts%2Fpfbid02HTUNtyc6N3fgyvgLDj5AxkV4gVCQ1CXLkkUmak6wsmhPpp6RMRXEXw1oZ4y5BdTtl&#038;show_text=false&#038;width=500\" width=\"500\" height=\"498\" style=\"border:none;overflow:hidden\" scrolling=\"no\" frameborder=\"0\" allowfullscreen=\"true\" allow=\"autoplay; clipboard-write; encrypted-media; picture-in-picture; web-share\" 0=\"\/iframe\" class=\"iframe-class\"><\/iframe>\n<\/p>\n<\/div>\n<div class=\"html-div xdj266r x14z9mp xat24cr x1lziwak xexx8yu xyri2b x18d9i69 x1c1uobl\">\n<div class=\"html-div xdj266r x14z9mp xat24cr x1lziwak xexx8yu xyri2b x18d9i69 x1c1uobl\" dir=\"auto\">\n<div class=\"html-div xdj266r x14z9mp xat24cr x1lziwak xexx8yu xyri2b x18d9i69 x1c1uobl\" data-ad-rendering-role=\"story_message\">\n<div id=\"_r_it_\" class=\"x1l90r2v x1iorvi4 x1g0dm76 xpdmqnj\" data-ad-comet-preview=\"message\" data-ad-preview=\"message\">\n<div class=\"x78zum5 xdt5ytf xz62fqu x16ldp7u\">\n<div class=\"xu06os2 x1ok221b\">\n<div class=\"html-div xdj266r x14z9mp xat24cr x1lziwak xexx8yu xyri2b x18d9i69 x1c1uobl\">\n<div class=\"xdj266r x14z9mp xat24cr x1lziwak x1vvkbs x126k92a\">\n<div dir=\"auto\">Este maravilloso cartel es de Nanu Gonz\u00e1lez (nanu_gonzalez_illustration)<\/div>\n<div dir=\"auto\" style=\"text-align: center\"><a href=\"https:\/\/estaticos-cdn.prensaiberica.es\/clip\/f84da123-6d47-40f3-acb0-84d4fb4a3ffc_16-9-aspect-ratio_default_0.webp\"><img loading=\"lazy\" decoding=\"async\" class=\"aligncenter size-large\" src=\"https:\/\/estaticos-cdn.prensaiberica.es\/clip\/f84da123-6d47-40f3-acb0-84d4fb4a3ffc_16-9-aspect-ratio_default_0.webp\" width=\"880\" height=\"495\" \/><\/a><\/div>\n<\/div>\n<\/div>\n<\/div>\n<\/div>\n<\/div>\n<\/div>\n<\/div>\n<div id=\"_r_iu_\" class=\"html-div xdj266r x14z9mp xat24cr x1lziwak xexx8yu xyri2b x18d9i69 x1c1uobl x1n2onr6\">\n<div class=\"html-div xdj266r x14z9mp xat24cr x1lziwak xexx8yu xyri2b x18d9i69 x1c1uobl x1n2onr6\"><\/div>\n<div class=\"html-div xdj266r x14z9mp xat24cr x1lziwak xexx8yu xyri2b x18d9i69 x1c1uobl x6ikm8r x10wlt62\" style=\"text-align: center\">Semeya: <a href=\"https:\/\/www.lne.es\/oviedo\/2025\/09\/14\/teatro-vuelca-maestro-lobato-cinco-121547908.html\">LNE<\/a><\/div>\n<div style=\"text-align: center\">\n<!-- iframe plugin v.6.0 wordpress.org\/plugins\/iframe\/ -->\n<iframe loading=\"lazy\" width=\"100%\" height=\"487\" src=\"https:\/\/www.youtube.com\/embed\/Exz1ZEW0mjY\" title=\"Homenaje Jose A Lobato Filarmonica\" frameborder=\"0\" allow=\"accelerometer; autoplay; clipboard-write; encrypted-media; gyroscope; picture-in-picture; web-share\" referrerpolicy=\"strict-origin-when-cross-origin\" 0=\"allowfullscreen\" 1=\"\/iframe\" scrolling=\"yes\" class=\"iframe-class\"><\/iframe>\n<\/div>\n<\/div>\n<\/div>\n<div>\n<div class=\"xabvvm4 xeyy32k x1ia1hqs x1a2w583 x6ikm8r x10wlt62\" data-visualcompletion=\"ignore-dynamic\">\n<div>\n<div>\n<div>\n<div class=\"x1n2onr6\">\n<div class=\"x6s0dn4 xi81zsa x78zum5 x6prxxf x13a6bvl xvq8zen xdj266r xat24cr x1c1uobl xyri2b x1diwwjn xbmvrgn x1yrsyyn x18d9i69\">\n<div class=\"x6s0dn4 x78zum5 x1iyjqo2 x6ikm8r x10wlt62\">\n<p>&nbsp;<\/p>\n<div>\n<div class=\"x1i10hfl xjbqb8w x1ejq31n x18oe1m7 x1sy0etr xstzfhl x972fbf x10w94by x1qhh985 x14e42zd x9f619 x1ypdohk x3ct3a4 xdj266r x14z9mp xat24cr x1lziwak xexx8yu xyri2b x18d9i69 x1c1uobl x16tdsg8 x1hl2dhg xggy1nq x1fmog5m xu25z0z x140muxe xo1y3bh x1n2onr6 x87ps6o x1lku1pv x1a2a7pz x1heor9g xnl1qt8 x6ikm8r x10wlt62 x1vjfegm x1lliihq\" role=\"button\"><\/div>\n<\/div>\n<\/div>\n<div class=\"x1c4vz4f x2lah0s xci0xqf\"><\/div>\n<div class=\"x9f619 x1ja2u2z x78zum5 x2lah0s x1n2onr6 x1qughib x1qjc9v5 xozqiw3 x1q0g3np x1ws5yxj xw01apr x4cne27 xifccgj x123j3cw xs9asl8\"><\/div>\n<\/div>\n<\/div>\n<\/div>\n<\/div>\n<\/div>\n<\/div>\n<\/div>\n<\/div>\n<\/div>\n<\/div>\n<\/div>\n<\/div>\n<\/div>\n<\/div>\n<p>&nbsp;<\/p>\n","protected":false},"excerpt":{"rendered":"<p>Isa Lobo t\u00e1 con Sara Gladys P\u00e9rez Priede\u00a0 Acompa\u00f1ando a la familia, amigos, compa\u00f1eros y almiradores de J. Antonio Lobato. Queden estes semeyes d&#8217;alcordanza d&#8217;una tarde entra\u00f1able y emotiva del merec\u00edu homenaxe a Jos\u00e9 record\u00e1ndo-y tami\u00e9n nuna entrevista y resume d&#8217;actuaciones. Gracies a FAVO y a toos quien colabor\u00e1steis y acompa\u00f1\u00e1steis, d&#8217;una o otra forma.<\/p>\n","protected":false},"author":117,"featured_media":0,"comment_status":"closed","ping_status":"open","sticky":false,"template":"","format":"standard","meta":{"footnotes":""},"categories":[82],"tags":[],"class_list":["post-57798","post","type-post","status-publish","format-standard","hentry","category-teatru"],"_links":{"self":[{"href":"https:\/\/edublog.educastur.es\/ixuxu\/wp-json\/wp\/v2\/posts\/57798","targetHints":{"allow":["GET"]}}],"collection":[{"href":"https:\/\/edublog.educastur.es\/ixuxu\/wp-json\/wp\/v2\/posts"}],"about":[{"href":"https:\/\/edublog.educastur.es\/ixuxu\/wp-json\/wp\/v2\/types\/post"}],"author":[{"embeddable":true,"href":"https:\/\/edublog.educastur.es\/ixuxu\/wp-json\/wp\/v2\/users\/117"}],"replies":[{"embeddable":true,"href":"https:\/\/edublog.educastur.es\/ixuxu\/wp-json\/wp\/v2\/comments?post=57798"}],"version-history":[{"count":12,"href":"https:\/\/edublog.educastur.es\/ixuxu\/wp-json\/wp\/v2\/posts\/57798\/revisions"}],"predecessor-version":[{"id":58882,"href":"https:\/\/edublog.educastur.es\/ixuxu\/wp-json\/wp\/v2\/posts\/57798\/revisions\/58882"}],"wp:attachment":[{"href":"https:\/\/edublog.educastur.es\/ixuxu\/wp-json\/wp\/v2\/media?parent=57798"}],"wp:term":[{"taxonomy":"category","embeddable":true,"href":"https:\/\/edublog.educastur.es\/ixuxu\/wp-json\/wp\/v2\/categories?post=57798"},{"taxonomy":"post_tag","embeddable":true,"href":"https:\/\/edublog.educastur.es\/ixuxu\/wp-json\/wp\/v2\/tags?post=57798"}],"curies":[{"name":"wp","href":"https:\/\/api.w.org\/{rel}","templated":true}]}}