{"id":57808,"date":"2025-09-15T08:30:49","date_gmt":"2025-09-15T06:30:49","guid":{"rendered":"https:\/\/edublog.educastur.es\/ixuxu\/?p=57808"},"modified":"2025-09-14T23:04:49","modified_gmt":"2025-09-14T21:04:49","slug":"el-tiempu-el-comercio-138","status":"publish","type":"post","link":"https:\/\/edublog.educastur.es\/ixuxu\/2025\/09\/el-tiempu-el-comercio-138\/","title":{"rendered":"El tiempu (El Comercio)"},"content":{"rendered":"<p style=\"text-align: center\"><a href=\"https:\/\/s2.ppllstatics.com\/elcomercio\/www\/multimedia\/2025\/09\/14\/prevision-tiempo-asturias-k4gB-U2302588077118HVD-1200x870@El%20Comercio.jpg\"><img loading=\"lazy\" decoding=\"async\" class=\"aligncenter size-large\" src=\"https:\/\/s2.ppllstatics.com\/elcomercio\/www\/multimedia\/2025\/09\/14\/prevision-tiempo-asturias-k4gB-U2302588077118HVD-1200x870@El%20Comercio.jpg\" width=\"1200\" height=\"870\" \/><\/a><\/p>\n<p>Vamos encarar un llunes marc\u00e1u tantu peles nubes, como poles precipitaciones y, especialmente, por un descensu bien importante de les temperatures. Vamos <strong>amanecer<\/strong> con cielos y\u00e1 bien nublos salvu, s\u00eda que non, nel sur de la rex\u00f3n. Asina tou, <strong>les nubes<\/strong> r\u00e1pido van acabase estendiendo por tol cielu asturianu y van dexar precipitaciones d\u00e9biles que van percorrer la rex\u00f3n d&#8217;occidente a oriente. Van ser m\u00e1s frecuentes mientres la ma\u00f1ana, <strong>pero pela tarde<\/strong> tami\u00e9n van faer actu de presencia, sobremanera nel oriente. <strong>A la fin de la tarde<\/strong> nun se refuga l&#8217;apertura de dalg\u00fan cobarde claru nel sector occidental. <strong>Les temperatures<\/strong> van baxar de forma xeneralizada ente 6 y 8 \u00baC en tol Princip\u00e1u, con dalg\u00fan descensu daqu\u00e9 m\u00e1s moder\u00e1u en zones costeres del centru y del oriente. Con \u00e9ses na mari\u00f1a van llegase algamar los 19 o 20 \u00baC a lo sumo, y na mayor parte del interior los 18\/19 \u00baC, cola esceici\u00f3n del suroccidente onde podr\u00eden rexistrase les m\u00e1ximes m\u00e1s altes con 21 o 22 \u00baC n&#8217;Ibias por casu. El tiempu va empezar a ameyorar <strong>a partir del martes<\/strong>, dando pasu a unos d\u00edes que volver\u00e1n tar soleyeros y con temperatures percima de los 25 \u00baC con facilid\u00e1.<\/p>\n<p>&nbsp;<\/p>\n","protected":false},"excerpt":{"rendered":"<p>Vamos encarar un llunes marc\u00e1u tantu peles nubes, como poles precipitaciones y, especialmente, por un descensu bien importante de les temperatures. Vamos amanecer con cielos y\u00e1 bien nublos salvu, s\u00eda que non, nel sur de la rex\u00f3n. Asina tou, les nubes r\u00e1pido van acabase estendiendo por tol cielu asturianu y van dexar precipitaciones d\u00e9biles que [&hellip;]<\/p>\n","protected":false},"author":117,"featured_media":0,"comment_status":"closed","ping_status":"open","sticky":false,"template":"","format":"standard","meta":{"footnotes":""},"categories":[5],"tags":[],"class_list":["post-57808","post","type-post","status-publish","format-standard","hentry","category-tiempu"],"_links":{"self":[{"href":"https:\/\/edublog.educastur.es\/ixuxu\/wp-json\/wp\/v2\/posts\/57808","targetHints":{"allow":["GET"]}}],"collection":[{"href":"https:\/\/edublog.educastur.es\/ixuxu\/wp-json\/wp\/v2\/posts"}],"about":[{"href":"https:\/\/edublog.educastur.es\/ixuxu\/wp-json\/wp\/v2\/types\/post"}],"author":[{"embeddable":true,"href":"https:\/\/edublog.educastur.es\/ixuxu\/wp-json\/wp\/v2\/users\/117"}],"replies":[{"embeddable":true,"href":"https:\/\/edublog.educastur.es\/ixuxu\/wp-json\/wp\/v2\/comments?post=57808"}],"version-history":[{"count":1,"href":"https:\/\/edublog.educastur.es\/ixuxu\/wp-json\/wp\/v2\/posts\/57808\/revisions"}],"predecessor-version":[{"id":57809,"href":"https:\/\/edublog.educastur.es\/ixuxu\/wp-json\/wp\/v2\/posts\/57808\/revisions\/57809"}],"wp:attachment":[{"href":"https:\/\/edublog.educastur.es\/ixuxu\/wp-json\/wp\/v2\/media?parent=57808"}],"wp:term":[{"taxonomy":"category","embeddable":true,"href":"https:\/\/edublog.educastur.es\/ixuxu\/wp-json\/wp\/v2\/categories?post=57808"},{"taxonomy":"post_tag","embeddable":true,"href":"https:\/\/edublog.educastur.es\/ixuxu\/wp-json\/wp\/v2\/tags?post=57808"}],"curies":[{"name":"wp","href":"https:\/\/api.w.org\/{rel}","templated":true}]}}