{"id":57865,"date":"2025-09-15T11:35:45","date_gmt":"2025-09-15T09:35:45","guid":{"rendered":"https:\/\/edublog.educastur.es\/ixuxu\/?p=57865"},"modified":"2025-09-15T11:36:37","modified_gmt":"2025-09-15T09:36:37","slug":"empecipien-les-obres-del-nuevu-colexu-deducacion-especial-montecerrao-nuvieu","status":"publish","type":"post","link":"https:\/\/edublog.educastur.es\/ixuxu\/2025\/09\/empecipien-les-obres-del-nuevu-colexu-deducacion-especial-montecerrao-nuvieu\/","title":{"rendered":"Empecipien les obres del nuevu Colexu d&#8217;Educaci\u00f3n Especial Montecerrao, n&#8217;Uvi\u00e9u"},"content":{"rendered":"<p style=\"text-align: center\"><a href=\"https:\/\/actualidad.asturias.es\/documents\/537115\/2801092\/2025_09_12+Parcela+CEE+Montecerrao+2+%281%29.jpg\/1417cc07-b97e-3c25-c3e0-1c63c55a83dd?t=1757678052251\"><img loading=\"lazy\" decoding=\"async\" class=\"aligncenter size-large\" src=\"https:\/\/actualidad.asturias.es\/documents\/537115\/2801092\/2025_09_12+Parcela+CEE+Montecerrao+2+%281%29.jpg\/1417cc07-b97e-3c25-c3e0-1c63c55a83dd?t=1757678052251\" width=\"1212\" height=\"671\" \/><\/a><\/p>\n<p>El Princip\u00e1u empecipia les obres del nuevu <strong>Colexu d&#8217;Educaci\u00f3n Especial Montecerrao<\/strong>, n&#8217;Uvi\u00e9u. L&#8217;equipamientu, axudic\u00e1u en 18,91 millones, va convertise na mayor inversi\u00f3n realizada n&#8217;Asturies nun centru educativu. La conseyer\u00eda encarg\u00f3 y\u00e1 la redacci\u00f3n del proyectu de la piscina. <a href=\"https:\/\/actualidad.asturias.es\/-\/el-principado-inicia-las-obras-del-nuevo-colegio-de-educaci%C3%B3n-especial-montecerrao-en-oviedouvi%C3%A9u?redirect=%2F\">Actualid\u00e1 Asturies<\/a><\/p>\n<p><!--more--><\/p>\n<p>El Gobiernu del Princip\u00e1u empecipi\u00f3 esta selmana los trabayos para la construcci\u00f3n del Colexu d&#8217;Educaci\u00f3n Especial (CEE) Montecerrao, n&#8217;Uvi\u00e9u. La obra, axudicada en 18,91 millones a la empresa Ogensa, tien un plazu d&#8217;execuci\u00f3n de 24 meses.<\/p>\n<p>L&#8217;equipamientu va suponer la mayor inversi\u00f3n realizada n&#8217;Asturies nun centru educativu p\u00fablicu, y\u00e1 que <strong>va superar al Institutu de Secundaria Margarita Salas, inaugur\u00e1u esta selmana, y que costasti 17,28 millones.<\/strong> La obra va financiase en tr\u00e9s exercicios: 1,65 millones angua\u00f1o, 11,66 en 2026 y 5,6 en 2027.<\/p>\n<p>El colexu proxect\u00e1u pol arquiteutu Jovino Mart\u00ednez Sierra\u2013 va ocupar una superficie construyida de 9.311 metros cuadraos, distribuyida en cuatro altores gradiaos: planta baxa, planta primer y dos s\u00f3tanos. L&#8217;edificiu consta de dos zones enllazaes en forma d&#8217;O, empobinaes al sur y con dos patios esteriores.<\/p>\n<p>L&#8217;inmueble va disponer de <strong>57 aules flexibles de m\u00faltiples tama\u00f1os<\/strong>, am\u00e1s d&#8217;otros tr\u00e9s espec\u00edfiques de m\u00fasica, estimulaci\u00f3n sensorial y psicomotricidad. Va haber, am\u00e1s, 14 aseos afechos, un sal\u00f3n d&#8217;actos para 215 persones, patios cubiertos, pista polideportiva, biblioteca, \u00e1rea de cocina y dos comedores.<\/p>\n<p>Per otru llau, Educaci\u00f3n encarg\u00f3 a finales de xunetu la redacci\u00f3n del proyectu b\u00e1sicu y d&#8217;execuci\u00f3n d&#8217;una piscina nesti centru. El costu d&#8217;ese proxecto xube a 16.262 euros ya incl\u00fai la ellaboraci\u00f3n del estudiu de segurid\u00e1 y sal\u00fa. El plazu d&#8217;entrega axust\u00e1u nel contratu ye de dos meses. La piscina va allugase na \u00e1rea que primeramente se diba a destinar a la estimulaci\u00f3n h\u00eddrica, anque va ocupar tami\u00e9n una zona allegante.<\/p>\n<p>&nbsp;<\/p>\n","protected":false},"excerpt":{"rendered":"<p>El Princip\u00e1u empecipia les obres del nuevu Colexu d&#8217;Educaci\u00f3n Especial Montecerrao, n&#8217;Uvi\u00e9u. L&#8217;equipamientu, axudic\u00e1u en 18,91 millones, va convertise na mayor inversi\u00f3n realizada n&#8217;Asturies nun centru educativu. La conseyer\u00eda encarg\u00f3 y\u00e1 la redacci\u00f3n del proyectu de la piscina. Actualid\u00e1 Asturies<\/p>\n","protected":false},"author":117,"featured_media":0,"comment_status":"closed","ping_status":"open","sticky":false,"template":"","format":"standard","meta":{"footnotes":""},"categories":[132],"tags":[],"class_list":["post-57865","post","type-post","status-publish","format-standard","hentry","category-educastur"],"_links":{"self":[{"href":"https:\/\/edublog.educastur.es\/ixuxu\/wp-json\/wp\/v2\/posts\/57865","targetHints":{"allow":["GET"]}}],"collection":[{"href":"https:\/\/edublog.educastur.es\/ixuxu\/wp-json\/wp\/v2\/posts"}],"about":[{"href":"https:\/\/edublog.educastur.es\/ixuxu\/wp-json\/wp\/v2\/types\/post"}],"author":[{"embeddable":true,"href":"https:\/\/edublog.educastur.es\/ixuxu\/wp-json\/wp\/v2\/users\/117"}],"replies":[{"embeddable":true,"href":"https:\/\/edublog.educastur.es\/ixuxu\/wp-json\/wp\/v2\/comments?post=57865"}],"version-history":[{"count":2,"href":"https:\/\/edublog.educastur.es\/ixuxu\/wp-json\/wp\/v2\/posts\/57865\/revisions"}],"predecessor-version":[{"id":57867,"href":"https:\/\/edublog.educastur.es\/ixuxu\/wp-json\/wp\/v2\/posts\/57865\/revisions\/57867"}],"wp:attachment":[{"href":"https:\/\/edublog.educastur.es\/ixuxu\/wp-json\/wp\/v2\/media?parent=57865"}],"wp:term":[{"taxonomy":"category","embeddable":true,"href":"https:\/\/edublog.educastur.es\/ixuxu\/wp-json\/wp\/v2\/categories?post=57865"},{"taxonomy":"post_tag","embeddable":true,"href":"https:\/\/edublog.educastur.es\/ixuxu\/wp-json\/wp\/v2\/tags?post=57865"}],"curies":[{"name":"wp","href":"https:\/\/api.w.org\/{rel}","templated":true}]}}