{"id":57877,"date":"2025-09-15T08:30:36","date_gmt":"2025-09-15T06:30:36","guid":{"rendered":"https:\/\/edublog.educastur.es\/ixuxu\/?p=57877"},"modified":"2025-09-15T11:52:01","modified_gmt":"2025-09-15T09:52:01","slug":"estau-del-tiempu-llunes-15-de-setiembre","status":"publish","type":"post","link":"https:\/\/edublog.educastur.es\/ixuxu\/2025\/09\/estau-del-tiempu-llunes-15-de-setiembre\/","title":{"rendered":"Est\u00e1u del tiempu: llunes 15 de setiembre"},"content":{"rendered":"<div class=\"html-div xdj266r x14z9mp xat24cr x1lziwak xexx8yu xyri2b x18d9i69 x1c1uobl\">\n<div class=\"html-div xdj266r x14z9mp x1lziwak x18d9i69 x1cy8zhl x78zum5 x1q0g3np xod5an3 xz9dl7a x1g0dm76 xpdmqnj\">\n<div class=\"html-div xdj266r x14z9mp xat24cr x1lziwak xexx8yu xyri2b x18d9i69 x1c1uobl x1iyjqo2 xeuugli\">\n<div class=\"x78zum5 xdt5ytf xz62fqu x16ldp7u\">\n<div class=\"xu06os2 x1ok221b\">\n<div class=\"html-div xdj266r x14z9mp xat24cr x1lziwak xexx8yu xyri2b x18d9i69 x1c1uobl\" data-ad-rendering-role=\"profile_name\">\n<ul>\n<li id=\"_r_1se_\" class=\"html-h2 x14z9mp xat24cr x1lziwak xexx8yu xyri2b x18d9i69 x1c1uobl x1vvkbs x1heor9g x1qlqyl8 x1pd3egz x1a2a7pz x1gslohp x1yc453h\"><span class=\"x78zum5 x1q0g3np\"><span class=\"x1lliihq x6ikm8r x10wlt62 x1n2onr6 xlyipyv xuxw1ft\"><span class=\"xt0psk2\"><a class=\"x1i10hfl xjbqb8w x1ejq31n x18oe1m7 x1sy0etr xstzfhl x972fbf x10w94by x1qhh985 x14e42zd x9f619 x1ypdohk xt0psk2 x3ct3a4 xdj266r x14z9mp xat24cr x1lziwak xexx8yu xyri2b x18d9i69 x1c1uobl x16tdsg8 x1hl2dhg xggy1nq x1a2a7pz xkrqix3 x1sur9pj xzsf02u x1s688f\" role=\"link\" href=\"https:\/\/www.facebook.com\/eltiempuenasturies?__cft__[0]=AZVOa1D8rrSHzfAG8MlkDhPMWMrcv9dP172k3yyBmhmgzSG1SzDARDpIM9NDRAsWY0t18w8LPxK775-6KlwQ_eZRUa5ZJHJ-uvcgci4YrTW3Y26ocVHSDFvUOXzpVAXoNdi_acYWVnOGc8fXomgbCZAs2K5EKBM4_MGt1ZisameY_yL8b-mvrDAu9LfnsQuI6-4&amp;__tn__=-UC%2CP-R\"><b class=\"html-b xdj266r x14z9mp xat24cr x1lziwak xexx8yu xyri2b x18d9i69 x1c1uobl x1hl2dhg x16tdsg8 x1vvkbs x1s688f\"><span class=\"html-span xdj266r x14z9mp xat24cr x1lziwak xexx8yu xyri2b x18d9i69 x1c1uobl x1hl2dhg x16tdsg8 x1vvkbs\">El Tiempu n&#8217;Asturies.<\/span><\/b><\/a><\/span><\/span><\/span><\/li>\n<\/ul>\n<\/div>\n<\/div>\n<div class=\"xu06os2 x1ok221b\"><\/div>\n<\/div>\n<\/div>\n<\/div>\n<\/div>\n<div class=\"html-div xdj266r x14z9mp xat24cr x1lziwak xexx8yu xyri2b x18d9i69 x1c1uobl\">\n<div class=\"html-div xdj266r x14z9mp xat24cr x1lziwak xexx8yu xyri2b x18d9i69 x1c1uobl\" dir=\"auto\">\n<div class=\"html-div xdj266r x14z9mp xat24cr x1lziwak xexx8yu xyri2b x18d9i69 x1c1uobl\" data-ad-rendering-role=\"story_message\">\n<div id=\"_r_1sg_\" class=\"x1l90r2v x1iorvi4 x1g0dm76 xpdmqnj\" data-ad-comet-preview=\"message\" data-ad-preview=\"message\">\n<div class=\"x78zum5 xdt5ytf xz62fqu x16ldp7u\">\n<div class=\"xu06os2 x1ok221b\">\n<div class=\"html-div xdj266r x14z9mp xat24cr x1lziwak xexx8yu xyri2b x18d9i69 x1c1uobl\">\n<div class=\"x14z9mp xat24cr x1lziwak x1vvkbs xtlvy1s x126k92a\">\n<ul>\n<li dir=\"auto\"><strong><span style=\"color: #008080\">Alborecemos<\/span> <\/strong>con intervalos nubosos entemecios ente t\u00edmidos claros o abancios con unes temperatures que tan alrodiu de los 17\u00baC, rexistr\u00e1ndose nel puirtu Payares 10,1\u00baC.<\/li>\n<\/ul>\n<\/div>\n<div class=\"x14z9mp xat24cr x1lziwak x1vvkbs xtlvy1s x126k92a\">\n<ul>\n<li dir=\"auto\"><strong><span style=\"color: #008080\">G\u00fcei<\/span><\/strong> va dir n&#8217;aumentu la nubosid\u00e1 de tipu mediu-baxu y mos va dexar el d\u00eda nuble cola posibilid\u00e1 de que caiga dalgo d&#8217;orp\u00edn a partir del mediud\u00eda. Les temperatures m\u00e1simes en bultable descensu, malpenes algamar\u00e1n los 19-20\u00baC, unos 10\u00baC menos qu&#8217;ayeri. L&#8217;aire sedr\u00e1 de componente norte sele en xeneral.<\/li>\n<\/ul>\n<\/div>\n<div class=\"x14z9mp xat24cr x1lziwak x1vvkbs xtlvy1s x126k92a\">\n<ul>\n<li dir=\"auto\"><strong><span style=\"color: #008080\">El descensu de temperatures<\/span><\/strong> de g\u00fcei va ser transitoriu, a partir de ma\u00f1ana martes vuelven a subir ya volveremos a pasar calor, paez que&#8217;l branu meteorol\u00f3xicu nun quier despedise tov\u00eda. Nel cielu tendremos dalguna nube alta que malpenes velar\u00e1 al sol.<\/li>\n<\/ul>\n<p><!--more--><\/p>\n<\/div>\n<div class=\"x14z9mp xat24cr x1lziwak x1vvkbs xtlvy1s x126k92a\">\n<ul>\n<li dir=\"auto\"><span style=\"color: #008080\"><strong>Mi\u00e9rcoles, xueves ya vienres<\/strong><\/span> vamos tener un tiempu braniegu con escasa nubosid\u00e1, sicas\u00ed peles nueches y al alborecer surdir\u00e1 nubosid\u00e1 estratificada na fastera central asturiana, faciendo que nun refresque cola caiga del sol, am\u00e1s les temperatures m\u00e1simes van seguir subiendo hasta algamar los 30\u00baC en zones del interior asturianu, dalgo m\u00e1s contenies na costa por mor de les brises marines.<\/li>\n<\/ul>\n<\/div>\n<div class=\"x14z9mp xat24cr x1lziwak x1vvkbs xtlvy1s x126k92a\">\n<ul>\n<li dir=\"auto\">Paez que&#8217;l<strong><span style=\"color: #008080\"> riscar del s\u00e1badu<\/span><\/strong> pue llover dalgo y refrescar pero esto y\u00e1 lu diremos viendo.<\/li>\n<\/ul>\n<\/div>\n<\/div>\n<\/div>\n<\/div>\n<\/div>\n<\/div>\n<\/div>\n<\/div>\n<p>&nbsp;<\/p>\n","protected":false},"excerpt":{"rendered":"<p>El Tiempu n&#8217;Asturies. Alborecemos con intervalos nubosos entemecios ente t\u00edmidos claros o abancios con unes temperatures que tan alrodiu de los 17\u00baC, rexistr\u00e1ndose nel puirtu Payares 10,1\u00baC. G\u00fcei va dir n&#8217;aumentu la nubosid\u00e1 de tipu mediu-baxu y mos va dexar el d\u00eda nuble cola posibilid\u00e1 de que caiga dalgo d&#8217;orp\u00edn a partir del mediud\u00eda. Les [&hellip;]<\/p>\n","protected":false},"author":117,"featured_media":0,"comment_status":"closed","ping_status":"open","sticky":false,"template":"","format":"standard","meta":{"footnotes":""},"categories":[5],"tags":[],"class_list":["post-57877","post","type-post","status-publish","format-standard","hentry","category-tiempu"],"_links":{"self":[{"href":"https:\/\/edublog.educastur.es\/ixuxu\/wp-json\/wp\/v2\/posts\/57877","targetHints":{"allow":["GET"]}}],"collection":[{"href":"https:\/\/edublog.educastur.es\/ixuxu\/wp-json\/wp\/v2\/posts"}],"about":[{"href":"https:\/\/edublog.educastur.es\/ixuxu\/wp-json\/wp\/v2\/types\/post"}],"author":[{"embeddable":true,"href":"https:\/\/edublog.educastur.es\/ixuxu\/wp-json\/wp\/v2\/users\/117"}],"replies":[{"embeddable":true,"href":"https:\/\/edublog.educastur.es\/ixuxu\/wp-json\/wp\/v2\/comments?post=57877"}],"version-history":[{"count":1,"href":"https:\/\/edublog.educastur.es\/ixuxu\/wp-json\/wp\/v2\/posts\/57877\/revisions"}],"predecessor-version":[{"id":57878,"href":"https:\/\/edublog.educastur.es\/ixuxu\/wp-json\/wp\/v2\/posts\/57877\/revisions\/57878"}],"wp:attachment":[{"href":"https:\/\/edublog.educastur.es\/ixuxu\/wp-json\/wp\/v2\/media?parent=57877"}],"wp:term":[{"taxonomy":"category","embeddable":true,"href":"https:\/\/edublog.educastur.es\/ixuxu\/wp-json\/wp\/v2\/categories?post=57877"},{"taxonomy":"post_tag","embeddable":true,"href":"https:\/\/edublog.educastur.es\/ixuxu\/wp-json\/wp\/v2\/tags?post=57877"}],"curies":[{"name":"wp","href":"https:\/\/api.w.org\/{rel}","templated":true}]}}