{"id":57893,"date":"2025-09-16T08:30:57","date_gmt":"2025-09-16T06:30:57","guid":{"rendered":"https:\/\/edublog.educastur.es\/ixuxu\/?p=57893"},"modified":"2025-09-16T08:52:31","modified_gmt":"2025-09-16T06:52:31","slug":"el-tiempu-el-comercio-139","status":"publish","type":"post","link":"https:\/\/edublog.educastur.es\/ixuxu\/2025\/09\/el-tiempu-el-comercio-139\/","title":{"rendered":"El tiempu (El Comercio)"},"content":{"rendered":"<p style=\"text-align: center\"><a href=\"https:\/\/s3.ppllstatics.com\/elcomercio\/www\/multimedia\/2025\/09\/15\/prevision-tiempo-asturias-kSBE-U2302588077118HVD-1200x870@El%20Comercio.jpg\"><img loading=\"lazy\" decoding=\"async\" class=\"aligncenter size-large\" src=\"https:\/\/s3.ppllstatics.com\/elcomercio\/www\/multimedia\/2025\/09\/15\/prevision-tiempo-asturias-kSBE-U2302588077118HVD-1200x870@El%20Comercio.jpg\" width=\"1200\" height=\"870\" \/><\/a><\/p>\n<p>Van ameyorar les condiciones meteorol\u00f3xiques claramente. Anque nun se refuga dalguna nube <strong>a primer hora de la ma\u00f1ana<\/strong>, de forma bien r\u00e1pida estes nubes de tipu baxu van sumir por completu dando mayor protagonismu al sol con, a lo sumo, delles nubes de tipu altu a lo llargo del d\u00eda que, s\u00eda que non, dexar\u00eden el cielu atapec\u00edu. La probabilid\u00e1 de precipitaciones va ser dafechu nula. <strong>Los vientos<\/strong> van soplar de componente esti moderaos na mari\u00f1a ente que van ser fluexos nel interior. Tocantes a les<strong> temperatures m\u00e1ximes<\/strong>, van xubir hasta 2 o 3 \u00baC na mari\u00f1a, hasta 5 \u00baC nel interior central oriental , y hasta 7 o 8 \u00baC nel interior occidental. <strong>Les temperatures m\u00ednimes<\/strong>, sicas\u00ed, van baxar de forma xeneralizada ente 2 y 4 \u00baC al respective de les anotaes el llunes.<\/p>\n<p><!--more--><\/p>\n<p><strong>El mi\u00e9rcoles<\/strong> va ser un d\u00eda soleyeru en tol Princip\u00e1u con unes temperatures que van xubir 2 o 3 \u00baC m\u00e1s que les del martes. Y, por si fora poco, el xueves vamos siguir teniendo sol y volver\u00e1n xubir un pocu m\u00e1s les temperatures.<\/p>\n<p>A priori, <strong>el xueves<\/strong> va ser el d\u00eda m\u00e1s templ\u00e1u de la selmana con m\u00e1ximes percima de los 30 \u00baC. Bon tiempu tami\u00e9n pal vienres pero, de cara a la fin de selmana, van volver les nubes, les ag\u00fces y van baxar les temperatures.<\/p>\n","protected":false},"excerpt":{"rendered":"<p>Van ameyorar les condiciones meteorol\u00f3xiques claramente. Anque nun se refuga dalguna nube a primer hora de la ma\u00f1ana, de forma bien r\u00e1pida estes nubes de tipu baxu van sumir por completu dando mayor protagonismu al sol con, a lo sumo, delles nubes de tipu altu a lo llargo del d\u00eda que, s\u00eda que non, dexar\u00eden [&hellip;]<\/p>\n","protected":false},"author":117,"featured_media":0,"comment_status":"closed","ping_status":"open","sticky":false,"template":"","format":"standard","meta":{"footnotes":""},"categories":[5],"tags":[],"class_list":["post-57893","post","type-post","status-publish","format-standard","hentry","category-tiempu"],"_links":{"self":[{"href":"https:\/\/edublog.educastur.es\/ixuxu\/wp-json\/wp\/v2\/posts\/57893","targetHints":{"allow":["GET"]}}],"collection":[{"href":"https:\/\/edublog.educastur.es\/ixuxu\/wp-json\/wp\/v2\/posts"}],"about":[{"href":"https:\/\/edublog.educastur.es\/ixuxu\/wp-json\/wp\/v2\/types\/post"}],"author":[{"embeddable":true,"href":"https:\/\/edublog.educastur.es\/ixuxu\/wp-json\/wp\/v2\/users\/117"}],"replies":[{"embeddable":true,"href":"https:\/\/edublog.educastur.es\/ixuxu\/wp-json\/wp\/v2\/comments?post=57893"}],"version-history":[{"count":3,"href":"https:\/\/edublog.educastur.es\/ixuxu\/wp-json\/wp\/v2\/posts\/57893\/revisions"}],"predecessor-version":[{"id":57896,"href":"https:\/\/edublog.educastur.es\/ixuxu\/wp-json\/wp\/v2\/posts\/57893\/revisions\/57896"}],"wp:attachment":[{"href":"https:\/\/edublog.educastur.es\/ixuxu\/wp-json\/wp\/v2\/media?parent=57893"}],"wp:term":[{"taxonomy":"category","embeddable":true,"href":"https:\/\/edublog.educastur.es\/ixuxu\/wp-json\/wp\/v2\/categories?post=57893"},{"taxonomy":"post_tag","embeddable":true,"href":"https:\/\/edublog.educastur.es\/ixuxu\/wp-json\/wp\/v2\/tags?post=57893"}],"curies":[{"name":"wp","href":"https:\/\/api.w.org\/{rel}","templated":true}]}}