{"id":57897,"date":"2025-09-16T09:00:20","date_gmt":"2025-09-16T07:00:20","guid":{"rendered":"https:\/\/edublog.educastur.es\/ixuxu\/?p=57897"},"modified":"2025-09-19T09:58:30","modified_gmt":"2025-09-19T07:58:30","slug":"dia-internacional-de-la-preservacion-de-la-capa-dozonu-2","status":"publish","type":"post","link":"https:\/\/edublog.educastur.es\/ixuxu\/2025\/09\/dia-internacional-de-la-preservacion-de-la-capa-dozonu-2\/","title":{"rendered":"D\u00eda Internacional de la Preservaci\u00f3n de la capa d&#8217;ozonu"},"content":{"rendered":"<p style=\"text-align: center\"><span class=\"x193iq5w xeuugli x13faqbe x1vvkbs xt0psk2 x1i0vuye xvs91rp xo1l8bm x5n08af x10wh9bi xpm28yp x8viiok x1o7cslx x126k92a\"><span class=\"html-span xexx8yu x4uap5 x18d9i69 xkhd6sd x1hl2dhg x16tdsg8 x1vvkbs x3nfvp2 x1j61x8r x1fcty0u xdj266r xat24cr xgzva0m xhhsvwb xxymvpz xlup9mm x1kky2od\">\n<!-- iframe plugin v.6.0 wordpress.org\/plugins\/iframe\/ -->\n<iframe loading=\"lazy\" src=\"https:\/\/www.instagram.com\/reel\/DOp91LcCJjG\/embed\" width=\"460\" height=\"625\" 0=\"\/iframe\" scrolling=\"yes\" class=\"iframe-class\" frameborder=\"0\"><\/iframe>\n<\/span><\/span><\/p>\n<section class=\"x12nagc x182iqb8 xv54qhq xf7dkkf\"><\/section>\n<div class=\"x78zum5 xdt5ytf x1iyjqo2 xs83m0k x2lwn1j x1odjw0f x1n2onr6 x9ek82g x6ikm8r xdj266r x14z9mp x4ii5y1 x1lziwak xexx8yu xv54qhq x18d9i69 xf7dkkf\">\n<div class=\"x1qjc9v5 x972fbf x10w94by x1qhh985 x14e42zd x9f619 x78zum5 xdt5ytf x2lah0s xk390pu xdj266r x14z9mp xat24cr x1lziwak xexx8yu xyri2b x18d9i69 x1c1uobl x1n2onr6 xggy1nq x11njtxf\" role=\"button\">\n<div class=\"_a9zm\">\n<div class=\"_a9zn _a9zo\">\n<div class=\"\">\n<p>Cel\u00e9brase a\u00f1almente&#8217;l 16 de setiembre dende 1995, foi promulgada pola AGNU n&#8217;ese mesmu a\u00f1u. Foi proclam\u00e1u pola Asamblea Xeneral de Naciones Xun\u00edes el 23 de xineru de 1995. La reconocencia internacional d&#8217;esta conmemoraci\u00f3n foi fundamental na llucha contra l&#8217;escosamientu de la capa d&#8217;ozonu y, poro, na protecci\u00f3n de la vida na Tierra.<strong> La capa d&#8217;ozonu ye l&#8217;escudu natural que nos protexe de la radiaci\u00f3n ultravioleta<\/strong>. El so cuidu ye esencial para garantizar la vida na Tierra. <a class=\"x1i10hfl xjbqb8w x1ejq31n x18oe1m7 x1sy0etr xstzfhl x972fbf x10w94by x1qhh985 x14e42zd x9f619 x1ypdohk xt0psk2 x3ct3a4 xdj266r x14z9mp xat24cr x1lziwak xexx8yu xyri2b x18d9i69 x1c1uobl x16tdsg8 x1hl2dhg xggy1nq x1a2a7pz _aa9_ _a6hd\" role=\"link\" href=\"https:\/\/www.instagram.com\/explore\/tags\/d%C3%ADadelacapadeozono\/\">#D\u00edaDeLaCapaDeOzono<\/a> <a class=\"x1i10hfl xjbqb8w x1ejq31n x18oe1m7 x1sy0etr xstzfhl x972fbf x10w94by x1qhh985 x14e42zd x9f619 x1ypdohk xt0psk2 x3ct3a4 xdj266r x14z9mp xat24cr x1lziwak xexx8yu xyri2b x18d9i69 x1c1uobl x16tdsg8 x1hl2dhg xggy1nq x1a2a7pz _aa9_ _a6hd\" role=\"link\" href=\"https:\/\/www.instagram.com\/explore\/tags\/capadeozono\/\">#CapaDeOzono<\/a><\/p>\n<\/div>\n<\/div>\n<\/div>\n<\/div>\n<\/div>\n<div class=\"xt0psk2\">\n<p><!--more--><\/p>\n<\/div>\n<p>La proclamaci\u00f3n d&#8217;esti d\u00eda <strong>tien como oxetivu aumentar la conciencia sobro la importancia de protexer la capa d&#8217;ozonu y celebrar los llogros alcanzaos al travi\u00e9s de la cooperaci\u00f3n internacional.<\/strong><\/p>\n<p style=\"text-align: center\">\n<!-- iframe plugin v.6.0 wordpress.org\/plugins\/iframe\/ -->\n<iframe loading=\"lazy\" src=\"https:\/\/www.facebook.com\/plugins\/post.php?href=https%3A%2F%2Fwww.facebook.com%2Ffundacionbiodiversidad%2Fposts%2Fpfbid02vwC2EsrGdgrXtYapirpSafqtGqnowHpB3hGz2cLkDaaDLGN2JEDvx2JEwc3DKAmEl&#038;show_text=false&#038;width=500\" width=\"500\" height=\"498\" style=\"border:none;overflow:hidden\" scrolling=\"no\" frameborder=\"0\" allowfullscreen=\"true\" allow=\"autoplay; clipboard-write; encrypted-media; picture-in-picture; web-share\" 0=\"\/iframe\" class=\"iframe-class\"><\/iframe>\n<\/p>\n<p>El Protocolu de Montreal \ud83d\udcdc demostr\u00f3 que l&#8217;acci\u00f3n conxunta puede camudar l&#8217;aldu: fren\u00f3 los qu\u00edmicos que destruy\u00eden la capa d&#8217;ozonu. Nel D\u00eda de la capa d&#8217;ozonu recordemos que <strong>la cooperaci\u00f3n global ye clave para protexer el nuesu planeta<\/strong> \ud83e\udd1d\ud83c\udf0d<\/p>\n<p>&nbsp;<\/p>\n<p><img loading=\"lazy\" decoding=\"async\" class=\"aligncenter\" src=\"https:\/\/upload.wikimedia.org\/wikipedia\/commons\/c\/c5\/Ozone_over_southern_hemisphere_Sep11_1957-2001.gif\" width=\"538\" height=\"523\" \/><\/p>\n<div class=\"xt0psk2\">\n<p>&nbsp;<\/p>\n<\/div>\n<p>&nbsp;<\/p>\n<p style=\"text-align: center\"><a href=\"https:\/\/elinformadordigital.cl\/wp-content\/uploads\/2021\/09\/ozonoo.jpg\"><img loading=\"lazy\" decoding=\"async\" class=\"aligncenter size-large\" src=\"https:\/\/elinformadordigital.cl\/wp-content\/uploads\/2021\/09\/ozonoo.jpg\" width=\"1587\" height=\"1983\" \/><\/a><\/p>\n","protected":false},"excerpt":{"rendered":"<p>Cel\u00e9brase a\u00f1almente&#8217;l 16 de setiembre dende 1995, foi promulgada pola AGNU n&#8217;ese mesmu a\u00f1u. Foi proclam\u00e1u pola Asamblea Xeneral de Naciones Xun\u00edes el 23 de xineru de 1995. La reconocencia internacional d&#8217;esta conmemoraci\u00f3n foi fundamental na llucha contra l&#8217;escosamientu de la capa d&#8217;ozonu y, poro, na protecci\u00f3n de la vida na Tierra. La capa d&#8217;ozonu [&hellip;]<\/p>\n","protected":false},"author":117,"featured_media":0,"comment_status":"closed","ping_status":"open","sticky":false,"template":"","format":"standard","meta":{"footnotes":""},"categories":[6],"tags":[],"class_list":["post-57897","post","type-post","status-publish","format-standard","hentry","category-dia-de"],"_links":{"self":[{"href":"https:\/\/edublog.educastur.es\/ixuxu\/wp-json\/wp\/v2\/posts\/57897","targetHints":{"allow":["GET"]}}],"collection":[{"href":"https:\/\/edublog.educastur.es\/ixuxu\/wp-json\/wp\/v2\/posts"}],"about":[{"href":"https:\/\/edublog.educastur.es\/ixuxu\/wp-json\/wp\/v2\/types\/post"}],"author":[{"embeddable":true,"href":"https:\/\/edublog.educastur.es\/ixuxu\/wp-json\/wp\/v2\/users\/117"}],"replies":[{"embeddable":true,"href":"https:\/\/edublog.educastur.es\/ixuxu\/wp-json\/wp\/v2\/comments?post=57897"}],"version-history":[{"count":10,"href":"https:\/\/edublog.educastur.es\/ixuxu\/wp-json\/wp\/v2\/posts\/57897\/revisions"}],"predecessor-version":[{"id":57931,"href":"https:\/\/edublog.educastur.es\/ixuxu\/wp-json\/wp\/v2\/posts\/57897\/revisions\/57931"}],"wp:attachment":[{"href":"https:\/\/edublog.educastur.es\/ixuxu\/wp-json\/wp\/v2\/media?parent=57897"}],"wp:term":[{"taxonomy":"category","embeddable":true,"href":"https:\/\/edublog.educastur.es\/ixuxu\/wp-json\/wp\/v2\/categories?post=57897"},{"taxonomy":"post_tag","embeddable":true,"href":"https:\/\/edublog.educastur.es\/ixuxu\/wp-json\/wp\/v2\/tags?post=57897"}],"curies":[{"name":"wp","href":"https:\/\/api.w.org\/{rel}","templated":true}]}}