{"id":57909,"date":"2025-09-16T10:04:49","date_gmt":"2025-09-16T08:04:49","guid":{"rendered":"https:\/\/edublog.educastur.es\/ixuxu\/?p=57909"},"modified":"2025-09-16T11:14:42","modified_gmt":"2025-09-16T09:14:42","slug":"uvieu-que-va-cuntar-con-nuevos-senderos-para-atraer-pasiantes","status":"publish","type":"post","link":"https:\/\/edublog.educastur.es\/ixuxu\/2025\/09\/uvieu-que-va-cuntar-con-nuevos-senderos-para-atraer-pasiantes\/","title":{"rendered":"Uvi\u00e9u que va cuntar con nuevos senderos para atraer pasiantes"},"content":{"rendered":"<p style=\"text-align: center\"><a href=\"https:\/\/estaticos-cdn.prensaiberica.es\/clip\/39af1ce1-750d-4370-b3e0-761a212cbe5e_16-9-aspect-ratio_default_0.webp\"><img loading=\"lazy\" decoding=\"async\" class=\"aligncenter size-large\" src=\"https:\/\/estaticos-cdn.prensaiberica.es\/clip\/39af1ce1-750d-4370-b3e0-761a212cbe5e_16-9-aspect-ratio_default_0.webp\" width=\"880\" height=\"495\" \/><\/a><\/p>\n<p>Este ye&#8217;l monte d&#8217;Uvi\u00e9u que va cuntar con nuevos senderos para atraer pasiantes. La renaturalizaci\u00f3n va suponer la eliminaci\u00f3n de la vexetaci\u00f3n invasora y el plant\u00edu d&#8217;especies aut\u00f3ctones que van dexar aumentar la biodiversid\u00e1. El monte del Fulminato. | <a href=\"https:\/\/www.lne.es\/oviedo\/2025\/09\/16\/bosque-oviedo-contara-nuevos-senderos-121612625.html?utm_content=imagen&amp;utm_medium=social&amp;utm_campaign=echobox&amp;utm_source=Facebook&amp;fbclid=IwY2xjawM1-KlleHRuA2FlbQIxMABicmlkETBqT1pGdXlzSjljSTZ1Q1oyAR5xCljg7QLzirhV3mtEurrhCvZJJfEGnzXCmz3ojlDPAO-DdSeEfgs9YJYfwA_aem_odrN7UE65SfidRhJkkm4MA#Echobox=1758000266\">LNE<\/a><\/p>\n<p><!--more--><\/p>\n<p>Eliminaci\u00f3n de la vexetaci\u00f3n invasora, plant\u00edu d&#8217;especies aut\u00f3ctones como carbayos y parrotales atl\u00e1nticos que van dexar atraer una rica fauna montesa y nuevos senderos que van conectar les distintes \u00e1rees ameyorando l&#8217;accesibilid\u00e1 y van fomentar la movilid\u00e1 sostenible. Estos son tr\u00e9s de los oxetivos que&#8217;l Conceyu quier consiguir coles obres de renaturalizaci\u00f3n del monte Fulminato.<\/p>\n<p>El proyectu t\u00e9cnicu foi aprob\u00e1u, ayeri, nuna xunta estraordinaria de la xunta de gobiernu y los trabayos t\u00e1n cuantificados en 900.000 euros. El 85,3% de l&#8217;actuaci\u00f3n va ser sufragada colos fondos del Plan de Sostenibilid\u00e1 Tur\u00edstica.<\/p>\n","protected":false},"excerpt":{"rendered":"<p>Este ye&#8217;l monte d&#8217;Uvi\u00e9u que va cuntar con nuevos senderos para atraer pasiantes. La renaturalizaci\u00f3n va suponer la eliminaci\u00f3n de la vexetaci\u00f3n invasora y el plant\u00edu d&#8217;especies aut\u00f3ctones que van dexar aumentar la biodiversid\u00e1. El monte del Fulminato. | LNE<\/p>\n","protected":false},"author":117,"featured_media":0,"comment_status":"closed","ping_status":"open","sticky":false,"template":"","format":"standard","meta":{"footnotes":""},"categories":[1],"tags":[],"class_list":["post-57909","post","type-post","status-publish","format-standard","hentry","category-sin-categoria"],"_links":{"self":[{"href":"https:\/\/edublog.educastur.es\/ixuxu\/wp-json\/wp\/v2\/posts\/57909","targetHints":{"allow":["GET"]}}],"collection":[{"href":"https:\/\/edublog.educastur.es\/ixuxu\/wp-json\/wp\/v2\/posts"}],"about":[{"href":"https:\/\/edublog.educastur.es\/ixuxu\/wp-json\/wp\/v2\/types\/post"}],"author":[{"embeddable":true,"href":"https:\/\/edublog.educastur.es\/ixuxu\/wp-json\/wp\/v2\/users\/117"}],"replies":[{"embeddable":true,"href":"https:\/\/edublog.educastur.es\/ixuxu\/wp-json\/wp\/v2\/comments?post=57909"}],"version-history":[{"count":2,"href":"https:\/\/edublog.educastur.es\/ixuxu\/wp-json\/wp\/v2\/posts\/57909\/revisions"}],"predecessor-version":[{"id":57936,"href":"https:\/\/edublog.educastur.es\/ixuxu\/wp-json\/wp\/v2\/posts\/57909\/revisions\/57936"}],"wp:attachment":[{"href":"https:\/\/edublog.educastur.es\/ixuxu\/wp-json\/wp\/v2\/media?parent=57909"}],"wp:term":[{"taxonomy":"category","embeddable":true,"href":"https:\/\/edublog.educastur.es\/ixuxu\/wp-json\/wp\/v2\/categories?post=57909"},{"taxonomy":"post_tag","embeddable":true,"href":"https:\/\/edublog.educastur.es\/ixuxu\/wp-json\/wp\/v2\/tags?post=57909"}],"curies":[{"name":"wp","href":"https:\/\/api.w.org\/{rel}","templated":true}]}}