{"id":57924,"date":"2025-09-16T10:00:36","date_gmt":"2025-09-16T08:00:36","guid":{"rendered":"https:\/\/edublog.educastur.es\/ixuxu\/?p=57924"},"modified":"2025-09-16T12:57:04","modified_gmt":"2025-09-16T10:57:04","slug":"57924","status":"publish","type":"post","link":"https:\/\/edublog.educastur.es\/ixuxu\/2025\/09\/57924\/","title":{"rendered":"Uvi\u00e9u: Selmana Europea de la Movilid\u00e1"},"content":{"rendered":"<div class=\"xu06os2 x1ok221b\">\n<div class=\"html-div xdj266r x14z9mp xat24cr x1lziwak xexx8yu xyri2b x18d9i69 x1c1uobl\" data-ad-rendering-role=\"profile_name\">\n<ul>\n<li class=\"html-h3 x14z9mp xat24cr x1lziwak xexx8yu xyri2b x18d9i69 x1c1uobl x1vvkbs x1heor9g x1qlqyl8 x1pd3egz x1a2a7pz x1gslohp x1yc453h\"><span class=\"x1lliihq x6ikm8r x10wlt62 x1n2onr6\"><span class=\"xt0psk2\"><span class=\"xjp7ctv\"><a class=\"x1i10hfl xjbqb8w x1ejq31n x18oe1m7 x1sy0etr xstzfhl x972fbf x10w94by x1qhh985 x14e42zd x9f619 x1ypdohk xt0psk2 x3ct3a4 xdj266r x14z9mp xat24cr x1lziwak xexx8yu xyri2b x18d9i69 x1c1uobl x16tdsg8 x1hl2dhg xggy1nq x1a2a7pz xkrqix3 x1sur9pj xzsf02u x1s688f\" role=\"link\" href=\"https:\/\/www.facebook.com\/www.oviedo.es?__cft__[0]=AZWLKDRXAc4U20sjFKgAvGaZWV-G-x7q6cyoZcZWCQGu3cEZwiLMYRZaywc-oCHzywAM1aYOLPTwLPYRpG8w2yetYzyyD-6ccO9ow-Zv0TiUK2mjUbWclc4aDHzq0kD6yzM3reSlc5OFrn_LF09vCgMekhVMQ3Bu8zirP4YEGCR6oq-g7St035ADHp3KXHV__IV2G147cCTjlaBNhNIKDcl5&amp;__tn__=-UC%2CP-y-R\"><b class=\"html-b xdj266r x14z9mp xat24cr x1lziwak xexx8yu xyri2b x18d9i69 x1c1uobl x1hl2dhg x16tdsg8 x1vvkbs x1s688f\"><span class=\"html-span xdj266r x14z9mp xat24cr x1lziwak xexx8yu xyri2b x18d9i69 x1c1uobl x1hl2dhg x16tdsg8 x1vvkbs\">Ayuntamiento de Oviedo<\/span><\/b><\/a><\/span><\/span><span class=\"html-span xdj266r x14z9mp xat24cr x1lziwak xexx8yu xyri2b x18d9i69 x1c1uobl x1hl2dhg x16tdsg8 x1vvkbs x1dor1uw x1n2onr6 xxymvpz\"> \/<span class=\"html-span xdj266r x14z9mp xat24cr x1lziwak xexx8yu xyri2b x18d9i69 x1c1uobl x1hl2dhg x16tdsg8 x1vvkbs\"><a class=\"x1i10hfl xjbqb8w x1ejq31n x18oe1m7 x1sy0etr xstzfhl x972fbf x10w94by x1qhh985 x14e42zd x9f619 x1ypdohk xt0psk2 x3ct3a4 xdj266r x14z9mp xat24cr x1lziwak xexx8yu xyri2b x18d9i69 x1c1uobl x16tdsg8 x1hl2dhg xggy1nq x1a2a7pz xkrqix3 x1sur9pj x1fey0fg x1s688f\" role=\"link\" href=\"https:\/\/l.facebook.com\/l.php?u=http%3A%2F%2Fwww.oviedo.es%2Fmobilityweek%3Ffbclid%3DIwZXh0bgNhZW0CMTAAYnJpZBEwak9aRnV5c0o5Y0k2dUNaMgEemGmALejwju2pu7uFyp-Lh0zfmTe5Sm6tvyIk-OC7m_8fNJQiGgqJj1Bkq64_aem_gRjluJh62x3B4yH3AzTxIA&amp;h=AT2VZ0NRV3ybDaegA4Z1q0VQ541d2W0_x2SSryfT7ZVxiQtc7N0NnEAKtD_tbYj2cOo8HXmP6LB2cGQsn4MUzkkp7W_kjouqosVLoz5_DeDTHMWtDbswFhjEtygDAYHlLdFBUqaE5WlfDg&amp;__tn__=-UK-y-R&amp;c[0]=AT2tQhOW6hOX0VwUHX3YUcYbfVFdY0BmH2Oox5_XdCF2RWHS1Xpg4LhcY61FuTqDyVIE672Mb93fTBjr79HNkGljHRQeyB-YLZ50t0EZwX0GyIB0ytpgGZSmMwMy4jVPVmNgqb2tABcuTLEcE9IJCWbpkokmFk-v4Ftzi8iWqnihCLjfqYIRQj1aT4i02IiQC2R39pINf17jUAoZ_egSndpRFi_Kd-2kCNaRfFtEftd_7Md9\" target=\"_blank\" rel=\"nofollow noopener noreferrer\">www.oviedo.es\/mobilityweek<\/a><\/span><\/span><\/span><\/li>\n<\/ul>\n<\/div>\n<\/div>\n<div class=\"html-div xdj266r x14z9mp xat24cr x1lziwak xexx8yu xyri2b x18d9i69 x1c1uobl x6s0dn4 x17zd0t2 x78zum5 x1q0g3np x1a02dak\" style=\"text-align: center\"><a href=\"https:\/\/www.oviedo.es\/documents\/25041\/2757111\/CARTEL+GENERAL+SEM+OVIEDO.jpg\/2c28c2b7-3cea-447e-8d4b-dfc9fefdfa98?t=1757418098383\"><img loading=\"lazy\" decoding=\"async\" class=\"aligncenter \" src=\"https:\/\/www.oviedo.es\/documents\/25041\/2757111\/CARTEL+GENERAL+SEM+OVIEDO.jpg\/2c28c2b7-3cea-447e-8d4b-dfc9fefdfa98?t=1757418098383\" width=\"487\" height=\"691\" \/><\/a><\/div>\n<div class=\"html-div xdj266r x14z9mp xat24cr x1lziwak xexx8yu xyri2b x18d9i69 x1c1uobl\" dir=\"auto\">\n<div class=\"html-div xdj266r x14z9mp xat24cr x1lziwak xexx8yu xyri2b x18d9i69 x1c1uobl\" dir=\"auto\">\n<div class=\"html-div xdj266r x14z9mp xat24cr x1lziwak xexx8yu xyri2b x18d9i69 x1c1uobl\" data-ad-rendering-role=\"story_message\">\n<div class=\"x1l90r2v x1iorvi4 x1g0dm76 xpdmqnj\" data-ad-comet-preview=\"message\" data-ad-preview=\"message\">\n<div class=\"x78zum5 xdt5ytf xz62fqu x16ldp7u\">\n<div class=\"xu06os2 x1ok221b\">\n<div class=\"html-div xdj266r x14z9mp xat24cr x1lziwak xexx8yu xyri2b x18d9i69 x1c1uobl\">\n<div class=\"xdj266r x14z9mp xat24cr x1lziwak x1vvkbs x126k92a\">\n<div dir=\"auto\"><span class=\"html-span xexx8yu xyri2b x18d9i69 x1c1uobl x1hl2dhg x16tdsg8 x1vvkbs x3nfvp2 x1j61x8r x1fcty0u xdj266r xat24cr xm2jcoa x1mpyi22 xxymvpz xlup9mm x1kky2od\"><img loading=\"lazy\" decoding=\"async\" class=\"xz74otr x15mokao x1ga7v0g x16uus16 xbiv7yw\" src=\"https:\/\/static.xx.fbcdn.net\/images\/emoji.php\/v9\/tde\/1\/16\/1f6b2.png\" alt=\"\ud83d\udeb2\" width=\"16\" height=\"16\" \/><\/span><span class=\"html-span xexx8yu xyri2b x18d9i69 x1c1uobl x1hl2dhg x16tdsg8 x1vvkbs x3nfvp2 x1j61x8r x1fcty0u xdj266r xat24cr xm2jcoa x1mpyi22 xxymvpz xlup9mm x1kky2od\"><img loading=\"lazy\" decoding=\"async\" class=\"xz74otr x15mokao x1ga7v0g x16uus16 xbiv7yw\" src=\"https:\/\/static.xx.fbcdn.net\/images\/emoji.php\/v9\/tcb\/1\/16\/1f6b6_1f3fb_200d_2640.png\" alt=\"\ud83d\udeb6\ud83c\udffb\u200d\u2640\ufe0f\" width=\"16\" height=\"16\" \/><\/span>El Conceyu d&#8217;Uvi\u00e9u celebra, hasta&#8217;l d\u00eda 22 de setiembre, la \ud835\udc12\ud835\udc1e\ud835\udc26\ud835\udc1a\ud835\udc27\ud835\udc1a \ud835\udc04\ud835\udc2e\ud835\udc2b\ud835\udc28\ud835\udc29\ud835\udc1e\ud835\udc1a \ud835\udc1d\ud835\udc1e \ud835\udc25\ud835\udc1a \ud835\udc0c\ud835\udc28\ud835\udc2f\ud835\udc22\ud835\udc25\ud835\udc22\ud835\udc1d\u00e1 con distintes actividaes. La palabra movilid\u00e1 vien del llat\u00edn mobil\u012dtas (que tien la cualid\u00e1 de movese). Seg\u00fan el so raiga\u00f1u llatinu, la palabra movita indica una cualid\u00e1 de poder movese o ser mov\u00edu <strong>Diccionariu Etimol\u00f3xicu Castell\u00e1n en Ll\u00ednea [DECEL].<\/strong><\/div>\n<div dir=\"auto\"><!--more--><\/div>\n<div dir=\"auto\">Ente elles, les siguientes cites imprescindibles:<\/div>\n<div dir=\"auto\"><\/div>\n<ul>\n<li dir=\"auto\"><span style=\"color: #008080\"><strong>Pedaleando coles estrelles<\/strong><\/span>: 19 setiembre 21h. Un pas\u00e9u nocherniegu en bici sol cielu estrell\u00e1u. D\u00e9xate emponer pela v\u00eda l\u00e1ctea pedaliando pola Sienda Verde d&#8217;Uvi\u00e9u.\u00a0 Pueden participar mayores de 10 a\u00f1os acompa\u00f1aos por un adultu. Inscripci\u00f3n en: <span class=\"html-span xdj266r x14z9mp xat24cr x1lziwak xexx8yu xyri2b x18d9i69 x1c1uobl x1hl2dhg x16tdsg8 x1vvkbs\"><a class=\"x1i10hfl xjbqb8w x1ejq31n x18oe1m7 x1sy0etr xstzfhl x972fbf x10w94by x1qhh985 x14e42zd x9f619 x1ypdohk xt0psk2 x3ct3a4 xdj266r x14z9mp xat24cr x1lziwak xexx8yu xyri2b x18d9i69 x1c1uobl x16tdsg8 x1hl2dhg xggy1nq x1a2a7pz xkrqix3 x1sur9pj x1fey0fg x1s688f\" role=\"link\" href=\"https:\/\/l.facebook.com\/l.php?u=https%3A%2F%2Ftinyurl.com%2Fya7yacse%3Ffbclid%3DIwZXh0bgNhZW0CMTAAYnJpZBEwak9aRnV5c0o5Y0k2dUNaMgEeyyaee60qVtb0Sr7u7Frjb3sC-6sKp3EVn712nvCVI200nwliVd9pSW--GwI_aem_nvXavCsI62Hapv5POTSIFw&amp;h=AT1CDUak7IHC2gzdEApA19Nh_XcThdpibGS3TD1o9P50q0cU_qZyKJWnL_N-RQaDGW7mXni3MGb2CzeSv1hesQqQZg2kVu6rpyNL8DZ0gNVGXXtlgewQ1CrNLevLQ3QrVs_1DvR5mzx62A&amp;__tn__=-UK-y-R&amp;c[0]=AT2tQhOW6hOX0VwUHX3YUcYbfVFdY0BmH2Oox5_XdCF2RWHS1Xpg4LhcY61FuTqDyVIE672Mb93fTBjr79HNkGljHRQeyB-YLZ50t0EZwX0GyIB0ytpgGZSmMwMy4jVPVmNgqb2tABcuTLEcE9IJCWbpkokmFk-v4Ftzi8iWqnihCLjfqYIRQj1aT4i02IiQC2R39pINf17jUAoZ_egSndpRFi_Kd-2kCNaRfFtEftd_7Md9\" target=\"_blank\" rel=\"nofollow noopener noreferrer\">https:\/\/tinyurl.com\/ya7yacse<\/a><\/span><\/li>\n<\/ul>\n<\/div>\n<div class=\"x14z9mp xat24cr x1lziwak x1vvkbs xtlvy1s x126k92a\">\n<ul>\n<li dir=\"auto\"><strong><span style=\"color: #008080\">\u00a0Stand servicio d&#8217;alquiler de veh\u00edculos ell\u00e9ctricos<\/span><\/strong>. De 16:30 a 20:30h. Activid\u00e1 gratuita ensin inscripci\u00f3n previa. En collaboraci\u00f3n con Bird Rides Spain.<\/li>\n<li dir=\"auto\"><span style=\"color: #008080\"><strong>La gran yincana de la movilid\u00e1<\/strong><\/span>. 22 setiembre 11:00 hores. Una oportunid\u00e1 para faer deporte y afayar rincones d&#8217;Uvi\u00e9u llenos de naturaleza y hestoria. \u00a1Participa y gana fant\u00e1sticos premios!<br \/>\nActivid\u00e1 gratuita para tolos p\u00fablicos, menores d&#8217;ed\u00e1 acompa\u00f1aos.<br \/>\nInscripciones hasta&#8217;l 19 de setiembre en <span class=\"html-span xdj266r x14z9mp xat24cr x1lziwak xexx8yu xyri2b x18d9i69 x1c1uobl x1hl2dhg x16tdsg8 x1vvkbs\"><a class=\"x1i10hfl xjbqb8w x1ejq31n x18oe1m7 x1sy0etr xstzfhl x972fbf x10w94by x1qhh985 x14e42zd x9f619 x1ypdohk xt0psk2 x3ct3a4 xdj266r x14z9mp xat24cr x1lziwak xexx8yu xyri2b x18d9i69 x1c1uobl x16tdsg8 x1hl2dhg xggy1nq x1a2a7pz xkrqix3 x1sur9pj x1fey0fg x1s688f\" role=\"link\" href=\"https:\/\/l.facebook.com\/l.php?u=https%3A%2F%2Ftinyurl.com%2F582hv5h3%3Ffbclid%3DIwZXh0bgNhZW0CMTAAYnJpZBEwak9aRnV5c0o5Y0k2dUNaMgEeMfRiYQHPY4cdvbKiiJWLG9g6BO4HnNx2gt0THLF3RuDWDgMOuLHVaxvPUpA_aem_DRfU82r4ziIUuU2s3s7ERg&amp;h=AT0JspuLe_oKvHGLHgHoK1WTY5uDz612Rqt_6ZFrp3aOP6XjehmPNld36r7N_JpQNHeO5My8IfvGamqdcM2gc6KmLBHl5kDZMIg7Ycr5M_h-MXjL9BcStJm_3ygokUJhqs2W_KAt4i3nNQ&amp;__tn__=-UK-y-R&amp;c[0]=AT2tQhOW6hOX0VwUHX3YUcYbfVFdY0BmH2Oox5_XdCF2RWHS1Xpg4LhcY61FuTqDyVIE672Mb93fTBjr79HNkGljHRQeyB-YLZ50t0EZwX0GyIB0ytpgGZSmMwMy4jVPVmNgqb2tABcuTLEcE9IJCWbpkokmFk-v4Ftzi8iWqnihCLjfqYIRQj1aT4i02IiQC2R39pINf17jUAoZ_egSndpRFi_Kd-2kCNaRfFtEftd_7Md9\" target=\"_blank\" rel=\"nofollow noopener noreferrer\">https:\/\/tinyurl.com\/582hv5h3<\/a><\/span><\/li>\n<\/ul>\n<p style=\"text-align: center\">\n<!-- iframe plugin v.6.0 wordpress.org\/plugins\/iframe\/ -->\n<iframe loading=\"lazy\" src=\"https:\/\/www.facebook.com\/plugins\/post.php?href=https%3A%2F%2Fwww.facebook.com%2Fphoto.php%3Ffbid%3D1202566411908180%26set%3Da.647557837409043%26type%3D3&#038;show_text=false&#038;width=500\" width=\"500\" height=\"786\" style=\"border:none;overflow:hidden\" scrolling=\"no\" frameborder=\"0\" allowfullscreen=\"true\" allow=\"autoplay; clipboard-write; encrypted-media; picture-in-picture; web-share\" 0=\"\/iframe\" class=\"iframe-class\"><\/iframe>\n<\/p>\n<\/div>\n<\/div>\n<\/div>\n<\/div>\n<\/div>\n<\/div>\n<\/div>\n<\/div>\n<p>&nbsp;<\/p>\n","protected":false},"excerpt":{"rendered":"<p>Ayuntamiento de Oviedo \/www.oviedo.es\/mobilityweek El Conceyu d&#8217;Uvi\u00e9u celebra, hasta&#8217;l d\u00eda 22 de setiembre, la \ud835\udc12\ud835\udc1e\ud835\udc26\ud835\udc1a\ud835\udc27\ud835\udc1a \ud835\udc04\ud835\udc2e\ud835\udc2b\ud835\udc28\ud835\udc29\ud835\udc1e\ud835\udc1a \ud835\udc1d\ud835\udc1e \ud835\udc25\ud835\udc1a \ud835\udc0c\ud835\udc28\ud835\udc2f\ud835\udc22\ud835\udc25\ud835\udc22\ud835\udc1d\u00e1 con distintes actividaes. La palabra movilid\u00e1 vien del llat\u00edn mobil\u012dtas (que tien la cualid\u00e1 de movese). Seg\u00fan el so raiga\u00f1u llatinu, la palabra movita indica una cualid\u00e1 de poder movese o ser mov\u00edu Diccionariu Etimol\u00f3xicu Castell\u00e1n [&hellip;]<\/p>\n","protected":false},"author":117,"featured_media":0,"comment_status":"closed","ping_status":"open","sticky":false,"template":"","format":"standard","meta":{"footnotes":""},"categories":[144,232],"tags":[],"class_list":["post-57924","post","type-post","status-publish","format-standard","hentry","category-semana-de","category-tresportes"],"_links":{"self":[{"href":"https:\/\/edublog.educastur.es\/ixuxu\/wp-json\/wp\/v2\/posts\/57924","targetHints":{"allow":["GET"]}}],"collection":[{"href":"https:\/\/edublog.educastur.es\/ixuxu\/wp-json\/wp\/v2\/posts"}],"about":[{"href":"https:\/\/edublog.educastur.es\/ixuxu\/wp-json\/wp\/v2\/types\/post"}],"author":[{"embeddable":true,"href":"https:\/\/edublog.educastur.es\/ixuxu\/wp-json\/wp\/v2\/users\/117"}],"replies":[{"embeddable":true,"href":"https:\/\/edublog.educastur.es\/ixuxu\/wp-json\/wp\/v2\/comments?post=57924"}],"version-history":[{"count":5,"href":"https:\/\/edublog.educastur.es\/ixuxu\/wp-json\/wp\/v2\/posts\/57924\/revisions"}],"predecessor-version":[{"id":57929,"href":"https:\/\/edublog.educastur.es\/ixuxu\/wp-json\/wp\/v2\/posts\/57924\/revisions\/57929"}],"wp:attachment":[{"href":"https:\/\/edublog.educastur.es\/ixuxu\/wp-json\/wp\/v2\/media?parent=57924"}],"wp:term":[{"taxonomy":"category","embeddable":true,"href":"https:\/\/edublog.educastur.es\/ixuxu\/wp-json\/wp\/v2\/categories?post=57924"},{"taxonomy":"post_tag","embeddable":true,"href":"https:\/\/edublog.educastur.es\/ixuxu\/wp-json\/wp\/v2\/tags?post=57924"}],"curies":[{"name":"wp","href":"https:\/\/api.w.org\/{rel}","templated":true}]}}