{"id":57964,"date":"2025-09-16T19:00:54","date_gmt":"2025-09-16T17:00:54","guid":{"rendered":"https:\/\/edublog.educastur.es\/ixuxu\/?p=57964"},"modified":"2025-09-16T21:25:03","modified_gmt":"2025-09-16T19:25:03","slug":"los-espertos-alvierten-de-la-medria-de-problemes-de-salu-mental-nos-menores-poles-redes-sociales","status":"publish","type":"post","link":"https:\/\/edublog.educastur.es\/ixuxu\/2025\/09\/los-espertos-alvierten-de-la-medria-de-problemes-de-salu-mental-nos-menores-poles-redes-sociales\/","title":{"rendered":"Los espertos alvierten de la medr\u00eda de problemes de sal\u00fa mental nos menores poles redes sociales"},"content":{"rendered":"<ul>\n<li class=\"font-size-xxl margin-b-5 font-weight-b color-b-050 letter-spacing--1 fuente-corporativa\"><a href=\"https:\/\/www.rtpa.es\/noticias-sociedad-ast\/2025-09-16\/Los-espertos-alvierten-de-la-medria-de-problemes-de-salu-mental-nos-menores-poles-redes-sociales_111758026713.html\">Los espertos alvierten de la medr\u00eda de problemes de sal\u00fa mental nos menores poles redes sociales<\/a><\/li>\n<\/ul>\n<p style=\"text-align: center\"><a href=\"https:\/\/www.rtpa.es\/fotos\/\/25\/09\/20250916144415_RTPA7116827.webp\"><img loading=\"lazy\" decoding=\"async\" class=\"aligncenter size-large\" src=\"https:\/\/www.rtpa.es\/fotos\/\/25\/09\/20250916144415_RTPA7116827.webp\" width=\"853\" height=\"480\" \/><\/a><\/p>\n<p class=\"font-size-m padding-b-20 font-weight-b margin-t-16\">Los espertos alvierten de l\u2019alarmante efectu de les redes sociales na medr\u00eda de los problemes de sal\u00fa mental de ne\u00f1os y ne\u00f1es y moced\u00e1. Y defenden nun dexar que la moced\u00e1 use m\u00f3viles o otros dispositivos enantes de los 16 a\u00f1os.<\/p>\n<p><strong>Psic\u00f3logos, psiquiatres y otros especialistes<\/strong> coinciden en que les redes <strong>t\u00e1n xenerando ne\u00f1os m\u00e1s impulsivos, con problemes de comprensi\u00f3n verbal, peor tolerancia a la frustraci\u00f3n y mayor desendolcu de conductes suicides.<\/strong><\/p>\n<p>Alvierten del efectu que les redes t\u00e1n teniendo na sal\u00fa mental de los menores y recalquen qu\u2019hai ne\u00f1es de nueve a\u00f1os lluchando escontra l\u2019avieyamientu.<\/p>\n","protected":false},"excerpt":{"rendered":"<p>Los espertos alvierten de la medr\u00eda de problemes de sal\u00fa mental nos menores poles redes sociales Los espertos alvierten de l\u2019alarmante efectu de les redes sociales na medr\u00eda de los problemes de sal\u00fa mental de ne\u00f1os y ne\u00f1es y moced\u00e1. Y defenden nun dexar que la moced\u00e1 use m\u00f3viles o otros dispositivos enantes de los [&hellip;]<\/p>\n","protected":false},"author":117,"featured_media":0,"comment_status":"closed","ping_status":"open","sticky":false,"template":"","format":"standard","meta":{"footnotes":""},"categories":[1],"tags":[],"class_list":["post-57964","post","type-post","status-publish","format-standard","hentry","category-sin-categoria"],"_links":{"self":[{"href":"https:\/\/edublog.educastur.es\/ixuxu\/wp-json\/wp\/v2\/posts\/57964","targetHints":{"allow":["GET"]}}],"collection":[{"href":"https:\/\/edublog.educastur.es\/ixuxu\/wp-json\/wp\/v2\/posts"}],"about":[{"href":"https:\/\/edublog.educastur.es\/ixuxu\/wp-json\/wp\/v2\/types\/post"}],"author":[{"embeddable":true,"href":"https:\/\/edublog.educastur.es\/ixuxu\/wp-json\/wp\/v2\/users\/117"}],"replies":[{"embeddable":true,"href":"https:\/\/edublog.educastur.es\/ixuxu\/wp-json\/wp\/v2\/comments?post=57964"}],"version-history":[{"count":1,"href":"https:\/\/edublog.educastur.es\/ixuxu\/wp-json\/wp\/v2\/posts\/57964\/revisions"}],"predecessor-version":[{"id":57965,"href":"https:\/\/edublog.educastur.es\/ixuxu\/wp-json\/wp\/v2\/posts\/57964\/revisions\/57965"}],"wp:attachment":[{"href":"https:\/\/edublog.educastur.es\/ixuxu\/wp-json\/wp\/v2\/media?parent=57964"}],"wp:term":[{"taxonomy":"category","embeddable":true,"href":"https:\/\/edublog.educastur.es\/ixuxu\/wp-json\/wp\/v2\/categories?post=57964"},{"taxonomy":"post_tag","embeddable":true,"href":"https:\/\/edublog.educastur.es\/ixuxu\/wp-json\/wp\/v2\/tags?post=57964"}],"curies":[{"name":"wp","href":"https:\/\/api.w.org\/{rel}","templated":true}]}}