{"id":58002,"date":"2025-09-17T08:30:46","date_gmt":"2025-09-17T06:30:46","guid":{"rendered":"https:\/\/edublog.educastur.es\/ixuxu\/?p=58002"},"modified":"2025-09-16T22:27:34","modified_gmt":"2025-09-16T20:27:34","slug":"el-tiempu-el-comercio-140","status":"publish","type":"post","link":"https:\/\/edublog.educastur.es\/ixuxu\/2025\/09\/el-tiempu-el-comercio-140\/","title":{"rendered":"El tiempu (El Comercio)"},"content":{"rendered":"<p style=\"text-align: center\"><a href=\"https:\/\/s3.ppllstatics.com\/elcomercio\/www\/multimedia\/2025\/09\/16\/prevision-tiempo-asturias-kg3-U2302588077118HVD-1200x870@El%20Comercio.jpg\"><img loading=\"lazy\" decoding=\"async\" class=\"aligncenter size-large\" src=\"https:\/\/s3.ppllstatics.com\/elcomercio\/www\/multimedia\/2025\/09\/16\/prevision-tiempo-asturias-kg3-U2302588077118HVD-1200x870@El%20Comercio.jpg\" width=\"1200\" height=\"870\" \/><\/a><\/p>\n<p>Esperamos una xornada soleyera pr\u00e1cticamente <strong>dende primer hora de la ma\u00f1ana.<\/strong> Apenes s&#8217;esperen nubes y, poques gracies, la probabilid\u00e1 de precipitaciones va ser nula.<strong> Los vientos<\/strong> van ser fluexos y variables anque na mari\u00f1a podr\u00eden predominar de componente este. <strong>Les temperatures m\u00e1ximes<\/strong> van xubir hasta 5 \u00baC na met\u00e1 sur asturiana y hasta 3 o 4 \u00baC na met\u00e1 norte salvu na mari\u00f1a onde l&#8217;ascensu va ser m\u00e1s llixeru. Con \u00e9ses van llegase a algamar los 26 o 27 \u00baC con facilid\u00e1 en cualquier puntu del interior, pudiendo rondar los 30 o 31 \u00baC nel suroccidente de la rex\u00f3n. <strong>Na mari\u00f1a<\/strong>, sicas\u00ed, van superar llixeramente los 20 \u00baC, siendo bien dif\u00edcil que puedan algamar 23 o 24 \u00baC. <strong>Les temperatures m\u00ednimes<\/strong> van baxar na met\u00e1 norte y van caltenese nel restu salvu en zones altes del cordal onde podr\u00eden rexistrase dellos ascensos.<\/p>\n<p><!--more--><\/p>\n<p><strong>El xueves<\/strong> va ser, xuntu al vienres, el d\u00eda m\u00e1s templ\u00e1u de la selmana. Vamos amanecer con nubes baxes na mari\u00f1a y na met\u00e1 norte del sector central, pero r\u00e1pido van sumir dexando tol cielu asturianu estenu. Los vientos van predominar de sur nel cordal y otres zones del interior, ente que nel restu van ser variables. Les temperatures m\u00e1ximes van xubir ent\u00e1 m\u00e1s pudiendo rondar los 30 \u00baC na mayor\u00eda de poblaciones del interior, pudiendo algamar los 34 o 35 \u00baC nel suroccidente.<\/p>\n<p><strong>Calor tami\u00e9n pal vienres<\/strong> pero, a lo llargo del s\u00e1badu, va entrar un frente fr\u00edu que va dexar un domingu serondiegu y un llunes con ciertos tintes ivernizos (posibilid\u00e1 de que pueda nevar en cotes percima de los 1600 metros).<\/p>\n","protected":false},"excerpt":{"rendered":"<p>Esperamos una xornada soleyera pr\u00e1cticamente dende primer hora de la ma\u00f1ana. Apenes s&#8217;esperen nubes y, poques gracies, la probabilid\u00e1 de precipitaciones va ser nula. Los vientos van ser fluexos y variables anque na mari\u00f1a podr\u00eden predominar de componente este. Les temperatures m\u00e1ximes van xubir hasta 5 \u00baC na met\u00e1 sur asturiana y hasta 3 o [&hellip;]<\/p>\n","protected":false},"author":117,"featured_media":0,"comment_status":"closed","ping_status":"open","sticky":false,"template":"","format":"standard","meta":{"footnotes":""},"categories":[5],"tags":[],"class_list":["post-58002","post","type-post","status-publish","format-standard","hentry","category-tiempu"],"_links":{"self":[{"href":"https:\/\/edublog.educastur.es\/ixuxu\/wp-json\/wp\/v2\/posts\/58002","targetHints":{"allow":["GET"]}}],"collection":[{"href":"https:\/\/edublog.educastur.es\/ixuxu\/wp-json\/wp\/v2\/posts"}],"about":[{"href":"https:\/\/edublog.educastur.es\/ixuxu\/wp-json\/wp\/v2\/types\/post"}],"author":[{"embeddable":true,"href":"https:\/\/edublog.educastur.es\/ixuxu\/wp-json\/wp\/v2\/users\/117"}],"replies":[{"embeddable":true,"href":"https:\/\/edublog.educastur.es\/ixuxu\/wp-json\/wp\/v2\/comments?post=58002"}],"version-history":[{"count":1,"href":"https:\/\/edublog.educastur.es\/ixuxu\/wp-json\/wp\/v2\/posts\/58002\/revisions"}],"predecessor-version":[{"id":58003,"href":"https:\/\/edublog.educastur.es\/ixuxu\/wp-json\/wp\/v2\/posts\/58002\/revisions\/58003"}],"wp:attachment":[{"href":"https:\/\/edublog.educastur.es\/ixuxu\/wp-json\/wp\/v2\/media?parent=58002"}],"wp:term":[{"taxonomy":"category","embeddable":true,"href":"https:\/\/edublog.educastur.es\/ixuxu\/wp-json\/wp\/v2\/categories?post=58002"},{"taxonomy":"post_tag","embeddable":true,"href":"https:\/\/edublog.educastur.es\/ixuxu\/wp-json\/wp\/v2\/tags?post=58002"}],"curies":[{"name":"wp","href":"https:\/\/api.w.org\/{rel}","templated":true}]}}