{"id":5801,"date":"2021-05-02T10:53:33","date_gmt":"2021-05-02T08:53:33","guid":{"rendered":"https:\/\/edublog.educastur.es\/ixuxu\/?p=5801"},"modified":"2021-05-02T11:53:02","modified_gmt":"2021-05-02T09:53:02","slug":"buho-considerau-el-mas-grande-del-mundu","status":"publish","type":"post","link":"https:\/\/edublog.educastur.es\/ixuxu\/2021\/05\/buho-considerau-el-mas-grande-del-mundu\/","title":{"rendered":"B\u00faho: consider\u00e1u el m\u00e1s grande del mundu"},"content":{"rendered":"<p style=\"text-align: center\"><a href=\"https:\/\/www.ecestaticos.com\/imagestatic\/clipping\/fa4\/4a9\/fa44a90bbf3025fca8887bdda76830d4\/una-familia-se-encuentra-un-buho-de-verdad-en-su-arbol-de-navidad.jpg?mtime=1579565836\"><img loading=\"lazy\" decoding=\"async\" class=\"alignnone\" src=\"https:\/\/www.ecestaticos.com\/imagestatic\/clipping\/fa4\/4a9\/fa44a90bbf3025fca8887bdda76830d4\/una-familia-se-encuentra-un-buho-de-verdad-en-su-arbol-de-navidad.jpg?mtime=1579565836\" alt=\"\" width=\"622\" height=\"350\" \/><\/a><\/p>\n<ul>\n<li><a href=\"https:\/\/fb.watch\/5e8snRjPRP\/\">Enllaz videu<\/a><\/li>\n<li><a href=\"https:\/\/www.facebook.com\/YuliObd\/\">Fonte: Paisajes Hermosos 11\/04\/2021<\/a><\/li>\n<li><a href=\"https:\/\/fb.watch\/5e8FsX7h3D\/\">Enllaz<\/a><\/li>\n<\/ul>\n<p><!--more--><\/p>\n<p>Los b\u00fahos son famosos pola so visi\u00f3n. Cola so gran capacid\u00e1 para detectar y prindar pequenes preses inclusive nes nueches m\u00e1s escures, nun tienen globos oculares redondos como n\u00f3s. Sicas\u00ed, son allargaos y at\u00f3pense asitiaos n&#8217;an\u00edos escler\u00f3ticos\u00bb, una estructura \u00f3sea nel craniu. <span style=\"color: #008080\">Los b\u00fahos tienen una visi\u00f3n binocular similar a la de los humanos, una y bones los g\u00fceyos t\u00e1n empobinaos escontra&#8217;l frente, lo que-yos brinda (y a n\u00f3s) una gran capacid\u00e1 para xulgar l&#8217;altor, el pesu y la distancia.<\/span> Sicas\u00ed, ente que los humanos tienen un campu de visi\u00f3n de 180 graos, con aprosimao 140 graos de visi\u00f3n binocular, los b\u00fahos solo tienen un campu de visi\u00f3n de 110 graos con aprosimao 70 graos de visi\u00f3n binocular. Lo que-yos falta na visi\u00f3n binocular comp\u00e9nsase cola so visi\u00f3n nocherniega llexendaria y la so visi\u00f3n de futuru.<\/p>\n<p>La so forma tami\u00e9n apurre un tama\u00f1u de retina comparativamente m\u00e1s grande que ta apin\u00e1u de banielles sensibles a la lluz, lo que nos conduz a les estraordinaries propiedaes de captaci\u00f3n de lluz del g\u00fceyu del b\u00faho que se ven reforzaes en munches especies por una capa reflectante detr\u00e1s de la retina llamada tapetum lucidum, que reflexa de nuevu nes banielles cualquier lluz que pueda pasar pola retina ensin cutila una per primer vegada.<\/p>\n<p>\u00bfQu\u00e9 especie de b\u00faho tien meyor visi\u00f3n? Paez ser que los b\u00fahos leonados son los que tienen los g\u00fceyos meyor desenvueltos de toles variedaes de b\u00fahos, inclusive de tolos vertebraos, probablemente alredor de 100 vegaes m\u00e1s sensible en niveles de poca lluz que nuesa visi\u00f3n.<\/p>\n<p>\u00bfY qu\u00e9 hai de los colores del so iris? Ye un aspeutu fascinante. El color del iris ta rellacion\u00e1u, en parte, cola hora del d\u00eda o la nueche en qu&#8217;un b\u00faho caza. Anque nun se cumple taxativamente en toles especies de b\u00fahos, el color de los g\u00fceyos tiende a indicar a qu\u00e9 hora del d\u00eda prefieren tar activos los b\u00fahos. Siempres hai esceiciones, pero la mayor\u00eda d&#8217;ellos caza casi coles mesmes qu&#8217;otros b\u00fahos del mesmu color que los g\u00fceyos, seg\u00fan Raptor Rescue, una organizaci\u00f3n ben\u00e9fica de rehabilitaci\u00f3n d&#8217;aves de presa. Esti venceyu nun s&#8217;entiende dafechu, pero hai bastante evidencia: el color de g\u00fceyos de les especies correlacionase colos per\u00edodos d&#8217;activid\u00e1 diaria.<\/p>\n<p>Los colores tienden a ser marr\u00f3n escuru o negru para los b\u00fahos puramente nocherniegos, naranxa (y casi color\u00e1u) para los b\u00fahos crepusculares que cacen a l&#8217;amanecida y al atapecer, y el mariellu para los b\u00fahos diurnos que cacen mientres el d\u00eda.<\/p>\n<p><img loading=\"lazy\" decoding=\"async\" class=\"alignnone size-full\" src=\"https:\/\/t1.ev.ltmcdn.com\/es\/posts\/6\/7\/6\/diferencia_entre_buho_y_lechuza_2676_600.jpg\" width=\"600\" height=\"502\" \/><\/p>\n","protected":false},"excerpt":{"rendered":"<p>Enllaz videu Fonte: Paisajes Hermosos 11\/04\/2021 Enllaz<\/p>\n","protected":false},"author":117,"featured_media":0,"comment_status":"open","ping_status":"open","sticky":false,"template":"","format":"standard","meta":{"footnotes":""},"categories":[4],"tags":[],"class_list":["post-5801","post","type-post","status-publish","format-standard","hentry","category-natura"],"_links":{"self":[{"href":"https:\/\/edublog.educastur.es\/ixuxu\/wp-json\/wp\/v2\/posts\/5801","targetHints":{"allow":["GET"]}}],"collection":[{"href":"https:\/\/edublog.educastur.es\/ixuxu\/wp-json\/wp\/v2\/posts"}],"about":[{"href":"https:\/\/edublog.educastur.es\/ixuxu\/wp-json\/wp\/v2\/types\/post"}],"author":[{"embeddable":true,"href":"https:\/\/edublog.educastur.es\/ixuxu\/wp-json\/wp\/v2\/users\/117"}],"replies":[{"embeddable":true,"href":"https:\/\/edublog.educastur.es\/ixuxu\/wp-json\/wp\/v2\/comments?post=5801"}],"version-history":[{"count":5,"href":"https:\/\/edublog.educastur.es\/ixuxu\/wp-json\/wp\/v2\/posts\/5801\/revisions"}],"predecessor-version":[{"id":5823,"href":"https:\/\/edublog.educastur.es\/ixuxu\/wp-json\/wp\/v2\/posts\/5801\/revisions\/5823"}],"wp:attachment":[{"href":"https:\/\/edublog.educastur.es\/ixuxu\/wp-json\/wp\/v2\/media?parent=5801"}],"wp:term":[{"taxonomy":"category","embeddable":true,"href":"https:\/\/edublog.educastur.es\/ixuxu\/wp-json\/wp\/v2\/categories?post=5801"},{"taxonomy":"post_tag","embeddable":true,"href":"https:\/\/edublog.educastur.es\/ixuxu\/wp-json\/wp\/v2\/tags?post=5801"}],"curies":[{"name":"wp","href":"https:\/\/api.w.org\/{rel}","templated":true}]}}