{"id":58018,"date":"2025-09-17T11:33:16","date_gmt":"2025-09-17T09:33:16","guid":{"rendered":"https:\/\/edublog.educastur.es\/ixuxu\/?p=58018"},"modified":"2025-09-17T13:04:10","modified_gmt":"2025-09-17T11:04:10","slug":"premiu-maria-josefa-canellada-de-lliteratura-infantil-y-xuvenil-nasturianu","status":"publish","type":"post","link":"https:\/\/edublog.educastur.es\/ixuxu\/2025\/09\/premiu-maria-josefa-canellada-de-lliteratura-infantil-y-xuvenil-nasturianu\/","title":{"rendered":"Premiu &#8216;Mar\u00eda Josefa Canellada&#8217; de lliteratura infantil y xuvenil n&#8217;asturianu"},"content":{"rendered":"<p>Mari\u00e1n Garc\u00eda y Xurde Fern\u00e1ndez ganen el <strong> XVIII\u00a0 Premiu &#8216;Mar\u00eda Josefa Canellada&#8217; de lliteratura infantil y xuvenil<\/strong> n&#8217;asturianu cola so novela Ascensoristes S.A.\u00a0 Al concursu present\u00e1ronse una decena d&#8217;obres tanto de narrativa como de poes\u00eda.<\/p>\n<p style=\"text-align: center\">\n<!-- iframe plugin v.6.0 wordpress.org\/plugins\/iframe\/ -->\n<iframe loading=\"lazy\" src=\"https:\/\/www.facebook.com\/plugins\/video.php?height=316&#038;href=https%3A%2F%2Fwww.facebook.com%2Freel%2F1850366032216181%2F%3Fv&#038;show_text=false&#038;width=560&#038;t=0\" width=\"560\" height=\"316\" style=\"border:none;overflow:hidden\" scrolling=\"no\" frameborder=\"0\" allowfullscreen=\"true\" allow=\"autoplay; clipboard-write; encrypted-media; picture-in-picture; web-share\" 0=\"\/iframe\" class=\"iframe-class\"><\/iframe>\n<\/p>\n<p style=\"text-align: center\"><!--more--><\/p>\n<p style=\"text-align: center\"><a href=\"https:\/\/www.rtpa.es\/fotos\/\/25\/09\/20250916145915_RTPA7116847.webp\"><img loading=\"lazy\" decoding=\"async\" class=\"aligncenter size-large\" src=\"https:\/\/www.rtpa.es\/fotos\/\/25\/09\/20250916145915_RTPA7116847.webp\" width=\"853\" height=\"480\" \/><\/a><\/p>\n<div id=\"noticiacompleta\" class=\"parragraph-padding font-c-conent\">\n<p>Mari\u00e1n Garc\u00eda y Xurde Fern\u00e1ndez ganaron el premiu Mar\u00eda Xosefa Canellada de lliteratura infantil y xuvenil en llingua asturiana con &#8216;Ascensoristes S.A.&#8217;.<\/p>\n<p>Una trama al rodiu de viaxes nel tiempu adaptaos a la realid\u00e1 adolescente. Asina lo decidi\u00f3 por mayor\u00eda\u2019l xur\u00e1u d\u2019esti galard\u00f3n, aconcey\u00e1u esta ma\u00f1ana nel Ayuntamientu de Cabranes. Los dos son coautores na novela premiada.<\/p>\n<p>Al concursu present\u00e1ronse una decena d\u2019obres tanto de narrativa como de poes\u00eda.<\/p>\n<\/div>\n","protected":false},"excerpt":{"rendered":"<p>Mari\u00e1n Garc\u00eda y Xurde Fern\u00e1ndez ganen el XVIII\u00a0 Premiu &#8216;Mar\u00eda Josefa Canellada&#8217; de lliteratura infantil y xuvenil n&#8217;asturianu cola so novela Ascensoristes S.A.\u00a0 Al concursu present\u00e1ronse una decena d&#8217;obres tanto de narrativa como de poes\u00eda.<\/p>\n","protected":false},"author":117,"featured_media":0,"comment_status":"closed","ping_status":"open","sticky":false,"template":"","format":"standard","meta":{"footnotes":""},"categories":[58],"tags":[],"class_list":["post-58018","post","type-post","status-publish","format-standard","hentry","category-premios"],"_links":{"self":[{"href":"https:\/\/edublog.educastur.es\/ixuxu\/wp-json\/wp\/v2\/posts\/58018","targetHints":{"allow":["GET"]}}],"collection":[{"href":"https:\/\/edublog.educastur.es\/ixuxu\/wp-json\/wp\/v2\/posts"}],"about":[{"href":"https:\/\/edublog.educastur.es\/ixuxu\/wp-json\/wp\/v2\/types\/post"}],"author":[{"embeddable":true,"href":"https:\/\/edublog.educastur.es\/ixuxu\/wp-json\/wp\/v2\/users\/117"}],"replies":[{"embeddable":true,"href":"https:\/\/edublog.educastur.es\/ixuxu\/wp-json\/wp\/v2\/comments?post=58018"}],"version-history":[{"count":4,"href":"https:\/\/edublog.educastur.es\/ixuxu\/wp-json\/wp\/v2\/posts\/58018\/revisions"}],"predecessor-version":[{"id":58035,"href":"https:\/\/edublog.educastur.es\/ixuxu\/wp-json\/wp\/v2\/posts\/58018\/revisions\/58035"}],"wp:attachment":[{"href":"https:\/\/edublog.educastur.es\/ixuxu\/wp-json\/wp\/v2\/media?parent=58018"}],"wp:term":[{"taxonomy":"category","embeddable":true,"href":"https:\/\/edublog.educastur.es\/ixuxu\/wp-json\/wp\/v2\/categories?post=58018"},{"taxonomy":"post_tag","embeddable":true,"href":"https:\/\/edublog.educastur.es\/ixuxu\/wp-json\/wp\/v2\/tags?post=58018"}],"curies":[{"name":"wp","href":"https:\/\/api.w.org\/{rel}","templated":true}]}}