{"id":58043,"date":"2025-09-17T12:30:51","date_gmt":"2025-09-17T10:30:51","guid":{"rendered":"https:\/\/edublog.educastur.es\/ixuxu\/?p=58043"},"modified":"2025-09-17T13:23:40","modified_gmt":"2025-09-17T11:23:40","slug":"el-principau-multiplica-los-espectaculos-de-la-xira-didactica-25-26","status":"publish","type":"post","link":"https:\/\/edublog.educastur.es\/ixuxu\/2025\/09\/el-principau-multiplica-los-espectaculos-de-la-xira-didactica-25-26\/","title":{"rendered":"El Princip\u00e1u multiplica los espect\u00e1culos de la Xira Did\u00e1ctica 25\/26,"},"content":{"rendered":"<p style=\"text-align: center\"><a href=\"https:\/\/actualidad.asturias.es\/documents\/537115\/2811510\/2025_09_17+Consejera+Educaci%C3%B3n+y+Cultura+presentaci%C3%B3n+Xira+Did%C3%A1ctica.jpg\/f69704f1-336e-dd2a-ecd5-d1de177bddcb?t=1758100101383\"><img loading=\"lazy\" decoding=\"async\" class=\"aligncenter \" src=\"https:\/\/actualidad.asturias.es\/documents\/537115\/2811510\/2025_09_17+Consejera+Educaci%C3%B3n+y+Cultura+presentaci%C3%B3n+Xira+Did%C3%A1ctica.jpg\/f69704f1-336e-dd2a-ecd5-d1de177bddcb?t=1758100101383\" width=\"589\" height=\"442\" \/><\/a><a href=\"https:\/\/actualidad.asturias.es\/-\/el-principado-multiplica-los-espect%C3%A1culos-de-la-xira-did%C3%A1ctica-para-este-curso-con-76-funciones-gratuitas-en-30-concejos-para-el-alumnado-de-asturiano-y-eonaviego?redirect=%2Fnoticias\"><em>Actualid\u00e1 Asturies<\/em><\/a><\/p>\n<ul>\n<li>El Princip\u00e1u multiplica los espect\u00e1culos de la Xira Did\u00e1ctica 25\/26, con 76 funciones gratuites en 30 conceyos pal alumn\u00e1u d\u2019asturianu y eonaviegu.\u00a0<a class=\"pdf\" title=\"Programa Xira en asturiano. Abre una nueva ventana\" href=\"https:\/\/actualidad.asturias.es\/documents\/533407\/0\/programa-2-AST.pdf\/70ea6c01-9347-5caa-a93c-033e537d13d9?t=1758100071415\" target=\"_blank\" rel=\"noopener\"> Programa Xira en asturiano <\/a>\/\u00a0<a class=\"pdf\" title=\"Programa Xira en eonaviego. Abre una nueva ventana\" href=\"https:\/\/actualidad.asturias.es\/documents\/533407\/0\/programa-2-EONAV.pdf\/78ba7331-ab91-c7fb-3ffa-6a78da5d5510?t=1758100090251\" target=\"_blank\" rel=\"noopener\"> Programa Xira en eonaviego <\/a><\/li>\n<li class=\"Tabulaciones1\"><b>El plazu d\u2019inscripci\u00f3n pa los centros educativos va tar abiertu hasta\u2019l 30 de setiembre.<\/b><\/li>\n<li class=\"Tabulaciones1\"><b>La programaci\u00f3n incluye propuestes esc\u00e9niques, musicales, audiovisuales, lliteraries y de tradici\u00f3n oral, dise\u00f1aes pa cada etapa educativa.<\/b><\/li>\n<\/ul>\n<p><!--more--><\/p>\n<p>Les conseyeres de Cultura, Pol\u00edtica Lling\u00fc\u00edstica y Deporte y d\u2019Educaci\u00f3n, Vanessa Guti\u00e9rrez y Eva Ledo, presentaron esta ma\u00f1ana la programaci\u00f3n de la Xira Did\u00e1ctica pal cursu 2025\/2026, que sestuplica la ufierta de la edici\u00f3n anterior. Esta iniciativa va ufiertar un total de 76 funciones gratuites n\u2019asturianu y eonaviegu, repart\u00edes en 30 espect\u00e1culos y actividaes que van percorrer 30 conceyos asturianos.<\/p>\n<p>El programa ta dirix\u00edu al alumn\u00e1u de Primaria, Secundaria y Bachilleratu, y combina conten\u00edos culturales y educativos cola mira de fomentar l\u2019usu y conocencia de les lling\u00fces propies d\u2019Asturies nel \u00e1mbitu escolar.<\/p>\n<p>El Princip\u00e1u ufierta al alumn\u00e1u de Llingua asturiana y lliteratura y d\u2019eonaviegu una escoyeta de propuestes creaes pola industria cultural asturiana que combinen un conten\u00edu educativu singular cola calid\u00e1 art\u00edstica y t\u00e1n adaptaes a cada p\u00fablicu oxetivu.<\/p>\n<p>A les artes esc\u00e9niques y propuestes musicales s\u00famense nesta convocatoria actividaes vinculaes al cine y al audiovisual, a la lliteratura y narraci\u00f3n oral y a la cultura tradicional, ampliando\u2019l n\u00famberu de disciplines del programa de la Xira, qu\u2019empez\u00f3 nel trimestre \u00faltimu del cursu pas\u00e1u cola programaci\u00f3n de cinco espect\u00e1culos de compa\u00f1\u00edes y artistes asturianos.<\/p>\n<p><strong>La Xira va empezar con <i>Nueche d\u2019\u00e1nimes\/La pantasma<\/i>\u2019l 8 d\u2019ochobre en Parres y va rematar el 18 de xunu que vien con <i>La ne\u00f1a de les trences al rev\u00e9s<\/i> en Cabranes.<\/strong><\/p>\n<p>Toles actividaes d\u2019esti programa, que financia y xestiona la Conseyer\u00eda de Cultura, Pol\u00edtica Lling\u00fc\u00edstica y Deporte al travi\u00e9s de la Socied\u00e1 P\u00fablica de Xesti\u00f3n y Promoci\u00f3n Tur\u00edstica y Cultural del Princip\u00e1u d\u2019Asturies,<strong> son gratuites y les places son limitaes<\/strong>. Los centros educativos nam\u00e1s van tener qu\u2019asumir los costos que puedan ocasionar los desplazamientos, nel casu de que seyan menester.<\/p>\n<p>La programaci\u00f3n va desenvolvese n\u2019espacios culturales de los conceyos participantes, con feches y horarios y\u00e1 establec\u00edos, lo que dexa a los centros educativos planificar la so participaci\u00f3n con calter anteman\u00e1u. La reserva faise de forma telem\u00e1tica y prior\u00edzase al alumn\u00e1u matriculao en llingua asturiana o eonaviegu.<\/p>\n<ul>\n<li>Pa participar nesti proyectu hai qu\u2019acutar plaza al travi\u00e9s de <a href=\"https:\/\/entradas.turismoasturias.es\/es\/xira-didactica\">https:\/\/entradas.turismoasturias.es\/es\/xira-didactica<\/a>.<\/li>\n<li><strong>El plazu d\u2019inscripci\u00f3n empieza\u2019l 17 de setiembre a les 09:00 hores y acaba\u2019l 30 de setiembre a les 23:59 hores.<\/strong><\/li>\n<\/ul>\n<p>El cat\u00e1logu d\u2019esta edici\u00f3n incluye una varied\u00e1 amplia de propuestes esc\u00e9niques, musicales, audiovisuales y lliteraries, como \u201cAmanda y les casta\u00f1es m\u00e1xiques\u201d, \u201cAzul y la revoluci\u00f3n de los colores\u201d, \u201cEl xard\u00edn d\u2019Olivia\u201d, \u201cGasolina con capullos\u201d, \u201cPop Piqui\u00f1\u00edn\u201d, \u201cContos pra ser quen queras ser\u201d, \u201cBruxa. Cuntacuentos y taller de conxuros m\u00e1xicos\u201d, \u201cEl Conciert\u00edn, conciertu did\u00e1cticu de m\u00fasica tradicional\u201d, \u201cVerdina. El d\u00eda qu\u2019una faba c\u00f3smica aterriz\u00f3 n\u2019Asturies\u201d, \u201cDido y Eneas\u201d o \u201ccaLORCAlor\u201d, ente otres. Cada activid\u00e1 ta dise\u00f1ada pa un ciclu educativu espec\u00edficu, dende Infantil hasta Bachilleratu, y combina valores pedag\u00f3xicos con una calid\u00e1 art\u00edstica alta.<\/p>\n<p style=\"text-align: center\"><a href=\"https:\/\/actualidad.asturias.es\/documents\/537115\/2811510\/2025_09_17+Consejera+Educaci%C3%B3n+y+Cultura+presentaci%C3%B3n+Xira+Did%C3%A1ctica+%281%29.jpg\/66846bfc-7ef9-9b5d-6ea9-69643ed5f1e5?t=1758100101474\"><img loading=\"lazy\" decoding=\"async\" class=\"aligncenter size-large\" src=\"https:\/\/actualidad.asturias.es\/documents\/537115\/2811510\/2025_09_17+Consejera+Educaci%C3%B3n+y+Cultura+presentaci%C3%B3n+Xira+Did%C3%A1ctica+%281%29.jpg\/66846bfc-7ef9-9b5d-6ea9-69643ed5f1e5?t=1758100101474\" width=\"1920\" height=\"1440\" \/><\/a><\/p>\n<p class=\"Subttulo1\"><strong>La Xira Did\u00e1ctica, un programa pioneru.\u00a0<\/strong>La Xira Did\u00e1ctica ye un programa pioneru impuls\u00e1u poles conseyer\u00edes de Cultura, Pol\u00edtica Lling\u00fc\u00edstica y Deporte y d\u2019Educaci\u00f3n, que quier llevar la cultura n\u2019asturianu y eonaviegu a les aules de toa Asturies. Al travi\u00e9s d\u2019esta iniciativa, promu\u00e9vese\u2019l contactu directu del alumn\u00e1u col so patrimoniu lling\u00fc\u00edsticu y cultural, reforciando la normalizaci\u00f3n y promoci\u00f3n de les lling\u00fces propies nel \u00e1mbitu educativu.<\/p>\n<p>Na edici\u00f3n del trimestre \u00faltimu del cursu pas\u00e1u participaron un total de 27 escueles asturianes, con una asistencia de 1.039 estudiantes y 107 docentes acompa\u00f1antes.<\/p>\n<p>Esta Xira Did\u00e1ctica enm\u00e1rcase nel conxuntu de<strong> mid\u00edes del Princip\u00e1u pa fomentar la ense\u00f1anza y l\u2019usu del asturianu y l\u2019eonaviegu nes aules<\/strong>. Ente elles, destaquen la so inclusi\u00f3n dende esti cursu nel segundu ciclu d\u2019Infantil y nes Escueles Oficiales d\u2019Idiomes o la so presencia nos premios estraordinarios.<\/p>\n","protected":false},"excerpt":{"rendered":"<p>Actualid\u00e1 Asturies El Princip\u00e1u multiplica los espect\u00e1culos de la Xira Did\u00e1ctica 25\/26, con 76 funciones gratuites en 30 conceyos pal alumn\u00e1u d\u2019asturianu y eonaviegu.\u00a0 Programa Xira en asturiano \/\u00a0 Programa Xira en eonaviego El plazu d\u2019inscripci\u00f3n pa los centros educativos va tar abiertu hasta\u2019l 30 de setiembre. La programaci\u00f3n incluye propuestes esc\u00e9niques, musicales, audiovisuales, lliteraries [&hellip;]<\/p>\n","protected":false},"author":117,"featured_media":0,"comment_status":"closed","ping_status":"open","sticky":false,"template":"","format":"standard","meta":{"footnotes":""},"categories":[427],"tags":[],"class_list":["post-58043","post","type-post","status-publish","format-standard","hentry","category-xira-didactica"],"_links":{"self":[{"href":"https:\/\/edublog.educastur.es\/ixuxu\/wp-json\/wp\/v2\/posts\/58043","targetHints":{"allow":["GET"]}}],"collection":[{"href":"https:\/\/edublog.educastur.es\/ixuxu\/wp-json\/wp\/v2\/posts"}],"about":[{"href":"https:\/\/edublog.educastur.es\/ixuxu\/wp-json\/wp\/v2\/types\/post"}],"author":[{"embeddable":true,"href":"https:\/\/edublog.educastur.es\/ixuxu\/wp-json\/wp\/v2\/users\/117"}],"replies":[{"embeddable":true,"href":"https:\/\/edublog.educastur.es\/ixuxu\/wp-json\/wp\/v2\/comments?post=58043"}],"version-history":[{"count":2,"href":"https:\/\/edublog.educastur.es\/ixuxu\/wp-json\/wp\/v2\/posts\/58043\/revisions"}],"predecessor-version":[{"id":58045,"href":"https:\/\/edublog.educastur.es\/ixuxu\/wp-json\/wp\/v2\/posts\/58043\/revisions\/58045"}],"wp:attachment":[{"href":"https:\/\/edublog.educastur.es\/ixuxu\/wp-json\/wp\/v2\/media?parent=58043"}],"wp:term":[{"taxonomy":"category","embeddable":true,"href":"https:\/\/edublog.educastur.es\/ixuxu\/wp-json\/wp\/v2\/categories?post=58043"},{"taxonomy":"post_tag","embeddable":true,"href":"https:\/\/edublog.educastur.es\/ixuxu\/wp-json\/wp\/v2\/tags?post=58043"}],"curies":[{"name":"wp","href":"https:\/\/api.w.org\/{rel}","templated":true}]}}