{"id":58053,"date":"2025-09-17T12:00:28","date_gmt":"2025-09-17T10:00:28","guid":{"rendered":"https:\/\/edublog.educastur.es\/ixuxu\/?p=58053"},"modified":"2025-09-17T13:45:15","modified_gmt":"2025-09-17T11:45:15","slug":"58053","status":"publish","type":"post","link":"https:\/\/edublog.educastur.es\/ixuxu\/2025\/09\/58053\/","title":{"rendered":""},"content":{"rendered":"<p style=\"text-align: center\"><span style=\"color: #800080;font-size: 24px\"><em><strong>Naide qu&#8217;aprienda a pensar<\/strong><\/em><\/span><br \/>\n<span style=\"color: #800080;font-size: 24px\"><em><strong> puede volver obedecer<\/strong><\/em><\/span><br \/>\n<span style=\"color: #800080;font-size: 24px\"><em><strong> como lo fixo antes, <\/strong><\/em><\/span><br \/>\n<span style=\"color: #800080;font-size: 24px\"><em><strong>non por un esp\u00edritu rebalbu, <\/strong><\/em><\/span><br \/>\n<span style=\"color: #800080;font-size: 24px\"><em><strong>sin\u00f3n pol vezu qu&#8217;agora adquiri\u00f3 <\/strong><\/em><\/span><br \/>\n<span style=\"color: #800080;font-size: 24px\"><em><strong>de cuestionar y esaminar tou.<\/strong><\/em><\/span><\/p>\n<p style=\"text-align: center\">Hannah Arendt<\/p>\n","protected":false},"excerpt":{"rendered":"<p>Naide qu&#8217;aprienda a pensar puede volver obedecer como lo fixo antes, non por un esp\u00edritu rebalbu, sin\u00f3n pol vezu qu&#8217;agora adquiri\u00f3 de cuestionar y esaminar tou. Hannah Arendt<\/p>\n","protected":false},"author":117,"featured_media":0,"comment_status":"closed","ping_status":"open","sticky":false,"template":"","format":"quote","meta":{"footnotes":""},"categories":[1],"tags":[],"class_list":["post-58053","post","type-post","status-publish","format-quote","hentry","category-sin-categoria","post_format-post-format-quote"],"_links":{"self":[{"href":"https:\/\/edublog.educastur.es\/ixuxu\/wp-json\/wp\/v2\/posts\/58053","targetHints":{"allow":["GET"]}}],"collection":[{"href":"https:\/\/edublog.educastur.es\/ixuxu\/wp-json\/wp\/v2\/posts"}],"about":[{"href":"https:\/\/edublog.educastur.es\/ixuxu\/wp-json\/wp\/v2\/types\/post"}],"author":[{"embeddable":true,"href":"https:\/\/edublog.educastur.es\/ixuxu\/wp-json\/wp\/v2\/users\/117"}],"replies":[{"embeddable":true,"href":"https:\/\/edublog.educastur.es\/ixuxu\/wp-json\/wp\/v2\/comments?post=58053"}],"version-history":[{"count":1,"href":"https:\/\/edublog.educastur.es\/ixuxu\/wp-json\/wp\/v2\/posts\/58053\/revisions"}],"predecessor-version":[{"id":58054,"href":"https:\/\/edublog.educastur.es\/ixuxu\/wp-json\/wp\/v2\/posts\/58053\/revisions\/58054"}],"wp:attachment":[{"href":"https:\/\/edublog.educastur.es\/ixuxu\/wp-json\/wp\/v2\/media?parent=58053"}],"wp:term":[{"taxonomy":"category","embeddable":true,"href":"https:\/\/edublog.educastur.es\/ixuxu\/wp-json\/wp\/v2\/categories?post=58053"},{"taxonomy":"post_tag","embeddable":true,"href":"https:\/\/edublog.educastur.es\/ixuxu\/wp-json\/wp\/v2\/tags?post=58053"}],"curies":[{"name":"wp","href":"https:\/\/api.w.org\/{rel}","templated":true}]}}