{"id":58062,"date":"2025-09-17T19:32:05","date_gmt":"2025-09-17T17:32:05","guid":{"rendered":"https:\/\/edublog.educastur.es\/ixuxu\/?p=58062"},"modified":"2025-09-17T22:37:50","modified_gmt":"2025-09-17T20:37:50","slug":"la-berrea-nasturies","status":"publish","type":"post","link":"https:\/\/edublog.educastur.es\/ixuxu\/2025\/09\/la-berrea-nasturies\/","title":{"rendered":"La berrea n&#8217;Asturies"},"content":{"rendered":"<p style=\"text-align: center\"><a href=\"https:\/\/s3.ppllstatics.com\/elcomercio\/www\/multimedia\/2025\/09\/15\/berrea-venado-asturias-kb8D-U2302932704635o7H-1200x840@El%20Comercio.jpg\"><img loading=\"lazy\" decoding=\"async\" class=\"aligncenter size-large\" src=\"https:\/\/s3.ppllstatics.com\/elcomercio\/www\/multimedia\/2025\/09\/15\/berrea-venado-asturias-kb8D-U2302932704635o7H-1200x840@El%20Comercio.jpg\" width=\"1200\" height=\"840\" \/><\/a><\/p>\n<p>Berra del venado n&#8217;Asturies 2025: rutes empuestes y puntos d&#8217;observaci\u00f3n. Los montes de Nava y Teberga son dalgunos de los que cunten con puntos d&#8217;observaci\u00f3n se\u00f1alizaos para esfrutar esta seronda del espect\u00e1culu de la berrea del ven\u00e1u.<\/p>\n<p><!--more--><\/p>\n<p style=\"text-align: center\"><span class=\"x193iq5w xeuugli x13faqbe x1vvkbs xt0psk2 x1i0vuye xvs91rp xo1l8bm x5n08af x10wh9bi xpm28yp x8viiok x1o7cslx x126k92a\"><span class=\"html-span xexx8yu x4uap5 x18d9i69 xkhd6sd x1hl2dhg x16tdsg8 x1vvkbs x3nfvp2 x1j61x8r x1fcty0u xdj266r xat24cr xgzva0m xhhsvwb xxymvpz xlup9mm x1kky2od\">\n<!-- iframe plugin v.6.0 wordpress.org\/plugins\/iframe\/ -->\n<iframe loading=\"lazy\" src=\"https:\/\/www.instagram.com\/reel\/DOfqgoAiHvP\/embed\" width=\"560\" height=\"720\" 0=\"\/iframe\" scrolling=\"yes\" class=\"iframe-class\" frameborder=\"0\"><\/iframe>\n<\/span><\/span><\/p>\n<p>Av\u00e9rase la seronda y cola nueva estaci\u00f3n empieza unu de los mayores espect\u00e1culos de los montes cant\u00e1bricos: la berrea. Los montes de Nava, Teberga, Somiedu o Casu, por casu, cunten con puntos d&#8217;observaci\u00f3n dende los que ver y escuchar esti singular cortexu y hai asociaciones y empreses tur\u00edstiques qu&#8217;aprovechen estes selmanes de setiembre y ochobre para entamar rutes empuestes.<\/p>\n<p style=\"text-align: center\">\n<!-- iframe plugin v.6.0 wordpress.org\/plugins\/iframe\/ -->\n<iframe loading=\"lazy\" src=\"https:\/\/www.google.com\/maps\/d\/embed?mid=1QX6-CRQu2TSvV6KnxogTbLvUlPqFnhhA&#038;ehbc=2E312F\" width=\"640\" height=\"480\" 0=\"\/iframe\" scrolling=\"yes\" class=\"iframe-class\" frameborder=\"0\"><\/iframe>\n<\/p>\n<p>\ud83c\udf42\ud83e\udd8c \u00a1Ye tiempu de berra en Teberga!Ente setiembre y ochobre, a l&#8217;amanecida y al atapecer, los montes de Teberga enllenense d&#8217;un son\u00edu \u00fanicu: el potente bram\u00edu de los venaos en celu. Un espect\u00e1culu natural que combina naturaleza, tradici\u00f3n y la guapura de los montes ti\u00f1\u00edos de colores serondiegos .\u00a0Afaya los puntos d&#8217;avistamiento.<\/p>\n<ul>\n<li>\ud83d\udc49 <a href=\"https:\/\/www.tevergaturismo.es\/disfruta-la-berrea\/\">https:\/\/www.tevergaturismo.es\/disfruta-la-berrea\/<\/a>\n<p><a class=\"x1i10hfl xjbqb8w x1ejq31n x18oe1m7 x1sy0etr xstzfhl x972fbf x10w94by x1qhh985 x14e42zd x9f619 x1ypdohk xt0psk2 x3ct3a4 xdj266r x14z9mp xat24cr x1lziwak xexx8yu xyri2b x18d9i69 x1c1uobl x16tdsg8 x1hl2dhg xggy1nq x1a2a7pz  _aa9_ _a6hd\" role=\"link\" href=\"https:\/\/www.instagram.com\/explore\/tags\/teverga\/\">#Teverga<\/a>\u00a0<a class=\"x1i10hfl xjbqb8w x1ejq31n x18oe1m7 x1sy0etr xstzfhl x972fbf x10w94by x1qhh985 x14e42zd x9f619 x1ypdohk xt0psk2 x3ct3a4 xdj266r x14z9mp xat24cr x1lziwak xexx8yu xyri2b x18d9i69 x1c1uobl x16tdsg8 x1hl2dhg xggy1nq x1a2a7pz  _aa9_ _a6hd\" role=\"link\" href=\"https:\/\/www.instagram.com\/explore\/tags\/asturias\/\">#Asturias<\/a>\u00a0<a class=\"x1i10hfl xjbqb8w x1ejq31n x18oe1m7 x1sy0etr xstzfhl x972fbf x10w94by x1qhh985 x14e42zd x9f619 x1ypdohk xt0psk2 x3ct3a4 xdj266r x14z9mp xat24cr x1lziwak xexx8yu xyri2b x18d9i69 x1c1uobl x16tdsg8 x1hl2dhg xggy1nq x1a2a7pz  _aa9_ _a6hd\" role=\"link\" href=\"https:\/\/www.instagram.com\/explore\/tags\/berrea\/\">#Berrea<\/a><\/li>\n<\/ul>\n","protected":false},"excerpt":{"rendered":"<p>Berra del venado n&#8217;Asturies 2025: rutes empuestes y puntos d&#8217;observaci\u00f3n. Los montes de Nava y Teberga son dalgunos de los que cunten con puntos d&#8217;observaci\u00f3n se\u00f1alizaos para esfrutar esta seronda del espect\u00e1culu de la berrea del ven\u00e1u.<\/p>\n","protected":false},"author":117,"featured_media":0,"comment_status":"closed","ping_status":"open","sticky":false,"template":"","format":"standard","meta":{"footnotes":""},"categories":[1],"tags":[],"class_list":["post-58062","post","type-post","status-publish","format-standard","hentry","category-sin-categoria"],"_links":{"self":[{"href":"https:\/\/edublog.educastur.es\/ixuxu\/wp-json\/wp\/v2\/posts\/58062","targetHints":{"allow":["GET"]}}],"collection":[{"href":"https:\/\/edublog.educastur.es\/ixuxu\/wp-json\/wp\/v2\/posts"}],"about":[{"href":"https:\/\/edublog.educastur.es\/ixuxu\/wp-json\/wp\/v2\/types\/post"}],"author":[{"embeddable":true,"href":"https:\/\/edublog.educastur.es\/ixuxu\/wp-json\/wp\/v2\/users\/117"}],"replies":[{"embeddable":true,"href":"https:\/\/edublog.educastur.es\/ixuxu\/wp-json\/wp\/v2\/comments?post=58062"}],"version-history":[{"count":4,"href":"https:\/\/edublog.educastur.es\/ixuxu\/wp-json\/wp\/v2\/posts\/58062\/revisions"}],"predecessor-version":[{"id":58065,"href":"https:\/\/edublog.educastur.es\/ixuxu\/wp-json\/wp\/v2\/posts\/58062\/revisions\/58065"}],"wp:attachment":[{"href":"https:\/\/edublog.educastur.es\/ixuxu\/wp-json\/wp\/v2\/media?parent=58062"}],"wp:term":[{"taxonomy":"category","embeddable":true,"href":"https:\/\/edublog.educastur.es\/ixuxu\/wp-json\/wp\/v2\/categories?post=58062"},{"taxonomy":"post_tag","embeddable":true,"href":"https:\/\/edublog.educastur.es\/ixuxu\/wp-json\/wp\/v2\/tags?post=58062"}],"curies":[{"name":"wp","href":"https:\/\/api.w.org\/{rel}","templated":true}]}}