{"id":58067,"date":"2025-09-18T08:15:18","date_gmt":"2025-09-18T06:15:18","guid":{"rendered":"https:\/\/edublog.educastur.es\/ixuxu\/?p=58067"},"modified":"2025-09-18T09:16:39","modified_gmt":"2025-09-18T07:16:39","slug":"estau-del-tiempu-xueves-18-setiembre","status":"publish","type":"post","link":"https:\/\/edublog.educastur.es\/ixuxu\/2025\/09\/estau-del-tiempu-xueves-18-setiembre\/","title":{"rendered":"Est\u00e1u del tiempu: xueves 18 setiembre"},"content":{"rendered":"<div class=\"html-div xdj266r xat24cr x1lziwak xexx8yu xyri2b x18d9i69 x1c1uobl x78zum5 x2lah0s xqtp20y x1xegmmw\">\n<div class=\"xc9qbxq x1td3qas x6s0dn4 x78zum5 xl56j7k\">\n<div class=\"\"><\/div>\n<\/div>\n<\/div>\n<div class=\"x78zum5 xdt5ytf xz62fqu x16ldp7u\">\n<div class=\"xu06os2 x1ok221b\">\n<div class=\"html-div xdj266r x14z9mp xat24cr x1lziwak xexx8yu xyri2b x18d9i69 x1c1uobl\" data-ad-rendering-role=\"profile_name\">\n<ul>\n<li class=\"html-h3 x14z9mp xat24cr x1lziwak xexx8yu xyri2b x18d9i69 x1c1uobl x1vvkbs x1heor9g x1qlqyl8 x1pd3egz x1a2a7pz x1gslohp x1yc453h\"><span class=\"x1lliihq x6ikm8r x10wlt62 x1n2onr6\"><span class=\"xt0psk2\"><span class=\"xjp7ctv\"><a class=\"x1i10hfl xjbqb8w x1ejq31n x18oe1m7 x1sy0etr xstzfhl x972fbf x10w94by x1qhh985 x14e42zd x9f619 x1ypdohk xt0psk2 x3ct3a4 xdj266r x14z9mp xat24cr x1lziwak xexx8yu xyri2b x18d9i69 x1c1uobl x16tdsg8 x1hl2dhg xggy1nq x1a2a7pz xkrqix3 x1sur9pj xzsf02u x1s688f\" role=\"link\" href=\"https:\/\/www.facebook.com\/eltiempuenasturies?__cft__[0]=AZXvurCWz23G-S-hvmn24qS81MS36EwbrXId4qgpIcBtUufV6XuB1h2GSC9wFy1Ls5CSKY4FM8LFIvRn_FXe3CiPEcuQZ8yosOtTmRR8NKPQrGgTBhkLSPuoknMLkkL_qAuRhsM0wNjS01MyldcM97E2a8cgiMS2jtfzaBCuCII6BPnHDEHEaCC4GSJvuDugFVkflM-oxV0FEAv4Y7n7n76Z&amp;__tn__=-UC%2CP-y-R\"><b class=\"html-b xdj266r x14z9mp xat24cr x1lziwak xexx8yu xyri2b x18d9i69 x1c1uobl x1hl2dhg x16tdsg8 x1vvkbs x1s688f\"><span class=\"html-span xdj266r x14z9mp xat24cr x1lziwak xexx8yu xyri2b x18d9i69 x1c1uobl x1hl2dhg x16tdsg8 x1vvkbs\">El Tiempu n&#8217;Asturies.<\/span><\/b><\/a><\/span><\/span><\/span><\/li>\n<\/ul>\n<\/div>\n<\/div>\n<div class=\"xu06os2 x1ok221b\"><\/div>\n<\/div>\n<div class=\"html-div xdj266r x14z9mp xat24cr x1lziwak xexx8yu xyri2b x18d9i69 x1c1uobl\" dir=\"auto\">\n<div class=\"html-div xdj266r x14z9mp xat24cr x1lziwak xexx8yu xyri2b x18d9i69 x1c1uobl\" data-ad-rendering-role=\"story_message\">\n<div class=\"x1l90r2v x1iorvi4 x1g0dm76 xpdmqnj\" data-ad-comet-preview=\"message\" data-ad-preview=\"message\">\n<div class=\"x78zum5 xdt5ytf xz62fqu x16ldp7u\">\n<div class=\"xu06os2 x1ok221b\">\n<div class=\"html-div xdj266r x14z9mp xat24cr x1lziwak xexx8yu xyri2b x18d9i69 x1c1uobl\">\n<div class=\"x14z9mp xat24cr x1lziwak x1vvkbs xtlvy1s x126k92a\">\n<ul>\n<li dir=\"auto\"><strong><span style=\"color: #008080\">Alborecemos<\/span><\/strong> col cielu poco nuboso o escampl\u00e1u, sicas\u00ed no fonderu los valles hai nublines ya borrinos con unes temperatures que tan alrodiu de los 15\u00baC y otra vegada m\u00e1s con iversi\u00f3n t\u00e9rmica rexistr\u00e1ndose nel puirtu Payares 18,1\u00baC o na vega d&#8217;Urriellu 19,5\u00baC.<\/li>\n<\/ul>\n<\/div>\n<div class=\"x14z9mp xat24cr x1lziwak x1vvkbs xtlvy1s x126k92a\">\n<ul>\n<li dir=\"auto\"><strong><span style=\"color: #008080\">G\u00fcei<\/span> <\/strong>y\u00e1 nun vamos tener el cielu tan llimpiu como ayeri y surdir\u00e1 nubosid\u00e1 alta durante&#8217;l d\u00eda con unes temperatures m\u00e1simes n&#8217;ascensu que sobrepasar\u00e1n los 30\u00baC nel interior asturianu quedando m\u00e1s contenies pela costa por mor de les brises marines. L&#8217;aire sedr\u00e1 sele ya variable.<\/li>\n<\/ul>\n<p><!--more--><\/p>\n<\/div>\n<div class=\"x14z9mp xat24cr x1lziwak x1vvkbs xtlvy1s x126k92a\">\n<ul>\n<li dir=\"auto\"><strong><span style=\"color: #008080\">Ma\u00f1ana vienres<\/span> <\/strong>sedr\u00e1 un d\u00eda mui asemey\u00e1u con temperatures mui altes al mediud\u00eda, perriba de los 30\u00baC, col cielu empuerc\u00e1u de nubes altes pero que malpenes velar\u00e1n el sol ya col aire que sedr\u00e1 sele ya variable.<\/li>\n<\/ul>\n<\/div>\n<div class=\"x14z9mp xat24cr x1lziwak x1vvkbs xtlvy1s x126k92a\">\n<ul>\n<li dir=\"auto\"><strong><span style=\"color: #008080\">El s\u00e1badu<\/span> <\/strong>descender\u00e1n les temperatures y surdir\u00e1 nubosid\u00e1 de desendolque pela tarde dempu\u00e9s d&#8217;una ma\u00f1ana soleyera que mos dexar\u00e1 precipitaciones de calter tormentosu ya moder\u00e1u al atapecer. L&#8217;aire dir\u00e1 rolando a componente norte con raches modereaes cola truena.<\/li>\n<\/ul>\n<\/div>\n<div class=\"x14z9mp xat24cr x1lziwak x1vvkbs xtlvy1s x126k92a\">\n<ul>\n<li dir=\"auto\"><strong><span style=\"color: #008080\">El domingu<\/span> <\/strong>ye probable que tengamos una ma\u00f1ana seliquina con nubes ya claros o abancios y nun sedr\u00e1 hasta l&#8217;atapecer cuando de nuevu los xarabatos tormentosos surd\u00e1n de nuevu. Les temperatures diguen en descensu y l&#8217;aire de componente noroeste pue soplar con raches fuertes nel llitoral y zones altes.<\/li>\n<\/ul>\n<\/div>\n<\/div>\n<\/div>\n<\/div>\n<\/div>\n<\/div>\n<\/div>\n<p>&nbsp;<\/p>\n","protected":false},"excerpt":{"rendered":"<p>El Tiempu n&#8217;Asturies. Alborecemos col cielu poco nuboso o escampl\u00e1u, sicas\u00ed no fonderu los valles hai nublines ya borrinos con unes temperatures que tan alrodiu de los 15\u00baC y otra vegada m\u00e1s con iversi\u00f3n t\u00e9rmica rexistr\u00e1ndose nel puirtu Payares 18,1\u00baC o na vega d&#8217;Urriellu 19,5\u00baC. G\u00fcei y\u00e1 nun vamos tener el cielu tan llimpiu como [&hellip;]<\/p>\n","protected":false},"author":117,"featured_media":0,"comment_status":"closed","ping_status":"open","sticky":false,"template":"","format":"standard","meta":{"footnotes":""},"categories":[5],"tags":[],"class_list":["post-58067","post","type-post","status-publish","format-standard","hentry","category-tiempu"],"_links":{"self":[{"href":"https:\/\/edublog.educastur.es\/ixuxu\/wp-json\/wp\/v2\/posts\/58067","targetHints":{"allow":["GET"]}}],"collection":[{"href":"https:\/\/edublog.educastur.es\/ixuxu\/wp-json\/wp\/v2\/posts"}],"about":[{"href":"https:\/\/edublog.educastur.es\/ixuxu\/wp-json\/wp\/v2\/types\/post"}],"author":[{"embeddable":true,"href":"https:\/\/edublog.educastur.es\/ixuxu\/wp-json\/wp\/v2\/users\/117"}],"replies":[{"embeddable":true,"href":"https:\/\/edublog.educastur.es\/ixuxu\/wp-json\/wp\/v2\/comments?post=58067"}],"version-history":[{"count":1,"href":"https:\/\/edublog.educastur.es\/ixuxu\/wp-json\/wp\/v2\/posts\/58067\/revisions"}],"predecessor-version":[{"id":58068,"href":"https:\/\/edublog.educastur.es\/ixuxu\/wp-json\/wp\/v2\/posts\/58067\/revisions\/58068"}],"wp:attachment":[{"href":"https:\/\/edublog.educastur.es\/ixuxu\/wp-json\/wp\/v2\/media?parent=58067"}],"wp:term":[{"taxonomy":"category","embeddable":true,"href":"https:\/\/edublog.educastur.es\/ixuxu\/wp-json\/wp\/v2\/categories?post=58067"},{"taxonomy":"post_tag","embeddable":true,"href":"https:\/\/edublog.educastur.es\/ixuxu\/wp-json\/wp\/v2\/tags?post=58067"}],"curies":[{"name":"wp","href":"https:\/\/api.w.org\/{rel}","templated":true}]}}