{"id":58076,"date":"2025-09-18T08:50:10","date_gmt":"2025-09-18T06:50:10","guid":{"rendered":"https:\/\/edublog.educastur.es\/ixuxu\/?p=58076"},"modified":"2025-09-18T09:50:57","modified_gmt":"2025-09-18T07:50:57","slug":"indiz-de-quemes-forestales-nasturies-7","status":"publish","type":"post","link":"https:\/\/edublog.educastur.es\/ixuxu\/2025\/09\/indiz-de-quemes-forestales-nasturies-7\/","title":{"rendered":"\u00cdndiz de quemes forestales n&#8217;Asturies"},"content":{"rendered":"<p style=\"text-align: center\"><a href=\"https:\/\/pbs.twimg.com\/media\/G1CbK6kXgAA0swM?format=png&amp;name=small\"><img loading=\"lazy\" decoding=\"async\" class=\"aligncenter size-large\" src=\"https:\/\/pbs.twimg.com\/media\/G1CbK6kXgAA0swM?format=png&amp;name=small\" width=\"565\" height=\"346\" \/><\/a><\/p>\n<p style=\"text-align: center\"><span style=\"font-size: 20px;color: #008080\"><em>\u26d4\ufe0f\ud83d\udd25Recu\u00e9rdase que <strong>col \u00edndiz 4 y 5, <\/strong><\/em><\/span><br \/>\n<span style=\"font-size: 20px;color: #008080\"><em>riesgu de quema bien alto y estremu,<\/em><\/span><br \/>\n<strong><span style=\"font-size: 20px;color: #008080\"><em> t\u00e1n prohib\u00edes les quemes<\/em><\/span><\/strong><\/p>\n<p>&nbsp;<\/p>\n","protected":false},"excerpt":{"rendered":"<p>\u26d4\ufe0f\ud83d\udd25Recu\u00e9rdase que col \u00edndiz 4 y 5, riesgu de quema bien alto y estremu, t\u00e1n prohib\u00edes les quemes &nbsp;<\/p>\n","protected":false},"author":117,"featured_media":0,"comment_status":"closed","ping_status":"open","sticky":false,"template":"","format":"standard","meta":{"footnotes":""},"categories":[287],"tags":[],"class_list":["post-58076","post","type-post","status-publish","format-standard","hentry","category-incendios"],"_links":{"self":[{"href":"https:\/\/edublog.educastur.es\/ixuxu\/wp-json\/wp\/v2\/posts\/58076","targetHints":{"allow":["GET"]}}],"collection":[{"href":"https:\/\/edublog.educastur.es\/ixuxu\/wp-json\/wp\/v2\/posts"}],"about":[{"href":"https:\/\/edublog.educastur.es\/ixuxu\/wp-json\/wp\/v2\/types\/post"}],"author":[{"embeddable":true,"href":"https:\/\/edublog.educastur.es\/ixuxu\/wp-json\/wp\/v2\/users\/117"}],"replies":[{"embeddable":true,"href":"https:\/\/edublog.educastur.es\/ixuxu\/wp-json\/wp\/v2\/comments?post=58076"}],"version-history":[{"count":3,"href":"https:\/\/edublog.educastur.es\/ixuxu\/wp-json\/wp\/v2\/posts\/58076\/revisions"}],"predecessor-version":[{"id":58079,"href":"https:\/\/edublog.educastur.es\/ixuxu\/wp-json\/wp\/v2\/posts\/58076\/revisions\/58079"}],"wp:attachment":[{"href":"https:\/\/edublog.educastur.es\/ixuxu\/wp-json\/wp\/v2\/media?parent=58076"}],"wp:term":[{"taxonomy":"category","embeddable":true,"href":"https:\/\/edublog.educastur.es\/ixuxu\/wp-json\/wp\/v2\/categories?post=58076"},{"taxonomy":"post_tag","embeddable":true,"href":"https:\/\/edublog.educastur.es\/ixuxu\/wp-json\/wp\/v2\/tags?post=58076"}],"curies":[{"name":"wp","href":"https:\/\/api.w.org\/{rel}","templated":true}]}}