{"id":58110,"date":"2025-09-17T17:56:26","date_gmt":"2025-09-17T15:56:26","guid":{"rendered":"https:\/\/edublog.educastur.es\/ixuxu\/?p=58110"},"modified":"2025-09-18T11:05:08","modified_gmt":"2025-09-18T09:05:08","slug":"58110","status":"publish","type":"post","link":"https:\/\/edublog.educastur.es\/ixuxu\/2025\/09\/58110\/","title":{"rendered":"Los trabayos que queden ensin cubrir n&#8217;Asturies"},"content":{"rendered":"<p><a href=\"https:\/\/www.lavozdeasturias.es\/noticia\/asturias\/2025\/09\/16\/millar-puestos-trabajos-quedan-cubrir-asturias\/00031758035635767178680.htm\">La Voz<\/a> \/<\/p>\n<p style=\"text-align: center\"><a href=\"https:\/\/img.lavdg.com\/sc\/yu5C_qOIYVOXnY9F9X-s0jKUWVo=\/768x\/2025\/09\/16\/00121758042040796663848\/Foto\/trby.jpg\"><img loading=\"lazy\" decoding=\"async\" class=\"aligncenter size-large\" src=\"https:\/\/img.lavdg.com\/sc\/yu5C_qOIYVOXnY9F9X-s0jKUWVo=\/768x\/2025\/09\/16\/00121758042040796663848\/Foto\/trby.jpg\" width=\"768\" height=\"432\" \/><\/a><\/p>\n<p><strong>M\u00e1s d&#8217;un millar de puestos: los trabayos que queden ensin cubrir n&#8217;Asturies.<\/strong> El Princip\u00e1u ye la \u00fanica comunid\u00e1 na que baxaron los costos llaborales nel segundu trimestre del a\u00f1u.<\/p>\n<p><!--more--><\/p>\n<p>Colos datos del segundu trimestre d&#8217;angua\u00f1o, l&#8217;Institutu Nacional d&#8217;Estad\u00edstica (INE) dio a conocer les cifres de les vacantes d&#8217;empl\u00e9u en ca\u00fana de les comunidaes aut\u00f3nomes y nel casu d&#8217;Asturies revelen qu&#8217;<strong>hai un n\u00famberu notable de puestos ensin cubrir, 1.787<\/strong>.<\/p>\n<p>&nbsp;<\/p>\n<p>Seg\u00fan esplica&#8217;l mesmu INE, l&#8217;anal\u00eds de les vacantes llaborales convirti\u00f3se nun indicador clave para entender la sal\u00fa del merc\u00e1u de trabayu. <strong>Estes places ensin cubrir reflexen la demanda d&#8217;empl\u00e9u insatisfecha y amuesen hasta qu\u00e9 puntu esiste un equilibriu \u2014o un desaxuste\u2014 ente la ufierta y la demanda de trabayadores.<\/strong><\/p>\n<p>Si&#8217;l n\u00famberu de vacantes ye elev\u00e1u o se tarda enforma en cubrise, ponse de manifiestu que <strong>les empreses nun atopen perfiles cola cualificaci\u00f3n necesaria o que los trabayadores disponibles nun acepten les condiciones ufiertaes.<\/strong><\/p>\n<p>Am\u00e1s, les vacantes sirven como term\u00f3metru de la econom\u00eda. Un aumentu de puestos ensin cubrir suel antemanar una fase de crecedera de l&#8217;activid\u00e1, ente que un descensu apunta a una ralentizaci\u00f3n. Tami\u00e9n tienen un efectu directu nos salarios:<strong> cuando la demanda d&#8217;empl\u00e9u supera a la ufierta, los sueldos tienden a xubir como mecanismu p&#8217;atraer a los profesionales que&#8217;l merc\u00e1u precisa.<\/strong><\/p>\n<p>Na estad\u00edstica del segundu semestre del a\u00f1u ind\u00edcase que son <strong>1.787 vacantes nel Princip\u00e1u y que esi monto representa&#8217;l 1,2% de les vacantes de too el pa\u00eds.<\/strong> Sadei recoy\u00f3 la evoluci\u00f3n d&#8217;estes cifres dende 2019 y la gr\u00e1fica revela dos picos puntuales en 2021 y 2022 nos tramos finales de cada a\u00f1u.<\/p>\n<p style=\"text-align: center\"><a href=\"https:\/\/img.lavdg.com\/sc\/GP0RnfIeoz27Y7Va-kqFqZEryv4=\/768x\/2025\/09\/16\/00121758037770486547475\/Foto\/sadei.jpg\"><img loading=\"lazy\" decoding=\"async\" class=\"aligncenter size-large\" src=\"https:\/\/img.lavdg.com\/sc\/GP0RnfIeoz27Y7Va-kqFqZEryv4=\/768x\/2025\/09\/16\/00121758037770486547475\/Foto\/sadei.jpg\" width=\"768\" height=\"432\" \/><\/a><\/p>\n<p>Per otra parte, l&#8217;INE, nel balance m\u00e1s reci\u00e9n recueye tami\u00e9n les causes m\u00e1s citaes poles que nun hai vacantes n&#8217;empreses asturianes. Na inmensa mayor\u00eda de los casos, nel 91% dizse que ye \u00abnun se precisa neng\u00fan trabayador m\u00e1s\u00bb y nam\u00e1 nuna minor\u00eda bien residual, un 5% ind\u00edcase como causa \u00abelevaos costos de contrataci\u00f3n\u00bb.<\/p>\n<p><strong>Los puestos dif\u00edciles.\u00a0<\/strong>El pas\u00e1u mes de marzu, anque con cifres y datos correspondientes a 2024, l&#8217;<strong>Observatoriu de les Ocupaciones del Serviciu P\u00fablicu d&#8217;Empl\u00e9u Estatal (SEPE)<\/strong> indic\u00f3 que nel casu d&#8217;Asturies el llist\u00e1u de les ocupaciones que, una vegada que son ufiertaes, tarden 90 o m\u00e1s d\u00edes en cubrise encabezarenlo<span style=\"color: #008080\"> <strong>los camareros asalariaos, los trabayadores de los cuidos personales a casa y el personal de llimpieza d&#8217;oficines, hoteles y otros establecimientos similares.<\/strong><\/span><\/p>\n<p><strong>\u00bfCu\u00e1los son les 10 ocupaciones que m\u00e1s tarden en ser cubiertes n&#8217;Asturies? <\/strong>Los primeres son camareros asalariaos, los trabayadores de los cuidos personales a casa y el personal de llimpieza d&#8217;oficines, hoteles y otros establecimientos similares; el llist\u00e1u compl\u00e9tase, por esti orde, con <strong>l<span style=\"color: #008080\">letricistes de la construcci\u00f3n, alba\u00f1iles, otros trabayadores de les obres estructurales de construcci\u00f3n, instaladores de zarramientos met\u00e1licos y carpinteros met\u00e1licos <\/span><\/strong><span style=\"color: #008080\">(sacante montadores d&#8217;estructures met\u00e1liques)<strong>, conductores asalariaos de camiones, chapistas y caldereros y, d&#8217;\u00faltimes, soldadores y oxicortadores.<\/strong><\/span><\/p>\n<p>Am\u00e1s, seg\u00fan los datos que se tomen de la encuesta trimestral de costu llaboral, se\u00f1\u00e1lense tami\u00e9n les <span style=\"color: #008080\">10 actividaes econ\u00f3miques que destaquen por n\u00famberu de puestos de mala cobertoria<\/span> que, nel casu d&#8217;Asturies, son les siguientes:<\/p>\n<ul>\n<li><span style=\"color: #008080\"><em>Construcci\u00f3n d&#8217;edificios<\/em><\/span><\/li>\n<li><span style=\"color: #008080\"><em>Fabricaci\u00f3n de productos met\u00e1licos sacante maquinaria y forno<\/em><\/span><\/li>\n<li><span style=\"color: #008080\"><em>Actividaes de construcci\u00f3n especializada<\/em><\/span><\/li>\n<li><span style=\"color: #008080\"><em> Servicios de com\u00edes y beb\u00edes<\/em><\/span><\/li>\n<li><span style=\"color: #008080\"><em>Comerciu al per mayor ya intermediarios del comerciu, sacante veh\u00edculos de motor y motocicletes<\/em><\/span><\/li>\n<li><span style=\"color: #008080\"><em>Servicios t\u00e9cnicos d&#8217;arquitectura <\/em><\/span><\/li>\n<li><span style=\"color: #008080\"><em>Asistencia n&#8217;establecimientos residenciales<\/em><\/span><\/li>\n<li><span style=\"color: #008080\"><em>Comerciu al per menor, sacante de veh\u00edculos de motor y motocicletes<\/em><\/span><\/li>\n<li><span style=\"color: #008080\"><em>Venta y arreglu de veh\u00edculos de motor<\/em><\/span><\/li>\n<li><span style=\"color: #008080\"><em>Servicios a edificios y actividaes de xardiner\u00eda<\/em><\/span><\/li>\n<\/ul>\n<p>Nesti llist\u00e1u, a diferencia de lo qu&#8217;asocede n&#8217;otres comunidaes, nun apaecen actividaes de la ca\u00f1a sanitaria o rellacionaes con programaci\u00f3n ya inform\u00e1tica. Am\u00e1s, inda hai xuna tercer clasificaci\u00f3n qu&#8217;amuesa les divisiones de les actividaes econ\u00f3miques con m\u00e1s vacantes de mala cobertoria, ente les que se cunten los servicios t\u00e9cnicos d&#8217;arquitectura ya inxenier\u00eda, l&#8217;almacenamientu y actividaes amiestes al tresporte, la industria qu\u00edmico o les telecomunicaciones o, en menor midida, les de *programac\u00f3n y emisi\u00f3n de radiu y *TV o les deportives, recreatives o d&#8217;entretenimientu.<\/p>\n<p>Los costos llaborales<\/p>\n<p>El costu llaboral por trabayador y mes bax\u00f3 n&#8217;Asturies nel segundu trimestre un 1,2% respectu al mesmu periodu del a\u00f1u pas\u00e1u, hasta 3.124 euros, seg\u00fan los datos publicaos na mesma estad\u00edstica del *INE. El Princip\u00e1u ye la \u00fanica comunid\u00e1 na que se produci\u00f3 un descensu.<\/p>\n<p>Asturies rexistr\u00f3&#8217;l s\u00e9ptimu costu llaboral m\u00e1s elev\u00e1u ente les comunidaes aut\u00f3nomes, anque per debaxo del promediu nacional, que xubi\u00f3 un 3 per cientu, hasta 3.256,54 euros.<\/p>\n<p>El costu salarial (qu&#8217;incl\u00fai salariu base, complementos, pagos por hores estraordinaries y atrasos, tou mid\u00edu en t\u00e9rminos brutos) bax\u00f3 n&#8217;Asturies un 1,5 per cientu en tasa intera\u00f1al, hasta 2.334,19 euros.<\/p>\n<p>Los otros costos non salariales, que&#8217;l so principal integrante son les cotizaciones obligatories a la Segurid\u00e1 Social, baxaron un 0,4 per cientu, hasta 790,20 euros.<\/p>\n<p>La xornada llaboral mensual apautada nes empreses asturianes foi de 148,2 hores, y l&#8217;efectiva, de 125,1 hores, por cuenta de un promediu de 23,7 hores ensin trabayar por distintos motivos, como vacaciones, fiestes, o incapacid\u00e1 temporal, ente otros.<\/p>\n<p>Con ello, el costu llaboral per hora efectiva trabayada aument\u00f3 n&#8217;Asturies un 3,1 per cientu, hasta 24,99 euros.<\/p>\n<p>Nel conxuntu del pa\u00eds, el costu llaboral de les empreses aument\u00f3 un 3 % nel segundu trimestre del a\u00f1u respecto al mesmu periodu del a\u00f1u anterior y asiti\u00f3se en 3.256,54 euros per trabayador y mes encadenando 18 trimestres a l&#8217;alza.<\/p>\n<p>Seg\u00fan la Encuesta Trimestral de Costu Llaboral (*ETCL) publicada esti martes pol *INE, #tratar de la primer vegada que supera los 3.200 euros nun segundu trimestre dende l&#8217;a\u00f1u 2000, cuando empez\u00f3 la serie.<\/p>\n<p>Por componentes, el costu salarial xubi\u00f3 un 2,7 % hasta los 2.416,5 euros de media, el m\u00e1s elev\u00e1u nun segundu trimestre del hest\u00f3ricu, en cuantes que los otros costos, ente los que s&#8217;incl\u00fain les cotizaciones sociales, alz\u00e1ronse un 4 %, hasta los 840 euros. EFE<\/p>\n","protected":false},"excerpt":{"rendered":"<p>La Voz \/ M\u00e1s d&#8217;un millar de puestos: los trabayos que queden ensin cubrir n&#8217;Asturies. El Princip\u00e1u ye la \u00fanica comunid\u00e1 na que baxaron los costos llaborales nel segundu trimestre del a\u00f1u.<\/p>\n","protected":false},"author":117,"featured_media":0,"comment_status":"closed","ping_status":"open","sticky":false,"template":"","format":"standard","meta":{"footnotes":""},"categories":[258,54],"tags":[],"class_list":["post-58110","post","type-post","status-publish","format-standard","hentry","category-estadistiques","category-trabayu"],"_links":{"self":[{"href":"https:\/\/edublog.educastur.es\/ixuxu\/wp-json\/wp\/v2\/posts\/58110","targetHints":{"allow":["GET"]}}],"collection":[{"href":"https:\/\/edublog.educastur.es\/ixuxu\/wp-json\/wp\/v2\/posts"}],"about":[{"href":"https:\/\/edublog.educastur.es\/ixuxu\/wp-json\/wp\/v2\/types\/post"}],"author":[{"embeddable":true,"href":"https:\/\/edublog.educastur.es\/ixuxu\/wp-json\/wp\/v2\/users\/117"}],"replies":[{"embeddable":true,"href":"https:\/\/edublog.educastur.es\/ixuxu\/wp-json\/wp\/v2\/comments?post=58110"}],"version-history":[{"count":5,"href":"https:\/\/edublog.educastur.es\/ixuxu\/wp-json\/wp\/v2\/posts\/58110\/revisions"}],"predecessor-version":[{"id":58115,"href":"https:\/\/edublog.educastur.es\/ixuxu\/wp-json\/wp\/v2\/posts\/58110\/revisions\/58115"}],"wp:attachment":[{"href":"https:\/\/edublog.educastur.es\/ixuxu\/wp-json\/wp\/v2\/media?parent=58110"}],"wp:term":[{"taxonomy":"category","embeddable":true,"href":"https:\/\/edublog.educastur.es\/ixuxu\/wp-json\/wp\/v2\/categories?post=58110"},{"taxonomy":"post_tag","embeddable":true,"href":"https:\/\/edublog.educastur.es\/ixuxu\/wp-json\/wp\/v2\/tags?post=58110"}],"curies":[{"name":"wp","href":"https:\/\/api.w.org\/{rel}","templated":true}]}}