{"id":58126,"date":"2025-09-18T12:09:43","date_gmt":"2025-09-18T10:09:43","guid":{"rendered":"https:\/\/edublog.educastur.es\/ixuxu\/?p=58126"},"modified":"2025-09-18T12:18:50","modified_gmt":"2025-09-18T10:18:50","slug":"cartelos-ribeseya-capital-mundial-de-la-sidre-del-3-5-dochobre","status":"publish","type":"post","link":"https:\/\/edublog.educastur.es\/ixuxu\/2025\/09\/cartelos-ribeseya-capital-mundial-de-la-sidre-del-3-5-dochobre\/","title":{"rendered":"Cartelos: Ribeseya, capital mundial de la sidre, del 3-5 d&#8217;ochobre"},"content":{"rendered":"<div class=\"xu06os2 x1ok221b\">\n<div class=\"x1gslohp\">\n<ul>\n<li class=\"html-h2 x14z9mp xat24cr x1lziwak xexx8yu xyri2b x18d9i69 x1c1uobl x1vvkbs x1heor9g x1qlqyl8 x1pd3egz x1a2a7pz x1gslohp\"><span class=\"x193iq5w xeuugli x13faqbe x1vvkbs x1xmvt09 x1f6kntn xvq8zen xo1l8bm xi81zsa\"><span class=\"xt0psk2\"><span class=\"xjp7ctv\"><a class=\"x1i10hfl xjbqb8w x1ejq31n x18oe1m7 x1sy0etr xstzfhl x972fbf x10w94by x1qhh985 x14e42zd x9f619 x1ypdohk xt0psk2 x3ct3a4 xdj266r x14z9mp xat24cr x1lziwak xexx8yu xyri2b x18d9i69 x1c1uobl x16tdsg8 x1hl2dhg xggy1nq x1a2a7pz xkrqix3 x1sur9pj xzsf02u x1s688f\" role=\"link\" href=\"https:\/\/www.facebook.com\/entainaribeseya?__cft__[0]=AZXOUPBDcIvWOLc7L8TAmcGGG6FAZe39OiW3LXuZ48ye35fCuM0IpZB0H9TxIwvMI5W4_R8SrnPkFJzX7sdKYl54WUg58Zb7R87mssIgDWgog4XFeIZgQhgKqjiC8IPgdF1WebGZvG9PaYG6xX4T8mF1sbB53JG7GZXUZWhmvUSmaqPc8xMWoFy4UO1LOoBG536BB6wpeGJ-zcTbvmEDCJ1Q&amp;__tn__=-UC*F\">Enta\u00edna Ribeseya<\/a><\/span><\/span><\/span>\/ Cartelu: <span class=\"x193iq5w xeuugli x13faqbe x1vvkbs x1xmvt09 x1lliihq x1s928wv xhkezso x1gmr53x x1cpjm7i x1fgarty x1943h6x xudqn12 x3x7a5m x1f6kntn xvq8zen xo1l8bm xzsf02u\" dir=\"auto\">Ana Gonzalez de <span class=\"html-span xdj266r x14z9mp xat24cr x1lziwak xexx8yu xyri2b x18d9i69 x1c1uobl x1hl2dhg x16tdsg8 x1vvkbs\"><a class=\"x1i10hfl xjbqb8w x1ejq31n x18oe1m7 x1sy0etr xstzfhl x972fbf x10w94by x1qhh985 x14e42zd x9f619 x1ypdohk xt0psk2 x3ct3a4 xdj266r x14z9mp xat24cr x1lziwak xexx8yu xyri2b x18d9i69 x1c1uobl x16tdsg8 x1hl2dhg xggy1nq x1a2a7pz xkrqix3 x1sur9pj xzsf02u x1s688f\" role=\"link\" href=\"https:\/\/www.facebook.com\/littlemomentsdesign?__cft__[0]=AZXOUPBDcIvWOLc7L8TAmcGGG6FAZe39OiW3LXuZ48ye35fCuM0IpZB0H9TxIwvMI5W4_R8SrnPkFJzX7sdKYl54WUg58Zb7R87mssIgDWgog4XFeIZgQhgKqjiC8IPgdF1WebGZvG9PaYG6xX4T8mF1sbB53JG7GZXUZWhmvUSmaqPc8xMWoFy4UO1LOoBG536BB6wpeGJ-zcTbvmEDCJ1Q&amp;__tn__=-]K*F\"><span class=\"xt0psk2\"><span class=\"xjp7ctv\">Little Moments<\/span><\/span><\/a><\/span>. <\/span><\/li>\n<\/ul>\n<\/div>\n<\/div>\n<p><span class=\"x193iq5w xeuugli x13faqbe x1vvkbs x1xmvt09 x1lliihq x1s928wv xhkezso x1gmr53x x1cpjm7i x1fgarty x1943h6x xudqn12 x3x7a5m x1f6kntn xvq8zen xo1l8bm xzsf02u\" dir=\"auto\"><span class=\"html-span xexx8yu xyri2b x18d9i69 x1c1uobl x1hl2dhg x16tdsg8 x1vvkbs x3nfvp2 x1j61x8r x1fcty0u xdj266r xat24cr xm2jcoa x1mpyi22 xxymvpz xlup9mm x1kky2od\"><img loading=\"lazy\" decoding=\"async\" class=\"xz74otr x15mokao x1ga7v0g x16uus16 xbiv7yw\" src=\"https:\/\/static.xx.fbcdn.net\/images\/emoji.php\/v9\/t3c\/1\/16\/1f34e.png\" alt=\"\ud83c\udf4e\" width=\"16\" height=\"16\" \/><\/span> Un a\u00f1u m\u00e1s el primer fin de selmana d&#8217;ochobre Ribeseya convi\u00e9rtese na capital mundial de la sidre, los d\u00edes 3, 4 y 5. <span class=\"html-span xexx8yu xyri2b x18d9i69 x1c1uobl x1hl2dhg x16tdsg8 x1vvkbs x3nfvp2 x1j61x8r x1fcty0u xdj266r xat24cr xm2jcoa x1mpyi22 xxymvpz xlup9mm x1kky2od\"><img loading=\"lazy\" decoding=\"async\" class=\"xz74otr x15mokao x1ga7v0g x16uus16 xbiv7yw\" src=\"https:\/\/static.xx.fbcdn.net\/images\/emoji.php\/v9\/t19\/1\/16\/1f37e.png\" alt=\"\ud83c\udf7e\" width=\"16\" height=\"16\" \/><\/span> Cultura, muncha cultura ye lo que define la programaci\u00f3n con preba de la nuesa bebida llariega, conciertos, actividaes deportives, concursos, gastronom\u00eda&#8230;\u00a0<span class=\"html-span xexx8yu xyri2b x18d9i69 x1c1uobl x1hl2dhg x16tdsg8 x1vvkbs x3nfvp2 x1j61x8r x1fcty0u xdj266r xat24cr xm2jcoa x1mpyi22 xxymvpz xlup9mm x1kky2od\"><img loading=\"lazy\" decoding=\"async\" class=\"xz74otr x15mokao x1ga7v0g x16uus16 xbiv7yw\" src=\"https:\/\/static.xx.fbcdn.net\/images\/emoji.php\/v9\/t2d\/1\/16\/1f4cd.png\" alt=\"\ud83d\udccd\" width=\"16\" height=\"16\" \/><\/span>Nun dexes d&#8217;averate a Ribeseya esti primer fin de selmana d&#8217;ochobre.\u00a0<span class=\"html-span xexx8yu xyri2b x18d9i69 x1c1uobl x1hl2dhg x16tdsg8 x1vvkbs x3nfvp2 x1j61x8r x1fcty0u xdj266r xat24cr xm2jcoa x1mpyi22 xxymvpz xlup9mm x1kky2od\"><img loading=\"lazy\" decoding=\"async\" class=\"xz74otr x15mokao x1ga7v0g x16uus16 xbiv7yw\" src=\"https:\/\/static.xx.fbcdn.net\/images\/emoji.php\/v9\/te4\/1\/16\/270f.png\" alt=\"\u270f\ufe0f\" width=\"16\" height=\"16\" \/><\/span> El dise\u00f1u de la carteler\u00eda de 2025 ye obra de l&#8217;artista llocal Ana Gonzalez de <span class=\"html-span xdj266r x14z9mp xat24cr x1lziwak xexx8yu xyri2b x18d9i69 x1c1uobl x1hl2dhg x16tdsg8 x1vvkbs\"><a class=\"x1i10hfl xjbqb8w x1ejq31n x18oe1m7 x1sy0etr xstzfhl x972fbf x10w94by x1qhh985 x14e42zd x9f619 x1ypdohk xt0psk2 x3ct3a4 xdj266r x14z9mp xat24cr x1lziwak xexx8yu xyri2b x18d9i69 x1c1uobl x16tdsg8 x1hl2dhg xggy1nq x1a2a7pz xkrqix3 x1sur9pj xzsf02u x1s688f\" role=\"link\" href=\"https:\/\/www.facebook.com\/littlemomentsdesign?__cft__[0]=AZXOUPBDcIvWOLc7L8TAmcGGG6FAZe39OiW3LXuZ48ye35fCuM0IpZB0H9TxIwvMI5W4_R8SrnPkFJzX7sdKYl54WUg58Zb7R87mssIgDWgog4XFeIZgQhgKqjiC8IPgdF1WebGZvG9PaYG6xX4T8mF1sbB53JG7GZXUZWhmvUSmaqPc8xMWoFy4UO1LOoBG536BB6wpeGJ-zcTbvmEDCJ1Q&amp;__tn__=-]K*F\"><span class=\"xt0psk2\"><span class=\"xjp7ctv\">Little Moments<\/span><\/span><\/a><\/span>. <\/span><\/p>\n<p style=\"text-align: center\">\n<!-- iframe plugin v.6.0 wordpress.org\/plugins\/iframe\/ -->\n<iframe loading=\"lazy\" src=\"https:\/\/www.facebook.com\/plugins\/post.php?href=https%3A%2F%2Fwww.facebook.com%2Fentainaribeseya%2Fposts%2Fpfbid0Gx6bG9m5jzurnzohfkif4aRFDEXcGNEjhGMecTD8okHwvnTWAdvAmraBX3AzduEel&#038;show_text=false&#038;width=500\" width=\"500\" height=\"497\" style=\"border:none;overflow:hidden\" scrolling=\"no\" frameborder=\"0\" allowfullscreen=\"true\" allow=\"autoplay; clipboard-write; encrypted-media; picture-in-picture; web-share\" 0=\"\/iframe\" class=\"iframe-class\"><\/iframe>\n<\/p>\n","protected":false},"excerpt":{"rendered":"<p>Enta\u00edna Ribeseya\/ Cartelu: Ana Gonzalez de Little Moments. Un a\u00f1u m\u00e1s el primer fin de selmana d&#8217;ochobre Ribeseya convi\u00e9rtese na capital mundial de la sidre, los d\u00edes 3, 4 y 5. Cultura, muncha cultura ye lo que define la programaci\u00f3n con preba de la nuesa bebida llariega, conciertos, actividaes deportives, concursos, gastronom\u00eda&#8230;\u00a0Nun dexes d&#8217;averate a [&hellip;]<\/p>\n","protected":false},"author":117,"featured_media":0,"comment_status":"closed","ping_status":"open","sticky":false,"template":"","format":"standard","meta":{"footnotes":""},"categories":[214,156],"tags":[],"class_list":["post-58126","post","type-post","status-publish","format-standard","hentry","category-cartelos","category-sidre"],"_links":{"self":[{"href":"https:\/\/edublog.educastur.es\/ixuxu\/wp-json\/wp\/v2\/posts\/58126","targetHints":{"allow":["GET"]}}],"collection":[{"href":"https:\/\/edublog.educastur.es\/ixuxu\/wp-json\/wp\/v2\/posts"}],"about":[{"href":"https:\/\/edublog.educastur.es\/ixuxu\/wp-json\/wp\/v2\/types\/post"}],"author":[{"embeddable":true,"href":"https:\/\/edublog.educastur.es\/ixuxu\/wp-json\/wp\/v2\/users\/117"}],"replies":[{"embeddable":true,"href":"https:\/\/edublog.educastur.es\/ixuxu\/wp-json\/wp\/v2\/comments?post=58126"}],"version-history":[{"count":1,"href":"https:\/\/edublog.educastur.es\/ixuxu\/wp-json\/wp\/v2\/posts\/58126\/revisions"}],"predecessor-version":[{"id":58127,"href":"https:\/\/edublog.educastur.es\/ixuxu\/wp-json\/wp\/v2\/posts\/58126\/revisions\/58127"}],"wp:attachment":[{"href":"https:\/\/edublog.educastur.es\/ixuxu\/wp-json\/wp\/v2\/media?parent=58126"}],"wp:term":[{"taxonomy":"category","embeddable":true,"href":"https:\/\/edublog.educastur.es\/ixuxu\/wp-json\/wp\/v2\/categories?post=58126"},{"taxonomy":"post_tag","embeddable":true,"href":"https:\/\/edublog.educastur.es\/ixuxu\/wp-json\/wp\/v2\/tags?post=58126"}],"curies":[{"name":"wp","href":"https:\/\/api.w.org\/{rel}","templated":true}]}}