{"id":58143,"date":"2025-09-19T08:30:09","date_gmt":"2025-09-19T06:30:09","guid":{"rendered":"https:\/\/edublog.educastur.es\/ixuxu\/?p=58143"},"modified":"2025-09-19T00:16:00","modified_gmt":"2025-09-18T22:16:00","slug":"el-tiempu-el-comercio-142","status":"publish","type":"post","link":"https:\/\/edublog.educastur.es\/ixuxu\/2025\/09\/el-tiempu-el-comercio-142\/","title":{"rendered":"El tiempu (El Comercio)"},"content":{"rendered":"<p style=\"text-align: center\"><a href=\"https:\/\/s3.ppllstatics.com\/elcomercio\/www\/multimedia\/2025\/09\/18\/prevision-tiempo-asturias-kdzH-U2302588077118HVD-1200x870@El%20Comercio.jpg\"><img loading=\"lazy\" decoding=\"async\" class=\"aligncenter size-large\" src=\"https:\/\/s3.ppllstatics.com\/elcomercio\/www\/multimedia\/2025\/09\/18\/prevision-tiempo-asturias-kdzH-U2302588077118HVD-1200x870@El%20Comercio.jpg\" width=\"1200\" height=\"870\" \/><\/a><\/p>\n<p>Esperamos un d\u00eda templ\u00e1u n&#8217;Asturies a falta de bien pocos d\u00edes de que d&#8217;entamu la estaci\u00f3n serondiega. <strong>Vamos amanecer<\/strong> con nubes medies y altes nel centru y nel oriente. <strong>A lo llargo de la ma\u00f1ana<\/strong> estes nubes van retirase pol este de la rex\u00f3n dexando cielos pocu nublos en pr\u00e1cticamente tola Comunid\u00e1 mientres les hores centrales del d\u00eda. <strong>A lo llargo de la tarde<\/strong>, sobremanera na so recta final, prevese un nuevu aumentu de nubes dende&#8217;l cordal que podr\u00e1n estendese a otros puntos del Princip\u00e1u, especialmente del sector oriental. <strong>Les temperatures m\u00e1ximes<\/strong> van caltenese nel suroccidente y nel terciu sur, pero van xubir nel restu d&#8217;Asturies. Poro, van superase con facilid\u00e1 los 30 \u00baC na mayor\u00eda de poblaciones del interior. La zona de Nava y contorna podr\u00eden llegar a anotar 35 o 36 \u00baC que, seg\u00fan los modelos meteorol\u00f3xicos, podr\u00eda ser la m\u00e1xima m\u00e1s alta. Pero, asina tou, nel restu del interior rondar\u00e1nse los 32\/34 \u00baC. Temperatures templaes tami\u00e9n<strong> na mari\u00f1a oriental<\/strong> que van superar los 25 \u00baC, y m\u00e1s llixeres na mari\u00f1a occidental onde, a lo sumo, van superar los 20 \u00baC. <strong>Los vientos<\/strong> van soplar de sur na parte meridional d&#8217;Asturies, ente que nel restu van entrar vientos d&#8217;esti fluexos.<\/p>\n","protected":false},"excerpt":{"rendered":"<p>Esperamos un d\u00eda templ\u00e1u n&#8217;Asturies a falta de bien pocos d\u00edes de que d&#8217;entamu la estaci\u00f3n serondiega. Vamos amanecer con nubes medies y altes nel centru y nel oriente. A lo llargo de la ma\u00f1ana estes nubes van retirase pol este de la rex\u00f3n dexando cielos pocu nublos en pr\u00e1cticamente tola Comunid\u00e1 mientres les hores [&hellip;]<\/p>\n","protected":false},"author":117,"featured_media":0,"comment_status":"closed","ping_status":"open","sticky":false,"template":"","format":"standard","meta":{"footnotes":""},"categories":[5],"tags":[],"class_list":["post-58143","post","type-post","status-publish","format-standard","hentry","category-tiempu"],"_links":{"self":[{"href":"https:\/\/edublog.educastur.es\/ixuxu\/wp-json\/wp\/v2\/posts\/58143","targetHints":{"allow":["GET"]}}],"collection":[{"href":"https:\/\/edublog.educastur.es\/ixuxu\/wp-json\/wp\/v2\/posts"}],"about":[{"href":"https:\/\/edublog.educastur.es\/ixuxu\/wp-json\/wp\/v2\/types\/post"}],"author":[{"embeddable":true,"href":"https:\/\/edublog.educastur.es\/ixuxu\/wp-json\/wp\/v2\/users\/117"}],"replies":[{"embeddable":true,"href":"https:\/\/edublog.educastur.es\/ixuxu\/wp-json\/wp\/v2\/comments?post=58143"}],"version-history":[{"count":1,"href":"https:\/\/edublog.educastur.es\/ixuxu\/wp-json\/wp\/v2\/posts\/58143\/revisions"}],"predecessor-version":[{"id":58144,"href":"https:\/\/edublog.educastur.es\/ixuxu\/wp-json\/wp\/v2\/posts\/58143\/revisions\/58144"}],"wp:attachment":[{"href":"https:\/\/edublog.educastur.es\/ixuxu\/wp-json\/wp\/v2\/media?parent=58143"}],"wp:term":[{"taxonomy":"category","embeddable":true,"href":"https:\/\/edublog.educastur.es\/ixuxu\/wp-json\/wp\/v2\/categories?post=58143"},{"taxonomy":"post_tag","embeddable":true,"href":"https:\/\/edublog.educastur.es\/ixuxu\/wp-json\/wp\/v2\/tags?post=58143"}],"curies":[{"name":"wp","href":"https:\/\/api.w.org\/{rel}","templated":true}]}}