{"id":58145,"date":"2025-09-19T08:40:56","date_gmt":"2025-09-19T06:40:56","guid":{"rendered":"https:\/\/edublog.educastur.es\/ixuxu\/?p=58145"},"modified":"2025-09-19T09:04:38","modified_gmt":"2025-09-19T07:04:38","slug":"estau-del-tiempu-vienres-19-setiembre","status":"publish","type":"post","link":"https:\/\/edublog.educastur.es\/ixuxu\/2025\/09\/estau-del-tiempu-vienres-19-setiembre\/","title":{"rendered":"Est\u00e1u del tiempu: vienres 19 setiembre"},"content":{"rendered":"<div class=\"html-div xdj266r x14z9mp xat24cr x1lziwak xexx8yu x1a8lsjc xf7dkkf xv54qhq\">\n<div class=\"html-div xdj266r x14z9mp xat24cr x1lziwak xexx8yu xyri2b x18d9i69 x1c1uobl x1jx94hy x78zum5 x1q0g3np\">\n<div class=\"x78zum5 xdt5ytf xz62fqu x16ldp7u\">\n<div class=\"xu06os2 x1ok221b\">\n<div class=\"html-div xdj266r x14z9mp xat24cr x1lziwak xexx8yu xyri2b x18d9i69 x1c1uobl\" data-ad-rendering-role=\"profile_name\">\n<ul>\n<li class=\"html-h3 x14z9mp xat24cr x1lziwak xexx8yu xyri2b x18d9i69 x1c1uobl x1vvkbs x1heor9g x1qlqyl8 x1pd3egz x1a2a7pz x1gslohp x1yc453h\"><span class=\"x1lliihq x6ikm8r x10wlt62 x1n2onr6\"><span class=\"xt0psk2\"><a class=\"x1i10hfl xjbqb8w x1ejq31n x18oe1m7 x1sy0etr xstzfhl x972fbf x10w94by x1qhh985 x14e42zd x9f619 x1ypdohk xt0psk2 x3ct3a4 xdj266r x14z9mp xat24cr x1lziwak xexx8yu xyri2b x18d9i69 x1c1uobl x16tdsg8 x1hl2dhg xggy1nq x1a2a7pz xkrqix3 x1sur9pj xzsf02u x1s688f\" role=\"link\" href=\"https:\/\/www.facebook.com\/eltiempuenasturies?__cft__[0]=AZU4taqbnK4JXnEeCX6CT_Iuv3VLoAL3dsSNYdQRUROmOnh4ziOGPaDsFoysyZgLOeNIQJx41U29Hhlh4zFDUqHEg51iNbbUZCM17Y1mUhTx0uCzSY2OHDPPaHufbHPncVNTZztGk3Yuz0UvtNDOxpxUi0CLg99DOSewjKrsi79le121tWNt64ND0Zpxtl2L5OVkBRUqWp35rnJ_7_Sb2JpK&amp;__tn__=-UC%2CP-y-R\"><b class=\"html-b xdj266r x14z9mp xat24cr x1lziwak xexx8yu xyri2b x18d9i69 x1c1uobl x1hl2dhg x16tdsg8 x1vvkbs x1s688f\"><span class=\"html-span xdj266r x14z9mp xat24cr x1lziwak xexx8yu xyri2b x18d9i69 x1c1uobl x1hl2dhg x16tdsg8 x1vvkbs\">El Tiempu n&#8217;Asturies.<\/span><\/b><\/a><\/span><\/span><\/li>\n<\/ul>\n<\/div>\n<\/div>\n<div class=\"xu06os2 x1ok221b\"><\/div>\n<\/div>\n<\/div>\n<\/div>\n<div class=\"html-div xdj266r x14z9mp xat24cr x1lziwak xexx8yu xyri2b x18d9i69 x1c1uobl\" dir=\"auto\">\n<div class=\"html-div xdj266r x14z9mp xat24cr x1lziwak xexx8yu xyri2b x18d9i69 x1c1uobl\" dir=\"auto\">\n<div class=\"html-div xdj266r x14z9mp xat24cr x1lziwak xexx8yu xyri2b x18d9i69 x1c1uobl\" data-ad-rendering-role=\"story_message\">\n<div class=\"x1l90r2v x1iorvi4 x1g0dm76 xpdmqnj\" data-ad-comet-preview=\"message\" data-ad-preview=\"message\">\n<div class=\"x78zum5 xdt5ytf xz62fqu x16ldp7u\">\n<div class=\"xu06os2 x1ok221b\">\n<div class=\"html-div xdj266r x14z9mp xat24cr x1lziwak xexx8yu xyri2b x18d9i69 x1c1uobl\">\n<div class=\"x14z9mp xat24cr x1lziwak x1vvkbs xtlvy1s x126k92a\">\n<ul>\n<li dir=\"auto\"><strong><span style=\"color: #008080\">Alborecemos <\/span><\/strong>col cielu empuerc\u00e1u de nubes altes ya con unes temperatures que tan alrodiu de los 16\u00baC, rexist\u00e1ndose nel puirtu Payares 18,4\u00baC<\/li>\n<\/ul>\n<\/div>\n<div class=\"x14z9mp xat24cr x1lziwak x1vvkbs xtlvy1s x126k92a\">\n<ul>\n<li dir=\"auto\"><strong><span style=\"color: #008080\">G\u00fcei<\/span><\/strong> vamos tener nubes medies y altes entemecies ente dellos claros o abancios con unes temperatures que van caltenese mui altes nes hores centrales del d\u00eda con m\u00e1simes perriba nidiamente de los 30\u00baC nel interior asturianu, m\u00e1s contenies na costa por mor de les brises marines. L&#8217;aire sedr\u00e1 sele en xeneral con predominiu de la componente sur.<\/li>\n<\/ul>\n<p><!--more--><\/p>\n<p>&nbsp;<\/p>\n<ul>\n<li dir=\"auto\"><span style=\"color: #008080\"><strong>Ma\u00f1ana s\u00e1badu<\/strong> <\/span>dempu\u00e9s d&#8217;una ma\u00f1ana seliquina con nubes ya claros o abancios dir\u00e1 surdiendo nubosid\u00e1 de desendolque que mos dexar\u00e1 al atapecer xarabatos de calter tormentosu ya moderaos con unes temperatures en descensu ya col aire que tiende arreciar ya rolar a componente norte.<\/li>\n<li dir=\"auto\"><span style=\"color: #008080\"><strong>El domingu<\/strong> <\/span>paez que nun llover\u00e1 pela ma\u00f1ana pero de tarde cola llegada d&#8217;un embolsamientu d&#8217;aire fr\u00edu n&#8217;altor s&#8217;activar\u00e1n les nubes y mos dexar\u00e1n de nuevu xarabatos tormentosos, am\u00e1s les temperatures descender\u00e1n bultablemente y la nieve podr\u00e1 surdir perriba de los 1800m, situaci\u00f3n que va continuar durante&#8217;l riscar y tol d\u00eda del llunes onde les nevaes en zones altes de Picos d&#8217;Europa perriba de los 2200m puen dar que falar.<\/li>\n<li dir=\"auto\">Paez que mos entra de s\u00f3pitu la seronda dempu\u00e9s de los calores d&#8217;estos d\u00edes y tien pinta de quedase<\/li>\n<\/ul>\n<\/div>\n<\/div>\n<\/div>\n<\/div>\n<\/div>\n<\/div>\n<\/div>\n<\/div>\n<p>&nbsp;<\/p>\n","protected":false},"excerpt":{"rendered":"<p>El Tiempu n&#8217;Asturies. Alborecemos col cielu empuerc\u00e1u de nubes altes ya con unes temperatures que tan alrodiu de los 16\u00baC, rexist\u00e1ndose nel puirtu Payares 18,4\u00baC G\u00fcei vamos tener nubes medies y altes entemecies ente dellos claros o abancios con unes temperatures que van caltenese mui altes nes hores centrales del d\u00eda con m\u00e1simes perriba nidiamente [&hellip;]<\/p>\n","protected":false},"author":117,"featured_media":0,"comment_status":"closed","ping_status":"open","sticky":false,"template":"","format":"standard","meta":{"footnotes":""},"categories":[5],"tags":[],"class_list":["post-58145","post","type-post","status-publish","format-standard","hentry","category-tiempu"],"_links":{"self":[{"href":"https:\/\/edublog.educastur.es\/ixuxu\/wp-json\/wp\/v2\/posts\/58145","targetHints":{"allow":["GET"]}}],"collection":[{"href":"https:\/\/edublog.educastur.es\/ixuxu\/wp-json\/wp\/v2\/posts"}],"about":[{"href":"https:\/\/edublog.educastur.es\/ixuxu\/wp-json\/wp\/v2\/types\/post"}],"author":[{"embeddable":true,"href":"https:\/\/edublog.educastur.es\/ixuxu\/wp-json\/wp\/v2\/users\/117"}],"replies":[{"embeddable":true,"href":"https:\/\/edublog.educastur.es\/ixuxu\/wp-json\/wp\/v2\/comments?post=58145"}],"version-history":[{"count":1,"href":"https:\/\/edublog.educastur.es\/ixuxu\/wp-json\/wp\/v2\/posts\/58145\/revisions"}],"predecessor-version":[{"id":58146,"href":"https:\/\/edublog.educastur.es\/ixuxu\/wp-json\/wp\/v2\/posts\/58145\/revisions\/58146"}],"wp:attachment":[{"href":"https:\/\/edublog.educastur.es\/ixuxu\/wp-json\/wp\/v2\/media?parent=58145"}],"wp:term":[{"taxonomy":"category","embeddable":true,"href":"https:\/\/edublog.educastur.es\/ixuxu\/wp-json\/wp\/v2\/categories?post=58145"},{"taxonomy":"post_tag","embeddable":true,"href":"https:\/\/edublog.educastur.es\/ixuxu\/wp-json\/wp\/v2\/tags?post=58145"}],"curies":[{"name":"wp","href":"https:\/\/api.w.org\/{rel}","templated":true}]}}