{"id":58151,"date":"2025-09-19T08:55:20","date_gmt":"2025-09-19T06:55:20","guid":{"rendered":"https:\/\/edublog.educastur.es\/ixuxu\/?p=58151"},"modified":"2025-09-19T10:35:53","modified_gmt":"2025-09-19T08:35:53","slug":"58151","status":"publish","type":"post","link":"https:\/\/edublog.educastur.es\/ixuxu\/2025\/09\/58151\/","title":{"rendered":"El calor tien los d\u00edes contaos"},"content":{"rendered":"<p style=\"text-align: center\"><a href=\"https:\/\/images.ecestaticos.com\/lXnxVb8aO2lNNPbjyKFjDwMoX3E=\/0x0:910x683\/996x747\/filters:fill(white):format(jpg)\/f.elconfidencial.com%2Foriginal%2F5c6%2Fa49%2F9ec%2F5c6a499ec762d1e705d51007d55fd5f3.jpg\"><img loading=\"lazy\" decoding=\"async\" class=\"aligncenter size-large\" src=\"https:\/\/images.ecestaticos.com\/lXnxVb8aO2lNNPbjyKFjDwMoX3E=\/0x0:910x683\/996x747\/filters:fill(white):format(jpg)\/f.elconfidencial.com%2Foriginal%2F5c6%2Fa49%2F9ec%2F5c6a499ec762d1e705d51007d55fd5f3.jpg\" width=\"996\" height=\"747\" \/><\/a><\/p>\n<p>&nbsp;<\/p>\n<p><span style=\"color: #000000\"><em>Llega lo peor del calor a Espa\u00f1a y l&#8217;Aemet avisa: van raspiase los 40 \u00baC y estes van ser les zones m\u00e1s afectaes. Los term\u00f3metros van disparase en gran parte del pa\u00eds, anque a partir de la fin de selmana vamos tener que faer frente a un camb\u00e9u radical nel tiempu.\u00a0<\/em><\/span><\/p>\n<p><!--more--><\/p>\n<p><span style=\"color: #000000\"><em>El calor tien los d\u00edes contaos, una y bones la situaci\u00f3n va dar un entorno mientres la fin de selmana. La llegada d&#8217;un frente atl\u00e1nticu va provocar un camb\u00e9u s\u00f3pitu: el s\u00e1badu va llover en Galicia y les precipitaciones van avanzar escontra Asturies, Cantabria y Pa\u00eds Vascu.<\/em><\/span><\/p>\n<p style=\"text-align: center\"><a href=\"https:\/\/s2.abcstatics.com\/abc\/www\/multimedia\/sociedad\/2025\/09\/19\/aemet-espana-kEgF-U701584487037dyC-1200x840@diario_abc.jpg\"><img loading=\"lazy\" decoding=\"async\" class=\"aligncenter size-large\" src=\"https:\/\/s2.abcstatics.com\/abc\/www\/multimedia\/sociedad\/2025\/09\/19\/aemet-espana-kEgF-U701584487037dyC-1200x840@diario_abc.jpg\" width=\"1200\" height=\"840\" \/><\/a><\/p>\n<p>Esti <strong>pasu directu a la seronda va empezar a partir d&#8217;esti vienres 19 de setiembre<\/strong>. Esp\u00e9rase que, a \u00faltimes hores del d\u00eda, llegue una vaguada a la Pen\u00ednsula, amontando la inestabilid\u00e1 y dexando nueves precipitaciones en munches zones del nuesu pa\u00eds. Esta llingua de fr\u00edu va provocar bastios tormentosos nel norte y esti peninsular, qu&#8217;inclusive podr\u00eden ser \u00ablocalmente intensos\u00bb. <a href=\"https:\/\/twitter.com\/i\/status\/1968611672605561145\"><strong>VIDEU<\/strong><\/a><\/p>\n<p>&nbsp;<\/p>\n","protected":false},"excerpt":{"rendered":"<p>&nbsp; Llega lo peor del calor a Espa\u00f1a y l&#8217;Aemet avisa: van raspiase los 40 \u00baC y estes van ser les zones m\u00e1s afectaes. Los term\u00f3metros van disparase en gran parte del pa\u00eds, anque a partir de la fin de selmana vamos tener que faer frente a un camb\u00e9u radical nel tiempu.\u00a0<\/p>\n","protected":false},"author":117,"featured_media":0,"comment_status":"closed","ping_status":"open","sticky":false,"template":"","format":"aside","meta":{"footnotes":""},"categories":[5],"tags":[],"class_list":["post-58151","post","type-post","status-publish","format-aside","hentry","category-tiempu","post_format-post-format-aside"],"_links":{"self":[{"href":"https:\/\/edublog.educastur.es\/ixuxu\/wp-json\/wp\/v2\/posts\/58151","targetHints":{"allow":["GET"]}}],"collection":[{"href":"https:\/\/edublog.educastur.es\/ixuxu\/wp-json\/wp\/v2\/posts"}],"about":[{"href":"https:\/\/edublog.educastur.es\/ixuxu\/wp-json\/wp\/v2\/types\/post"}],"author":[{"embeddable":true,"href":"https:\/\/edublog.educastur.es\/ixuxu\/wp-json\/wp\/v2\/users\/117"}],"replies":[{"embeddable":true,"href":"https:\/\/edublog.educastur.es\/ixuxu\/wp-json\/wp\/v2\/comments?post=58151"}],"version-history":[{"count":4,"href":"https:\/\/edublog.educastur.es\/ixuxu\/wp-json\/wp\/v2\/posts\/58151\/revisions"}],"predecessor-version":[{"id":58169,"href":"https:\/\/edublog.educastur.es\/ixuxu\/wp-json\/wp\/v2\/posts\/58151\/revisions\/58169"}],"wp:attachment":[{"href":"https:\/\/edublog.educastur.es\/ixuxu\/wp-json\/wp\/v2\/media?parent=58151"}],"wp:term":[{"taxonomy":"category","embeddable":true,"href":"https:\/\/edublog.educastur.es\/ixuxu\/wp-json\/wp\/v2\/categories?post=58151"},{"taxonomy":"post_tag","embeddable":true,"href":"https:\/\/edublog.educastur.es\/ixuxu\/wp-json\/wp\/v2\/tags?post=58151"}],"curies":[{"name":"wp","href":"https:\/\/api.w.org\/{rel}","templated":true}]}}