{"id":58153,"date":"2025-09-19T11:00:07","date_gmt":"2025-09-19T09:00:07","guid":{"rendered":"https:\/\/edublog.educastur.es\/ixuxu\/?p=58153"},"modified":"2025-09-22T16:55:10","modified_gmt":"2025-09-22T14:55:10","slug":"la-sablera-desconocia-nasturies-la-isla-de-almenada-o-de-poo","status":"publish","type":"post","link":"https:\/\/edublog.educastur.es\/ixuxu\/2025\/09\/la-sablera-desconocia-nasturies-la-isla-de-almenada-o-de-poo\/","title":{"rendered":"La sablera desconoc\u00eda n&#8217;Asturies: la isla de Almenada o de P\u00f3o."},"content":{"rendered":"<p style=\"text-align: center\"><a href=\"https:\/\/estaticos-cdn.prensaiberica.es\/clip\/849c250a-389e-4771-8554-020428f2f93a_16-9-discover-aspect-ratio_default_0.webp\"><img loading=\"lazy\" decoding=\"async\" class=\"aligncenter size-large\" src=\"https:\/\/estaticos-cdn.prensaiberica.es\/clip\/849c250a-389e-4771-8554-020428f2f93a_16-9-discover-aspect-ratio_default_0.webp\" width=\"1200\" height=\"675\" \/><\/a><\/p>\n<p>La desconocida sablera d&#8217;Asturies con sable blancu y dos orielles que solo se puede visitar cola marea baxa. De mal accesu, lo m\u00e1s senciello ye llegar a ella al travi\u00e9s de l&#8217;agua, dende la sablera de San Mart\u00edn. <a href=\"https:\/\/s2.ppllstatics.com\/elcomercio\/www\/multimedia\/2025\/09\/19\/dia-america%20(119).jpg\">20 minutos<\/a> \/<a href=\"https:\/\/www.lne.es\/oriente\/2025\/09\/18\/desconocida-playa-asturias-arena-blanca-121719644.html\">LNE<\/a><\/p>\n<p><!--more--><\/p>\n<p style=\"text-align: center\"><span class=\"x193iq5w xeuugli x13faqbe x1vvkbs xt0psk2 x1i0vuye xvs91rp xo1l8bm x5n08af x10wh9bi xpm28yp x8viiok x1o7cslx x126k92a\"><span class=\"html-span xexx8yu x4uap5 x18d9i69 xkhd6sd x1hl2dhg x16tdsg8 x1vvkbs x3nfvp2 x1j61x8r x1fcty0u xdj266r xat24cr xgzva0m xhhsvwb xxymvpz xlup9mm x1kky2od\">\n<!-- iframe plugin v.6.0 wordpress.org\/plugins\/iframe\/ -->\n<iframe loading=\"lazy\" src=\"https:\/\/www.instagram.com\/reel\/Cf4OrxuL9WY\/embed\" width=\"640\" height=\"500\" 0=\"\/iframe\" scrolling=\"yes\" class=\"iframe-class\" frameborder=\"0\"><\/iframe>\n<\/span><\/span><\/p>\n<p>Na mari\u00f1a asturiana nun hai dos sableres iguales. Dende&#8217;l tur\u00edsticu arenal de San Llorienzo, en Xix\u00f3n, a la propuesta m\u00e1s surfera, en Salinas, pasando por territorios virxes como la sablera del Silenciu (Cuideiru). Hai para tolos gustos. Ente les diverses opciones, una ayalga escondida: la sablera de la Almenada, un arenal con dos veres que desagua nuna isla.<\/p>\n<p>Ye una sablera asitiada nel conceyu de Llanes, allugada nel anc\u00f3n que forma&#8217;l r\u00edu Vallina al desaguar nel mar. Tien 80 metros de llargu y 20 d&#8217;anchu, un pequenu espaciu virxe y desconoc\u00edu pol so dif\u00edcil accesu.<\/p>\n<p style=\"text-align: center\"><a href=\"https:\/\/imagenes.20minutos.es\/files\/image_990_556\/uploads\/imagenes\/2025\/08\/20\/68a5b9a91b744.jpeg\"><img loading=\"lazy\" decoding=\"async\" class=\"aligncenter size-large\" src=\"https:\/\/imagenes.20minutos.es\/files\/image_990_556\/uploads\/imagenes\/2025\/08\/20\/68a5b9a91b744.jpeg\" width=\"990\" height=\"556\" \/><\/a><\/p>\n<p><strong>Un territoriu escond\u00edu<\/strong> \u00abUn t\u00f3mbolo de tierra conforma esta sablera distinta, preciosa y bien complicada de describir\u00bb, espliquen dende la p\u00e1xina de turismu del Princip\u00e1u d&#8217;Asturies. La sablera naz al pie d&#8217;un cantil y dos lling\u00fces d&#8217;agua ll\u00e1mbenlo les bandes. L&#8217;arenal termina n&#8217;una isla; la isla de Almenada o de P\u00f3o.<\/p>\n<p>Aportar a la sablera ye complic\u00e1u. Tien un accesu dif\u00edcil y <strong>lo m\u00e1s senciello, dicen dende turismu, ye llegar a ella al travi\u00e9s de l&#8217;agua, dende la sablera de San Mart\u00edn.<\/strong> Ye importante tener en cuenta que solo se puede aportar con marea baxa porque l&#8217;arena queda somorgui\u00e1u na agua con marea alta. Ye por ello que tenemos de controlar el camb\u00e9u de marea y evitar permanecer ell\u00ed cuando esta empieza a xubir.<\/p>\n<p style=\"text-align: center\"><a href=\"https:\/\/imagenes.20minutos.es\/files\/image_990_556\/uploads\/imagenes\/2025\/08\/20\/68a5b92736c2f.jpeg\"><img loading=\"lazy\" decoding=\"async\" class=\"aligncenter size-large\" src=\"https:\/\/imagenes.20minutos.es\/files\/image_990_556\/uploads\/imagenes\/2025\/08\/20\/68a5b92736c2f.jpeg\" width=\"990\" height=\"556\" \/><\/a><\/p>\n<p><strong>La sablera d&#8217;Almenada. <\/strong>El conceyu de Llanes atesora nel so territoriu una capital con unu de los cascos hist\u00f3ricos meyor calten\u00edos de toa Asturies, pintoresques aldegues, valles y montes con una fauna y flora bien variada y m\u00e1s de trenta sableres, ente la que s&#8217;atopa la d&#8217;Almenada, mui cerca de la parroquia de P\u00f3o y dientro del <strong>Paisaxe Protex\u00edu de la Mari\u00f1a Oriental.<\/strong><\/p>\n<p style=\"text-align: center\"><a href=\"https:\/\/imagenes.20minutos.es\/files\/image_990_556\/uploads\/imagenes\/2025\/08\/20\/68a5b9dc86aa5.jpeg\"><img loading=\"lazy\" decoding=\"async\" class=\"aligncenter size-large\" src=\"https:\/\/imagenes.20minutos.es\/files\/image_990_556\/uploads\/imagenes\/2025\/08\/20\/68a5b9dc86aa5.jpeg\" width=\"990\" height=\"556\" \/><\/a><\/p>\n","protected":false},"excerpt":{"rendered":"<p>La desconocida sablera d&#8217;Asturies con sable blancu y dos orielles que solo se puede visitar cola marea baxa. De mal accesu, lo m\u00e1s senciello ye llegar a ella al travi\u00e9s de l&#8217;agua, dende la sablera de San Mart\u00edn. 20 minutos \/LNE<\/p>\n","protected":false},"author":117,"featured_media":0,"comment_status":"closed","ping_status":"open","sticky":false,"template":"","format":"standard","meta":{"footnotes":""},"categories":[93],"tags":[],"class_list":["post-58153","post","type-post","status-publish","format-standard","hentry","category-sableres"],"_links":{"self":[{"href":"https:\/\/edublog.educastur.es\/ixuxu\/wp-json\/wp\/v2\/posts\/58153","targetHints":{"allow":["GET"]}}],"collection":[{"href":"https:\/\/edublog.educastur.es\/ixuxu\/wp-json\/wp\/v2\/posts"}],"about":[{"href":"https:\/\/edublog.educastur.es\/ixuxu\/wp-json\/wp\/v2\/types\/post"}],"author":[{"embeddable":true,"href":"https:\/\/edublog.educastur.es\/ixuxu\/wp-json\/wp\/v2\/users\/117"}],"replies":[{"embeddable":true,"href":"https:\/\/edublog.educastur.es\/ixuxu\/wp-json\/wp\/v2\/comments?post=58153"}],"version-history":[{"count":5,"href":"https:\/\/edublog.educastur.es\/ixuxu\/wp-json\/wp\/v2\/posts\/58153\/revisions"}],"predecessor-version":[{"id":58356,"href":"https:\/\/edublog.educastur.es\/ixuxu\/wp-json\/wp\/v2\/posts\/58153\/revisions\/58356"}],"wp:attachment":[{"href":"https:\/\/edublog.educastur.es\/ixuxu\/wp-json\/wp\/v2\/media?parent=58153"}],"wp:term":[{"taxonomy":"category","embeddable":true,"href":"https:\/\/edublog.educastur.es\/ixuxu\/wp-json\/wp\/v2\/categories?post=58153"},{"taxonomy":"post_tag","embeddable":true,"href":"https:\/\/edublog.educastur.es\/ixuxu\/wp-json\/wp\/v2\/tags?post=58153"}],"curies":[{"name":"wp","href":"https:\/\/api.w.org\/{rel}","templated":true}]}}