{"id":58157,"date":"2025-09-18T09:00:35","date_gmt":"2025-09-18T07:00:35","guid":{"rendered":"https:\/\/edublog.educastur.es\/ixuxu\/?p=58157"},"modified":"2025-09-22T15:58:56","modified_gmt":"2025-09-22T13:58:56","slug":"dia-mundial-del-bambu","status":"publish","type":"post","link":"https:\/\/edublog.educastur.es\/ixuxu\/2025\/09\/dia-mundial-del-bambu\/","title":{"rendered":"D\u00eda Mundial del bamb\u00fa"},"content":{"rendered":"<p>\u00bfQu\u00e9 tantu conoces sobro esta planta? \ud83c\udf31<a href=\"https:\/\/www.diainternacionalde.com\/ficha\/dia-mundial-bambu\"> D\u00eda de<\/a> \/<\/p>\n<p>&nbsp;<\/p>\n<p style=\"text-align: center\"><a href=\"https:\/\/imgs.search.brave.com\/0sjbIHpMnKxKv1bYl-taD0hp_sGkc9ioCth6fy0ZmXU\/rs:fit:500:0:1:0\/g:ce\/aHR0cHM6Ly9tZWRp\/YS5pc3RvY2twaG90\/by5jb20vaWQvMTcx\/MzA3NjIyL2VzL2Zv\/dG8vYm9zcXVlLWRl\/LWJhbWIlQzMlQkEu\/anBnP3M9NjEyeDYx\/MiZ3PTAmaz0yMCZj\/PVlLY2ZWVVIzUnZN\/YnNvWGdGcGZMMlJ5\/cUx2VnNUSllZLUlH\/UVozaVRISXc9\"><img loading=\"lazy\" decoding=\"async\" class=\"aligncenter size-large\" src=\"https:\/\/imgs.search.brave.com\/0sjbIHpMnKxKv1bYl-taD0hp_sGkc9ioCth6fy0ZmXU\/rs:fit:500:0:1:0\/g:ce\/aHR0cHM6Ly9tZWRp\/YS5pc3RvY2twaG90\/by5jb20vaWQvMTcx\/MzA3NjIyL2VzL2Zv\/dG8vYm9zcXVlLWRl\/LWJhbWIlQzMlQkEu\/anBnP3M9NjEyeDYx\/MiZ3PTAmaz0yMCZj\/PVlLY2ZWVVIzUnZN\/YnNvWGdGcGZMMlJ5\/cUx2VnNUSllZLUlH\/UVozaVRISXc9\" width=\"500\" height=\"333\" \/><\/a><\/p>\n<p>Una xornada designada pola Asamblea Xeneral de Nacional Xun\u00edes para reconocer la importancia d&#8217;esta planta como <strong><span style=\"color: #008080\">uno de los recursos agroforestales m\u00e1s importantes distribuy\u00edos pel mundu.<\/span><\/strong> Am\u00e1s, de resaltar qu&#8217;esta fierva arb\u00f3rea <span style=\"color: #008080\">supon un elementu esencial na dieta de munchos animales<\/span>.<\/p>\n<p><!--more--><\/p>\n<p>Al igual que los \u00e1rboles, el bamb\u00fa crez altu y tien una cubierta dura alredor de la estructura de soporte principal. El delg\u00e1u tueru d&#8217;un retueyu d&#8217;\u00e1rbol vu\u00e9lvese m\u00e1s anchu a midida que l&#8217;\u00e1rbol crez n&#8217;altor y aumenta en circunferencia. El bamb\u00fa ye nativu de les rexones tropicales, subtropicales y templaes del mundu. Espolleta dende&#8217;l nivel del mar hasta los montes cubiertos de nieve.<\/p>\n<p style=\"text-align: center\"><a href=\"https:\/\/imgs.search.brave.com\/8a67qAekyIH5JtHmtNYomZ2w2owWaEbiVXGli4-GOR0\/rs:fit:860:0:0:0\/g:ce\/aHR0cHM6Ly9tZWRp\/YS5nZXR0eWltYWdl\/cy5jb20vaWQvMTE0\/MzMzODMwMC9mci9w\/aG90by9iYW1ib28t\/dHJlZXMtZ3Jvd2lu\/Zy1pbi1mb3Jlc3Qt\/YXQtbmlnaHQuanBn\/P3M9NjEyeDYxMiZ3\/PTAmaz0yMCZjPWN1\/bWJkcDNzeVZfQ1F3\/cGQ0ZENGeW05YUpL\/MnBuemY0aG5wb3h0\/Q0VubEU9\"><img loading=\"lazy\" decoding=\"async\" class=\"aligncenter size-large\" src=\"https:\/\/imgs.search.brave.com\/8a67qAekyIH5JtHmtNYomZ2w2owWaEbiVXGli4-GOR0\/rs:fit:860:0:0:0\/g:ce\/aHR0cHM6Ly9tZWRp\/YS5nZXR0eWltYWdl\/cy5jb20vaWQvMTE0\/MzMzODMwMC9mci9w\/aG90by9iYW1ib28t\/dHJlZXMtZ3Jvd2lu\/Zy1pbi1mb3Jlc3Qt\/YXQtbmlnaHQuanBn\/P3M9NjEyeDYxMiZ3\/PTAmaz0yMCZjPWN1\/bWJkcDNzeVZfQ1F3\/cGQ0ZENGeW05YUpL\/MnBuemY0aG5wb3h0\/Q0VubEU9\" width=\"612\" height=\"408\" \/><\/a><\/p>\n<p>Los pandes xigantes son los comedores de bamb\u00fa m\u00e1s popular en tol mundu. El 99 per cientu de la so dieta ye bamb\u00fa, pero nun son los \u00fanicos. Los pandes coloraos, los l\u00e9mures de bamb\u00fa y los aguarones de bamb\u00fa tami\u00e9n s&#8217;alimenten principalmente d&#8217;esta planta. Otros animales que comen bamb\u00fa, anque en menor midida, son los monos doraos, elefantes o gorilas de monte, ente otros.<\/p>\n<p style=\"text-align: center\"><a href=\"https:\/\/www.diainternacionalde.com\/imagenes\/dias\/septiembre\/09-18_dia-mundial-bambu_m.jpg\"><img loading=\"lazy\" decoding=\"async\" class=\"aligncenter size-large\" src=\"https:\/\/www.diainternacionalde.com\/imagenes\/dias\/septiembre\/09-18_dia-mundial-bambu_m.jpg\" width=\"650\" height=\"430\" \/><\/a><\/p>\n<p>Esta maraviyosa planta supon xuna forma de vida con un altu valor en caltenimientu, del que dependen numberoses especies \u00faniques y curioses.<\/p>\n<p>El bamb\u00fa exerz <span style=\"color: #008080\"><strong>un rol fundamental na producci\u00f3n sostenible d&#8217;alimentos y la protecci\u00f3n de la biodiversid\u00e1, promoviendo d&#8217;esta manera la segurid\u00e1 alimentaria na poblaci\u00f3n.<\/strong><\/span> Contrib\u00fai a la mitigaci\u00f3n del camb\u00e9u clim\u00e1ticu y de los gases por efectu invernaderu, la erradicaci\u00f3n de la fame y la probeza, beneficiando la sal\u00fa de les persones.<\/p>\n<p style=\"text-align: center\"><a href=\"https:\/\/imgs.search.brave.com\/TckC9CvXfvR8AHQ4mxRYk6MtNfSrM3QvDmPzmqJMR24\/rs:fit:860:0:0:0\/g:ce\/aHR0cHM6Ly9tZWRp\/YS5pc3RvY2twaG90\/by5jb20vaWQvMTI1\/Mjk2NjI4OS9lcy9m\/b3RvL2JhbWIlQzMl\/QkEtZ2lnYW50ZS5q\/cGc_cz02MTJ4NjEy\/Jnc9MCZrPTIwJmM9\/b3RrM21qZktVYzRX\/d09FU3VCRlFUc0l6\/VVQzYXltLXVmSmRu\/WEtxY2w3OD0\"><img loading=\"lazy\" decoding=\"async\" class=\"aligncenter size-large\" src=\"https:\/\/imgs.search.brave.com\/TckC9CvXfvR8AHQ4mxRYk6MtNfSrM3QvDmPzmqJMR24\/rs:fit:860:0:0:0\/g:ce\/aHR0cHM6Ly9tZWRp\/YS5pc3RvY2twaG90\/by5jb20vaWQvMTI1\/Mjk2NjI4OS9lcy9m\/b3RvL2JhbWIlQzMl\/QkEtZ2lnYW50ZS5q\/cGc_cz02MTJ4NjEy\/Jnc9MCZrPTIwJmM9\/b3RrM21qZktVYzRX\/d09FU3VCRlFUc0l6\/VVQzYXltLXVmSmRu\/WEtxY2w3OD0\" width=\"612\" height=\"408\" \/><\/a><\/p>\n<p>El bamb\u00fa o bambusiodeae ye una planta milenaria de grandes proporciones, <span style=\"color: #008080\"><strong>orixinaria de China<\/strong><\/span> y perteneciente a la familia de les gram\u00ednees, que&#8217;l so tarmu <span style=\"color: #008080\"><strong>puede midir hasta 25 metros d&#8217;altor.<\/strong><\/span><\/p>\n<p>Por cuenta de la durez del so tarmu ye conocida como \u00abaceru vexetal\u00bb en delles rexones del mundu. Tien m\u00e1s de mil doscientes especies (tropicales a templaes) y alcu\u00e9ntrase en casi tolos continentes, especialmente na India, Suram\u00e9rica y el sur d&#8217;\u00c1frica, salvando n&#8217;Europa y la Ant\u00e1rtida. Rique de muncho mugor y la lluz directo del sol, para la so crecedera y espansi\u00f3n.<\/p>\n<p>Esta planta exerci\u00f3 un papel fundamental nel desenvolvimientu de cultures como l&#8217;asi\u00e1tica, <span style=\"color: #008080\"><strong>siendo empleg\u00e1u nel caltenimientu d&#8217;alimentos, construcci\u00f3n, producci\u00f3n de biomasa, medicina, artesan\u00eda, ellaboraci\u00f3n de biocombustible, papel y preseos musicales, ente otros usos.<\/strong><\/span><\/p>\n<p style=\"text-align: center\"><a href=\"https:\/\/imgs.search.brave.com\/E1c7QrWRQoV-n4vQEIJpiTLVz9fuXU0TiBmzmNNNqIs\/rs:fit:860:0:0:0\/g:ce\/aHR0cHM6Ly9tZWRp\/YS5pc3RvY2twaG90\/by5jb20vaWQvMTU3\/NjExNjM2L2VzL2Zv\/dG8vYmVuZ2FsYS1k\/ZS1iYW1iJUMzJUJB\/LmpwZz9zPTYxMng2\/MTImdz0wJms9MjAm\/Yz01TVlCYWYzbHJj\/LVd1akNWUnh0OVMw\/YUl2UzVTVlVseExx\/WWR2R1dzbTlFPQ\"><img loading=\"lazy\" decoding=\"async\" class=\"aligncenter size-large\" src=\"https:\/\/imgs.search.brave.com\/E1c7QrWRQoV-n4vQEIJpiTLVz9fuXU0TiBmzmNNNqIs\/rs:fit:860:0:0:0\/g:ce\/aHR0cHM6Ly9tZWRp\/YS5pc3RvY2twaG90\/by5jb20vaWQvMTU3\/NjExNjM2L2VzL2Zv\/dG8vYmVuZ2FsYS1k\/ZS1iYW1iJUMzJUJB\/LmpwZz9zPTYxMng2\/MTImdz0wJms9MjAm\/Yz01TVlCYWYzbHJj\/LVd1akNWUnh0OVMw\/YUl2UzVTVlVseExx\/WWR2R1dzbTlFPQ\" width=\"408\" height=\"612\" \/><\/a><\/p>\n<p><em>Ente los principales beneficios y propiedaes pa la sal\u00fa dest\u00e1quense los siguientes:<\/em><\/p>\n<ul>\n<li><em>Tien un altu conten\u00edu en <strong>fibra<\/strong>, que contrib\u00fai a regular el tr\u00e1nsitu intestinal y prevenir l&#8217;estri\u00f1imientu.<\/em><\/li>\n<li><em>Tien un elev\u00e1u conten\u00edu de <strong>potasiu<\/strong>, que favorez el \u00f3ptimo funcionamientu del sistema nerviosu y am\u00e1s regula la presi\u00f3n arterial.<\/em><\/li>\n<li><em>Esta planta foi utilizada pola medicina tradicional asi\u00e1tica, por cuenta de les sos <strong>propiedaes antinflamatorias y analx\u00e9siques.<\/strong><\/em><\/li>\n<li><em>Contien <strong>siliciu<\/strong>, ayudando a caltener los g\u00fcesos sanos.<\/em><\/li>\n<\/ul>\n<p style=\"text-align: center\">\n<!-- iframe plugin v.6.0 wordpress.org\/plugins\/iframe\/ -->\n<iframe loading=\"lazy\" src=\"https:\/\/www.facebook.com\/plugins\/post.php?href=https%3A%2F%2Fwww.facebook.com%2FUniversumMuseo%2Fposts%2Fpfbid0DDKMa2ox8Paq4aJyD13uuDYgetvrM5zkRDLaTkoADNs51TBeKXoxtLNdtqQNG9pKl&#038;show_text=false&#038;width=500\" width=\"500\" height=\"498\" style=\"border:none;overflow:hidden\" scrolling=\"no\" frameborder=\"0\" allowfullscreen=\"true\" allow=\"autoplay; clipboard-write; encrypted-media; picture-in-picture; web-share\" 0=\"\/iframe\" class=\"iframe-class\"><\/iframe>\n<\/p>\n","protected":false},"excerpt":{"rendered":"<p>\u00bfQu\u00e9 tantu conoces sobro esta planta? \ud83c\udf31 D\u00eda de \/ &nbsp; Una xornada designada pola Asamblea Xeneral de Nacional Xun\u00edes para reconocer la importancia d&#8217;esta planta como uno de los recursos agroforestales m\u00e1s importantes distribuy\u00edos pel mundu. Am\u00e1s, de resaltar qu&#8217;esta fierva arb\u00f3rea supon un elementu esencial na dieta de munchos animales.<\/p>\n","protected":false},"author":117,"featured_media":0,"comment_status":"closed","ping_status":"open","sticky":false,"template":"","format":"standard","meta":{"footnotes":""},"categories":[6,1],"tags":[],"class_list":["post-58157","post","type-post","status-publish","format-standard","hentry","category-dia-de","category-sin-categoria"],"_links":{"self":[{"href":"https:\/\/edublog.educastur.es\/ixuxu\/wp-json\/wp\/v2\/posts\/58157","targetHints":{"allow":["GET"]}}],"collection":[{"href":"https:\/\/edublog.educastur.es\/ixuxu\/wp-json\/wp\/v2\/posts"}],"about":[{"href":"https:\/\/edublog.educastur.es\/ixuxu\/wp-json\/wp\/v2\/types\/post"}],"author":[{"embeddable":true,"href":"https:\/\/edublog.educastur.es\/ixuxu\/wp-json\/wp\/v2\/users\/117"}],"replies":[{"embeddable":true,"href":"https:\/\/edublog.educastur.es\/ixuxu\/wp-json\/wp\/v2\/comments?post=58157"}],"version-history":[{"count":5,"href":"https:\/\/edublog.educastur.es\/ixuxu\/wp-json\/wp\/v2\/posts\/58157\/revisions"}],"predecessor-version":[{"id":58393,"href":"https:\/\/edublog.educastur.es\/ixuxu\/wp-json\/wp\/v2\/posts\/58157\/revisions\/58393"}],"wp:attachment":[{"href":"https:\/\/edublog.educastur.es\/ixuxu\/wp-json\/wp\/v2\/media?parent=58157"}],"wp:term":[{"taxonomy":"category","embeddable":true,"href":"https:\/\/edublog.educastur.es\/ixuxu\/wp-json\/wp\/v2\/categories?post=58157"},{"taxonomy":"post_tag","embeddable":true,"href":"https:\/\/edublog.educastur.es\/ixuxu\/wp-json\/wp\/v2\/tags?post=58157"}],"curies":[{"name":"wp","href":"https:\/\/api.w.org\/{rel}","templated":true}]}}