{"id":58164,"date":"2025-09-19T10:18:21","date_gmt":"2025-09-19T08:18:21","guid":{"rendered":"https:\/\/edublog.educastur.es\/ixuxu\/?p=58164"},"modified":"2025-09-19T11:50:38","modified_gmt":"2025-09-19T09:50:38","slug":"rescaten-en-ribesella-los-restos-dun-dinosauriu-sauropodo-de-20-metros","status":"publish","type":"post","link":"https:\/\/edublog.educastur.es\/ixuxu\/2025\/09\/rescaten-en-ribesella-los-restos-dun-dinosauriu-sauropodo-de-20-metros\/","title":{"rendered":"Rescaten en Ribesella los restos d&#8217;un dinosauriu saur\u00f3podo de 20 metros"},"content":{"rendered":"<p style=\"text-align: center\"><a href=\"https:\/\/www.infobae.com\/resizer\/v2\/5IVCHWUBINBJ3I7SCXALT7RQ2Q.jpg?auth=e205f5a17d518d8bad0058f0dae1d78dcdd49d3879a3846ca2bcdb2e18fc5c8d&amp;smart=true&amp;width=992&amp;height=744&amp;quality=85\"><img loading=\"lazy\" decoding=\"async\" class=\"aligncenter size-large\" src=\"https:\/\/www.infobae.com\/resizer\/v2\/5IVCHWUBINBJ3I7SCXALT7RQ2Q.jpg?auth=e205f5a17d518d8bad0058f0dae1d78dcdd49d3879a3846ca2bcdb2e18fc5c8d&amp;smart=true&amp;width=992&amp;height=744&amp;quality=85\" width=\"992\" height=\"744\" \/><\/a><\/p>\n<p>Rescaten en Ribesella los restos d&#8217;un dinosauriu saur\u00f3podo de 20 metros: \u00abLo m\u00e1s importante ye que ye bien grande y asturianu\u00bb. L&#8217;equipu del MUJA estrayi una esc\u00e1pula de grandes dimensiones y prepara el tresll\u00e1u de m\u00e1s f\u00f3siles del exemplar qu&#8217;ent\u00e1 sigue soterr\u00e1u nos cantiles de Vega.<a href=\"https:\/\/www.lne.es\/oriente\/2025\/09\/19\/rescatan-ribadesella-restos-dinosaurio-sauropodo-121621693.html\"> LNE<\/a> \/ <a href=\"https:\/\/www.instagram.com\/p\/DOwQMByiDvp\/\">Videu<\/a> \/<a href=\"https:\/\/www.elcomercio.es\/culturas\/sauropodo-metros-20250918211453-nt.html\"> El Comercio<\/a> \/ <a href=\"https:\/\/actualidad.asturias.es\/-\/el-muja-recupera-los-restos-f%C3%B3siles-de-un-gran-dinosaurio-saur%C3%B3podo-en-los-acantilados-de-ribadesella?redirect=%2Fnoticias\">Actualid\u00e1 Asturies<\/a> \/<\/p>\n<p><!--more--><\/p>\n<p>&nbsp;<\/p>\n<p>L&#8217;equipu cient\u00edficu del Mus\u00e9u del Xur\u00e1sicu d&#8217;Asturies recuper\u00f3 esti xueves\u00a0 <strong>importantes restos f\u00f3siles d&#8217;un gran dinosauriu saur\u00f3podo nos cantiles de la sablera de Vega, en Ribesella<\/strong>. Tratar d&#8217;una intervenci\u00f3n que forma parte de la segunda campa\u00f1a d&#8217;escavaci\u00f3n realizada nesti xacimientu, liderada polos investigadores del MUJA Laura Pi\u00f1uela y Jos\u00e9 Carlos Garc\u00eda-Ramos, en collaboraci\u00f3n con el investigadores Pablo Puerta, del Mus\u00e9u de Trelew (Arxentina), y el paleont\u00f3logu Oliver Rauhut, especialista en dinosaurios.<\/p>\n<p>Los restos pertenecen a un saur\u00f3podo, un animal cuadr\u00fapedu, herb\u00edvoru, de pescuezu y cola llargos, d&#8217;un tama\u00f1u mayor a esperar. Calc\u00falase qu&#8217;esti exemplar podr\u00eda algamar los 20 metros de llargor. \u00abYe un tama\u00f1u bastante importante, muncho m\u00e1s grande del que y\u00e1 ta mont\u00e1u g\u00fcei nel MUJA. Lo m\u00e1s importante de too esto ye eso, qu&#8217;esti ser\u00eda muncho m\u00e1s grande y asturianu\u00bb, destac\u00f3 Pablo Puerta.<\/p>\n<p>Los trabayos nesti xacimientu van siguir el pr\u00f3ximu a\u00f1u. Enval\u00f3rase que van ser necesaries siquier dos o tr\u00e9s campa\u00f1es m\u00e1s para estrayer tolos restos f\u00f3siles d&#8217;<strong>esti dinosauriu saur\u00f3podo, un animal cuadr\u00fapedu, herb\u00edvoru, de pescuezu y cola llargos, que&#8217;l so tama\u00f1u calcular n&#8217;unos 20 metros de llargor, mayor de lo previsto primeramente.<\/strong><\/p>\n<p><strong>Un tama\u00f1u sorprendente.\u00a0<\/strong>Mientres esta xornada, l&#8217;actuaci\u00f3n centr\u00f3se nel tresll\u00e1u d&#8217;un gran bloque contien la esc\u00e1pula del dinosauriu, que&#8217;l so tama\u00f1u sosprendi\u00f3 a el investigadores. Por cuenta de la dificult\u00e1 d&#8217;accesu al xacimientu, el pesu de los bloques y el valor escepcional del material recuper\u00e1u, foi necesariu usar l&#8217;helic\u00f3pteru del Serviciu d&#8217;Emerxencies del Princip\u00e1u (SEPA) para treslladalos dende&#8217;l cantil hasta la sablera riosellana de Vega. Dende ell\u00ed, el Conceyu de Colunga ocupar del so tresporte hasta&#8217;l mus\u00e9u. La Guardia Civil tami\u00e9n collabor\u00f3 nel tresll\u00e1u de ferramientes y materiales al llugar.<\/p>\n<p>Sicas\u00ed, ent\u00e1 queden por estrayer delles pieces que nun pudieron ser treslladaes esti xueves. Tratar de dos grandes \u00abmomies\u00bb o \u00abbochones\u00bb, como dicen n&#8217;Arxentina a les pieces enyesadas, qu&#8217;incl\u00fain v\u00e9rtebres del sacru articulaes y dosales del llombu: \u00abHai que ver c\u00f3mo pueden sacase. El pilotu dic\u00edanos que depende de la temperatura y de la carga de combustible. Vamos a recalcular el pesu de les pieces que queden ell\u00ed y ver si ellos pueden o faelo d&#8217;otra manera\u00bb, esplic\u00f3 Laura Pi\u00f1uela<\/p>\n<p>&nbsp;<\/p>\n","protected":false},"excerpt":{"rendered":"<p>Rescaten en Ribesella los restos d&#8217;un dinosauriu saur\u00f3podo de 20 metros: \u00abLo m\u00e1s importante ye que ye bien grande y asturianu\u00bb. L&#8217;equipu del MUJA estrayi una esc\u00e1pula de grandes dimensiones y prepara el tresll\u00e1u de m\u00e1s f\u00f3siles del exemplar qu&#8217;ent\u00e1 sigue soterr\u00e1u nos cantiles de Vega. LNE \/ Videu \/ El Comercio \/ Actualid\u00e1 Asturies [&hellip;]<\/p>\n","protected":false},"author":117,"featured_media":0,"comment_status":"closed","ping_status":"open","sticky":false,"template":"","format":"standard","meta":{"footnotes":""},"categories":[259],"tags":[],"class_list":["post-58164","post","type-post","status-publish","format-standard","hentry","category-dinosaurios"],"_links":{"self":[{"href":"https:\/\/edublog.educastur.es\/ixuxu\/wp-json\/wp\/v2\/posts\/58164","targetHints":{"allow":["GET"]}}],"collection":[{"href":"https:\/\/edublog.educastur.es\/ixuxu\/wp-json\/wp\/v2\/posts"}],"about":[{"href":"https:\/\/edublog.educastur.es\/ixuxu\/wp-json\/wp\/v2\/types\/post"}],"author":[{"embeddable":true,"href":"https:\/\/edublog.educastur.es\/ixuxu\/wp-json\/wp\/v2\/users\/117"}],"replies":[{"embeddable":true,"href":"https:\/\/edublog.educastur.es\/ixuxu\/wp-json\/wp\/v2\/comments?post=58164"}],"version-history":[{"count":3,"href":"https:\/\/edublog.educastur.es\/ixuxu\/wp-json\/wp\/v2\/posts\/58164\/revisions"}],"predecessor-version":[{"id":58175,"href":"https:\/\/edublog.educastur.es\/ixuxu\/wp-json\/wp\/v2\/posts\/58164\/revisions\/58175"}],"wp:attachment":[{"href":"https:\/\/edublog.educastur.es\/ixuxu\/wp-json\/wp\/v2\/media?parent=58164"}],"wp:term":[{"taxonomy":"category","embeddable":true,"href":"https:\/\/edublog.educastur.es\/ixuxu\/wp-json\/wp\/v2\/categories?post=58164"},{"taxonomy":"post_tag","embeddable":true,"href":"https:\/\/edublog.educastur.es\/ixuxu\/wp-json\/wp\/v2\/tags?post=58164"}],"curies":[{"name":"wp","href":"https:\/\/api.w.org\/{rel}","templated":true}]}}