{"id":58176,"date":"2025-09-21T12:00:33","date_gmt":"2025-09-21T10:00:33","guid":{"rendered":"https:\/\/edublog.educastur.es\/ixuxu\/?p=58176"},"modified":"2025-09-19T12:19:21","modified_gmt":"2025-09-19T10:19:21","slug":"asturies-suma-ya-diez-fiestes-dinteres-turisticu-nacional","status":"publish","type":"post","link":"https:\/\/edublog.educastur.es\/ixuxu\/2025\/09\/asturies-suma-ya-diez-fiestes-dinteres-turisticu-nacional\/","title":{"rendered":"Asturies suma y\u00e1 diez Fiestes d&#8217;Inter\u00e9s Tur\u00edsticu Nacional"},"content":{"rendered":"<ul>\n<li><a href=\"https:\/\/es.wikipedia.org\/wiki\/Anexo:Fiestas_de_inter%C3%A9s_tur%C3%ADstico_de_Asturias\">Wiki<\/a> \/ <a href=\"https:\/\/www.senderismoenasturias.es\/fiturin.htm\">noticia<\/a> \/ <a href=\"https:\/\/turismo.gob.es\/desarrollo-sostenibilidad\/fiestas\/Paginas\/Fiestas-de-Inter%C3%A9s-Tur%C3%ADstico-nacional.aspx\">Gobiernu d&#8217;Espa\u00f1a<\/a> \/<\/li>\n<li><a href=\"https:\/\/www.lne.es\/oviedo\/2025\/09\/17\/desarme-fiesta-interes-turistico-nacional-121657562.html\">El Desarme, la \u00faltima reconocida<\/a> \/<\/li>\n<\/ul>\n<p style=\"text-align: center\"><a href=\"https:\/\/estaticos-cdn.prensaiberica.es\/clip\/2f337982-f625-484b-a135-05ebb8cf7285_16-9-discover-aspect-ratio_default_0.jpg\"><img loading=\"lazy\" decoding=\"async\" class=\"aligncenter size-large\" src=\"https:\/\/estaticos-cdn.prensaiberica.es\/clip\/2f337982-f625-484b-a135-05ebb8cf7285_16-9-discover-aspect-ratio_default_0.jpg\" width=\"1200\" height=\"675\" \/><\/a><\/p>\n<p><span style=\"color: #008080\"><strong>Asturies suma y\u00e1 diez fiestes d&#8217;inter\u00e9s tur\u00edsticu nacional:<\/strong><\/span><\/p>\n<ul>\n<li>D\u00eda d&#8217;Asturies (Xix\u00f3n, agostu). 1980<\/li>\n<li>Descensu Folkl\u00f3rico del Nal\u00f3n (Llaviana, agostu). 2020<\/li>\n<li>Fiesta de la Virxe de la Gu\u00eda (Llanes, 8 de setiembre). 1988<\/li>\n<li>Festival de la Sidra Natural (Nava, xunetu). 1989<\/li>\n<li>Descensu a nadu de la R\u00eda (Navia, agostu). 1989<\/li>\n<li>D\u00eda d&#8217;Am\u00e9rica n&#8217;Asturies (Uvi\u00e9u, 19 de setiembre). 1980<\/li>\n<li>Rally Princesa d&#8217;Asturies (Uvi\u00e9u y otros conceyos, setiembre). 2021<\/li>\n<li>Fiesta del Asturc\u00f3n (Pilo\u00f1a, agostu). 2019<\/li>\n<li>La nuesa Se\u00f1ora del Rosario (Vald\u00e9s, 15 d&#8217;agostu). 1988<\/li>\n<li>El Desarme (Uvi\u00e9u, ochobre). 2025<\/li>\n<\/ul>\n<p><!--more--><\/p>\n<p>La categor\u00eda de <strong>Fiesta d&#8217;Inter\u00e9s Tur\u00edsticu Nacional<\/strong> ye una denominaci\u00f3n honor\u00edfica otorgada a festexos o acontecimientos que se celebren n&#8217;Espa\u00f1a y <u>qu&#8217;ufierten inter\u00e9s real dende&#8217;l puntu de vista tur\u00edsticu<\/u>. \u00a0En 1980 declar\u00e1ronse les primeres.<\/p>\n<p>&nbsp;<\/p>\n<p>Esta categor\u00eda foi creada en 1979 para afaer les nueves competencies de los ministerios na transici\u00f3n. Dende 1965, y hasta 1979, solo esist\u00eda la declaraci\u00f3n de Fiesta d&#8217;Inter\u00e9s Tur\u00edsticu, y cola nueva reforma les denominaciones honor\u00edfiques estremense en tr\u00e9s: Fiestes d&#8217;Inter\u00e9s Tur\u00edsticu Internacional, Fiestes d&#8217;Inter\u00e9s Tur\u00edsticu Nacional y Fiestes d&#8217;Inter\u00e9s Tur\u00edsticu.<\/p>\n<p>&nbsp;<\/p>\n<p>Nel calendariu de fiestes y eventos asturianos hai dalgunos que gocien d&#8217;esta distinci\u00f3n lo que les convierte a la so manera en \u00abm\u00e1s importantes\u00bb, tami\u00e9n en \u00abm\u00e1s allegaes y vistoses\u00bb qu&#8217;otres. Estes fiestes suelen tener que ver col folclore y les tradiciones asturianes o productos m\u00e1s destacaos de la so gastronom\u00eda.<\/p>\n<p>Cola declaraci\u00f3n de la fiesta del Desarme d&#8217;Uvi\u00e9u y\u00e1 son 163 les fiestes populares d&#8217;Espa\u00f1a declaraes como Fiestes d&#8217;Inter\u00e9s Tur\u00edsticu Nacional.<\/p>\n","protected":false},"excerpt":{"rendered":"<p>Wiki \/ noticia \/ Gobiernu d&#8217;Espa\u00f1a \/ El Desarme, la \u00faltima reconocida \/ Asturies suma y\u00e1 diez fiestes d&#8217;inter\u00e9s tur\u00edsticu nacional: D\u00eda d&#8217;Asturies (Xix\u00f3n, agostu). 1980 Descensu Folkl\u00f3rico del Nal\u00f3n (Llaviana, agostu). 2020 Fiesta de la Virxe de la Gu\u00eda (Llanes, 8 de setiembre). 1988 Festival de la Sidra Natural (Nava, xunetu). 1989 Descensu a [&hellip;]<\/p>\n","protected":false},"author":117,"featured_media":0,"comment_status":"closed","ping_status":"open","sticky":false,"template":"","format":"standard","meta":{"footnotes":""},"categories":[478],"tags":[],"class_list":["post-58176","post","type-post","status-publish","format-standard","hentry","category-fiestes-dinteres-turisticu"],"_links":{"self":[{"href":"https:\/\/edublog.educastur.es\/ixuxu\/wp-json\/wp\/v2\/posts\/58176","targetHints":{"allow":["GET"]}}],"collection":[{"href":"https:\/\/edublog.educastur.es\/ixuxu\/wp-json\/wp\/v2\/posts"}],"about":[{"href":"https:\/\/edublog.educastur.es\/ixuxu\/wp-json\/wp\/v2\/types\/post"}],"author":[{"embeddable":true,"href":"https:\/\/edublog.educastur.es\/ixuxu\/wp-json\/wp\/v2\/users\/117"}],"replies":[{"embeddable":true,"href":"https:\/\/edublog.educastur.es\/ixuxu\/wp-json\/wp\/v2\/comments?post=58176"}],"version-history":[{"count":7,"href":"https:\/\/edublog.educastur.es\/ixuxu\/wp-json\/wp\/v2\/posts\/58176\/revisions"}],"predecessor-version":[{"id":58183,"href":"https:\/\/edublog.educastur.es\/ixuxu\/wp-json\/wp\/v2\/posts\/58176\/revisions\/58183"}],"wp:attachment":[{"href":"https:\/\/edublog.educastur.es\/ixuxu\/wp-json\/wp\/v2\/media?parent=58176"}],"wp:term":[{"taxonomy":"category","embeddable":true,"href":"https:\/\/edublog.educastur.es\/ixuxu\/wp-json\/wp\/v2\/categories?post=58176"},{"taxonomy":"post_tag","embeddable":true,"href":"https:\/\/edublog.educastur.es\/ixuxu\/wp-json\/wp\/v2\/tags?post=58176"}],"curies":[{"name":"wp","href":"https:\/\/api.w.org\/{rel}","templated":true}]}}