{"id":58191,"date":"2025-09-21T10:12:13","date_gmt":"2025-09-21T08:12:13","guid":{"rendered":"https:\/\/edublog.educastur.es\/ixuxu\/?p=58191"},"modified":"2025-09-21T10:12:42","modified_gmt":"2025-09-21T08:12:42","slug":"mas-de-30-000-usuarios-mas-del-doble-que-lanu-pasau-pasaron-esti-branu-pel-paco","status":"publish","type":"post","link":"https:\/\/edublog.educastur.es\/ixuxu\/2025\/09\/mas-de-30-000-usuarios-mas-del-doble-que-lanu-pasau-pasaron-esti-branu-pel-paco\/","title":{"rendered":"M\u00e1s de 30.000 usuarios, m\u00e1s del doble que l&#8217;a\u00f1u pas\u00e1u, pasaron esti branu pel PACO"},"content":{"rendered":"<p style=\"text-align: center\"><a href=\"https:\/\/www.rtpa.es\/fotos\/\/25\/09\/20250920141918_RTPA7131273.webp\"><img loading=\"lazy\" decoding=\"async\" class=\"aligncenter size-large\" src=\"https:\/\/www.rtpa.es\/fotos\/\/25\/09\/20250920141918_RTPA7131273.webp\" width=\"853\" height=\"480\" \/><\/a><\/p>\n<p><a href=\"https:\/\/www.rtpa.es\/noticias-asturias-ast\/2025-09-20\/Mas-de-30.000-usuarios,-mas-del-doble-que-l'a\u00f1u-pasau,-pasaron-esti-branu-pel-PACO_111758371884.html\">RTPA<\/a> \/<\/p>\n<p>El parque Acu\u00e1ticu de Corvera, el PACO, fai balance dempu\u00e9s del so segundu a\u00f1u d&#8217;apertura. Rexistr\u00f3 30.428 usuarios nos 89 d\u00edes que tuvo abiertu esti branu. Esto xener\u00f3 una recaldaci\u00f3n de cerca de 139.000 euros, que cubrieron los gastos, cifraos en 136.000 euros.<\/p>\n<p>Cifres que doblen les del a\u00f1u pas\u00e1u, anque tami\u00e9n tuvo m\u00e1s d\u00edes abiertu y cunt\u00f3 con mayor aforu. Dende\u2019l 11 de xunu, qu\u2019abri\u00f3 les sos puertes, y hasta\u2019l 7 de setiembre qu\u2019acab\u00f3 la temporada, la media diaria d\u2019usuarios algam\u00f3\u2019l 53%, con cerca de 350 entraes vend\u00edes al d\u00eda.<\/p>\n","protected":false},"excerpt":{"rendered":"<p>RTPA \/ El parque Acu\u00e1ticu de Corvera, el PACO, fai balance dempu\u00e9s del so segundu a\u00f1u d&#8217;apertura. Rexistr\u00f3 30.428 usuarios nos 89 d\u00edes que tuvo abiertu esti branu. Esto xener\u00f3 una recaldaci\u00f3n de cerca de 139.000 euros, que cubrieron los gastos, cifraos en 136.000 euros. Cifres que doblen les del a\u00f1u pas\u00e1u, anque tami\u00e9n tuvo [&hellip;]<\/p>\n","protected":false},"author":117,"featured_media":0,"comment_status":"closed","ping_status":"open","sticky":false,"template":"","format":"standard","meta":{"footnotes":""},"categories":[1],"tags":[],"class_list":["post-58191","post","type-post","status-publish","format-standard","hentry","category-sin-categoria"],"_links":{"self":[{"href":"https:\/\/edublog.educastur.es\/ixuxu\/wp-json\/wp\/v2\/posts\/58191","targetHints":{"allow":["GET"]}}],"collection":[{"href":"https:\/\/edublog.educastur.es\/ixuxu\/wp-json\/wp\/v2\/posts"}],"about":[{"href":"https:\/\/edublog.educastur.es\/ixuxu\/wp-json\/wp\/v2\/types\/post"}],"author":[{"embeddable":true,"href":"https:\/\/edublog.educastur.es\/ixuxu\/wp-json\/wp\/v2\/users\/117"}],"replies":[{"embeddable":true,"href":"https:\/\/edublog.educastur.es\/ixuxu\/wp-json\/wp\/v2\/comments?post=58191"}],"version-history":[{"count":1,"href":"https:\/\/edublog.educastur.es\/ixuxu\/wp-json\/wp\/v2\/posts\/58191\/revisions"}],"predecessor-version":[{"id":58192,"href":"https:\/\/edublog.educastur.es\/ixuxu\/wp-json\/wp\/v2\/posts\/58191\/revisions\/58192"}],"wp:attachment":[{"href":"https:\/\/edublog.educastur.es\/ixuxu\/wp-json\/wp\/v2\/media?parent=58191"}],"wp:term":[{"taxonomy":"category","embeddable":true,"href":"https:\/\/edublog.educastur.es\/ixuxu\/wp-json\/wp\/v2\/categories?post=58191"},{"taxonomy":"post_tag","embeddable":true,"href":"https:\/\/edublog.educastur.es\/ixuxu\/wp-json\/wp\/v2\/tags?post=58191"}],"curies":[{"name":"wp","href":"https:\/\/api.w.org\/{rel}","templated":true}]}}