{"id":58193,"date":"2025-09-21T10:14:37","date_gmt":"2025-09-21T08:14:37","guid":{"rendered":"https:\/\/edublog.educastur.es\/ixuxu\/?p=58193"},"modified":"2025-09-21T10:15:22","modified_gmt":"2025-09-21T08:15:22","slug":"la-planta-de-llinguaos-del-musel-ya-produz-a-un-terciu-de-la-so-capacida","status":"publish","type":"post","link":"https:\/\/edublog.educastur.es\/ixuxu\/2025\/09\/la-planta-de-llinguaos-del-musel-ya-produz-a-un-terciu-de-la-so-capacida\/","title":{"rendered":"La planta de llinguaos d&#8217;El Musel y\u00e1 produz a un terciu de la so capacid\u00e1"},"content":{"rendered":"<div class=\"padding-t-35\">\n<ul>\n<li class=\"font-size-xxl margin-b-5 font-weight-b color-b-050 letter-spacing--1 fuente-corporativa\"><a href=\"https:\/\/www.rtpa.es\/noticias-asturias-ast\/2025-09-20\/La-planta-de-llinguaos-d'El-Musel-ya-produz-a-un-terciu-de-la-so-capacida_111758371063.html\">La planta de llinguaos d&#8217;El Musel y\u00e1 produz a un terciu de la so capacid\u00e1<\/a><\/li>\n<\/ul>\n<\/div>\n<div class=\"padding-t-0 padding-b-20\"><\/div>\n<div id=\"multimedia\" class=\"capa_imagen_player img-det-not\">\n<div id=\"mediaplayer\">\n<div id=\"video-a-reproducir6833191413\" class=\"video-js vjs-default-skin vjs-16-9 vjs-big-play-centered vjs-paused vjs-fluid video-a-reproducir6833191413-dimensions vjs-controls-enabled vjs-workinghover vjs-v8 vjs-user-active vjs-layout-medium vjs-hls-quality-selector\" lang=\"es\" role=\"region\" aria-label=\"Reproductor de Video\">\n<div class=\"vjs-poster\"><img decoding=\"async\" class=\"aligncenter\" src=\"https:\/\/www.rtpa.es\/fotos\/\/25\/09\/20250920164601_RTPA7131181.webp\" alt=\"\" \/><\/div>\n<div class=\"vjs-text-track-display\" aria-live=\"off\">\n<div><\/div>\n<\/div>\n<\/div>\n<\/div>\n<\/div>\n<div id=\"noticiacompleta\" class=\"parragraph-padding font-c-conent\">\n<p>El pr\u00f3ximu xueves ta prevista la inauguraci\u00f3n de les instalaciones de Sea Eight. <em>El pr\u00f3ximu xueves ta previsto que s&#8217;inaugure oficialmente la planta d&#8217;engorde de llinguaos de la compa\u00f1\u00eda Sea Eight n\u2019El Musel. Unes instalaciones onde s&#8217;aplica tecnolox\u00eda piquera n\u2019acuicultura sostenible. Lleva seis meses funcionando, emplega a 20 persones y el so oxetivu ye siguir creciendo p&#8217;allugar el ciclu completu de cr\u00eda na factor\u00eda xixonesa.<\/em><\/p>\n<p><!--more--><\/p>\n<p>Los tanques d&#8217;engorde t\u00e1n a un terciu de la so capacid\u00e1, pero en marzu de 2026, cuando se cumpla un a\u00f1u de funcionamientu, prev\u00e9n algamar les 450 tonelaes de llingu\u00e1u. El plan de Sea Eight, dirixida pol asturianu Jaime Le\u00f3n, ye llevantar n&#8217;El Musel una megaplanta de producci\u00f3n integral: dende la reproducci\u00f3n de los g\u00fcevos hasta l\u2019envas\u00e1u, como se fai nes otres tres factor\u00edes del grupu allugaes en Portugal y Galicia. Un tipu d\u2019acuicultura que se desenvuelve en tierra.<\/p>\n<p>Un sistema automatiz\u00e1u al que t\u00e1n incorporando intelixencia artificial y investigaci\u00f3n en meyora xen\u00e9tica.<\/p>\n<p><strong>Sea Eight ye unu de los tres productores mundiales de llingu\u00e1u.<\/strong> La mayor\u00eda de les sos ventes son n&#8217;Europa, merc\u00e1u que quieren liderar. El 10% de los llinguaos envasaos de Mercadona vienen d\u2019estes piscifactor\u00edes.<\/p>\n<p>Pel momentu invirti\u00e9ronse 13 millones d&#8217;euros, 3,6 procedentes de fondos europeos.<\/p>\n<p style=\"text-align: center\"><a href=\"https:\/\/upload.wikimedia.org\/wikipedia\/commons\/a\/af\/Sosol_u0.gif\"><img loading=\"lazy\" decoding=\"async\" class=\"aligncenter size-large\" src=\"https:\/\/upload.wikimedia.org\/wikipedia\/commons\/a\/af\/Sosol_u0.gif\" width=\"633\" height=\"324\" \/><\/a><\/p>\n<p>Llingu\u00e1u: <a href=\"https:\/\/es.wikipedia.org\/wiki\/Solea_solea\">wiki<\/a> \/<\/p>\n<p style=\"text-align: center\"><a href=\"https:\/\/upload.wikimedia.org\/wikipedia\/commons\/thumb\/c\/cd\/Solea_solea_1.jpg\/1280px-Solea_solea_1.jpg\"><img loading=\"lazy\" decoding=\"async\" class=\"aligncenter size-large\" src=\"https:\/\/upload.wikimedia.org\/wikipedia\/commons\/thumb\/c\/cd\/Solea_solea_1.jpg\/1280px-Solea_solea_1.jpg\" width=\"1280\" height=\"960\" \/><\/a><\/p>\n<\/div>\n<p>&nbsp;<\/p>\n","protected":false},"excerpt":{"rendered":"<p>La planta de llinguaos d&#8217;El Musel y\u00e1 produz a un terciu de la so capacid\u00e1 El pr\u00f3ximu xueves ta prevista la inauguraci\u00f3n de les instalaciones de Sea Eight. El pr\u00f3ximu xueves ta previsto que s&#8217;inaugure oficialmente la planta d&#8217;engorde de llinguaos de la compa\u00f1\u00eda Sea Eight n\u2019El Musel. Unes instalaciones onde s&#8217;aplica tecnolox\u00eda piquera n\u2019acuicultura [&hellip;]<\/p>\n","protected":false},"author":117,"featured_media":0,"comment_status":"closed","ping_status":"open","sticky":false,"template":"","format":"standard","meta":{"footnotes":""},"categories":[339],"tags":[],"class_list":["post-58193","post","type-post","status-publish","format-standard","hentry","category-pesca"],"_links":{"self":[{"href":"https:\/\/edublog.educastur.es\/ixuxu\/wp-json\/wp\/v2\/posts\/58193","targetHints":{"allow":["GET"]}}],"collection":[{"href":"https:\/\/edublog.educastur.es\/ixuxu\/wp-json\/wp\/v2\/posts"}],"about":[{"href":"https:\/\/edublog.educastur.es\/ixuxu\/wp-json\/wp\/v2\/types\/post"}],"author":[{"embeddable":true,"href":"https:\/\/edublog.educastur.es\/ixuxu\/wp-json\/wp\/v2\/users\/117"}],"replies":[{"embeddable":true,"href":"https:\/\/edublog.educastur.es\/ixuxu\/wp-json\/wp\/v2\/comments?post=58193"}],"version-history":[{"count":3,"href":"https:\/\/edublog.educastur.es\/ixuxu\/wp-json\/wp\/v2\/posts\/58193\/revisions"}],"predecessor-version":[{"id":58196,"href":"https:\/\/edublog.educastur.es\/ixuxu\/wp-json\/wp\/v2\/posts\/58193\/revisions\/58196"}],"wp:attachment":[{"href":"https:\/\/edublog.educastur.es\/ixuxu\/wp-json\/wp\/v2\/media?parent=58193"}],"wp:term":[{"taxonomy":"category","embeddable":true,"href":"https:\/\/edublog.educastur.es\/ixuxu\/wp-json\/wp\/v2\/categories?post=58193"},{"taxonomy":"post_tag","embeddable":true,"href":"https:\/\/edublog.educastur.es\/ixuxu\/wp-json\/wp\/v2\/tags?post=58193"}],"curies":[{"name":"wp","href":"https:\/\/api.w.org\/{rel}","templated":true}]}}