{"id":58220,"date":"2025-09-21T08:45:15","date_gmt":"2025-09-21T06:45:15","guid":{"rendered":"https:\/\/edublog.educastur.es\/ixuxu\/?p=58220"},"modified":"2025-09-21T10:41:58","modified_gmt":"2025-09-21T08:41:58","slug":"58220","status":"publish","type":"post","link":"https:\/\/edublog.educastur.es\/ixuxu\/2025\/09\/58220\/","title":{"rendered":"Esbarrumbe del mercurio n&#8217;Espa\u00f1a"},"content":{"rendered":"<ul>\n<li><a href=\"https:\/\/www.tiempo.com\/noticias\/prediccion\/meteored-confirma-donde-van-a-bajar-mas-las-temperaturas-manana-batacazo-de-hasta-10-c.html\">El tiempu<\/a> \/<\/li>\n<\/ul>\n<p style=\"text-align: center\"><a href=\"https:\/\/services.meteored.com\/img\/article\/meteored-confirma-donde-van-a-bajar-mas-las-temperaturas-manana-batacazo-de-hasta-10-c-1758353174714_1024.png\"><img loading=\"lazy\" decoding=\"async\" class=\"aligncenter size-large\" src=\"https:\/\/services.meteored.com\/img\/article\/meteored-confirma-donde-van-a-bajar-mas-las-temperaturas-manana-batacazo-de-hasta-10-c-1758353174714_1024.png\" width=\"1024\" height=\"731\" \/><\/a><\/p>\n<p>Nel Princip\u00e1u d&#8217;Asturies van baxar a los 17 \u00baC y 18 \u00baC el domingu.<\/p>\n<p><!--more--><\/p>\n<p>L&#8217;equinocciu de seronda ta picando y, cola so llegada inminente, les condiciones atmosf\u00e9riques empiecen a ser notablemente m\u00e1s serondiegues.<\/p>\n<p>Esta \u00faltima selmana algam\u00e1ronse temperatures propies del mes d&#8217;agostu, daqu\u00e9 an\u00f3malu a estes altures de setiembre. Tres d\u00edes col remexu polar bien reforz\u00e1u y rectilliniu nel Atl\u00e1nticu Norte, daqu\u00e9 que retuvo a les umbaes circulando por llatit\u00faes bien altes, ayeri esti y\u00e1 empez\u00f3 a amosar les ondulaciones que van producir <strong>un camb\u00e9u radical d&#8217;escenariu meteorol\u00f3xicu na nuesa xeograf\u00eda.<\/strong><\/p>\n<p>Mientres esta fin de selmana, <strong>una masa d&#8217;aire polar acomu\u00f1ada a una fonda vaguada va ser la responsable del esbarrumbe del mercuriu de forma xeneralizada n&#8217;Espa\u00f1a.<\/strong> Ma\u00f1ana va haber una llombada&#8217; d&#8217;hasta 10 \u00baC.<\/p>\n<p><a href=\"https:\/\/services.meteored.com\/img\/article\/meteored-confirma-donde-van-a-bajar-mas-las-temperaturas-manana-batacazo-de-hasta-10-c-1758348374676_1024.png\"><img loading=\"lazy\" decoding=\"async\" class=\"aligncenter size-large\" src=\"https:\/\/services.meteored.com\/img\/article\/meteored-confirma-donde-van-a-bajar-mas-las-temperaturas-manana-batacazo-de-hasta-10-c-1758348374676_1024.png\" width=\"1024\" height=\"720\" \/><\/a><\/p>\n","protected":false},"excerpt":{"rendered":"<p>El tiempu \/ Nel Princip\u00e1u d&#8217;Asturies van baxar a los 17 \u00baC y 18 \u00baC el domingu.<\/p>\n","protected":false},"author":117,"featured_media":0,"comment_status":"closed","ping_status":"open","sticky":false,"template":"","format":"standard","meta":{"footnotes":""},"categories":[5],"tags":[],"class_list":["post-58220","post","type-post","status-publish","format-standard","hentry","category-tiempu"],"_links":{"self":[{"href":"https:\/\/edublog.educastur.es\/ixuxu\/wp-json\/wp\/v2\/posts\/58220","targetHints":{"allow":["GET"]}}],"collection":[{"href":"https:\/\/edublog.educastur.es\/ixuxu\/wp-json\/wp\/v2\/posts"}],"about":[{"href":"https:\/\/edublog.educastur.es\/ixuxu\/wp-json\/wp\/v2\/types\/post"}],"author":[{"embeddable":true,"href":"https:\/\/edublog.educastur.es\/ixuxu\/wp-json\/wp\/v2\/users\/117"}],"replies":[{"embeddable":true,"href":"https:\/\/edublog.educastur.es\/ixuxu\/wp-json\/wp\/v2\/comments?post=58220"}],"version-history":[{"count":5,"href":"https:\/\/edublog.educastur.es\/ixuxu\/wp-json\/wp\/v2\/posts\/58220\/revisions"}],"predecessor-version":[{"id":58225,"href":"https:\/\/edublog.educastur.es\/ixuxu\/wp-json\/wp\/v2\/posts\/58220\/revisions\/58225"}],"wp:attachment":[{"href":"https:\/\/edublog.educastur.es\/ixuxu\/wp-json\/wp\/v2\/media?parent=58220"}],"wp:term":[{"taxonomy":"category","embeddable":true,"href":"https:\/\/edublog.educastur.es\/ixuxu\/wp-json\/wp\/v2\/categories?post=58220"},{"taxonomy":"post_tag","embeddable":true,"href":"https:\/\/edublog.educastur.es\/ixuxu\/wp-json\/wp\/v2\/tags?post=58220"}],"curies":[{"name":"wp","href":"https:\/\/api.w.org\/{rel}","templated":true}]}}